{"id":42640,"date":"2015-06-09T07:12:10","date_gmt":"2015-06-09T05:12:10","guid":{"rendered":"http:\/\/www.manquepierda.com\/historiarealbetis\/?p=42640"},"modified":"2021-09-07T14:00:57","modified_gmt":"2021-09-07T12:00:57","slug":"sebastian-cruzado-chano","status":"publish","type":"post","link":"https:\/\/www.manquepierda.com\/historiarealbetis\/sebastian-cruzado-chano\/","title":{"rendered":"Sebasti\u00e1n Cruzado \u00abChano\u00bb"},"content":{"rendered":"<p><a href=\"https:\/\/www.manquepierda.com\/historiarealbetis\/42640-sebastian-cruzado-chano\/chano-2\/\" rel=\"attachment wp-att-42641\"><img data-recalc-dims=\"1\" loading=\"lazy\" decoding=\"async\" class=\"aligncenter size-full wp-image-42641\" src=\"https:\/\/i0.wp.com\/www.manquepierda.com\/historiarealbetis\/files\/2015\/06\/Chano.jpg?resize=208%2C382&#038;ssl=1\" alt=\"Chano\" width=\"208\" height=\"382\" srcset=\"https:\/\/i0.wp.com\/www.manquepierda.com\/historiarealbetis\/files\/2015\/06\/Chano.jpg?w=208&amp;ssl=1 208w, https:\/\/i0.wp.com\/www.manquepierda.com\/historiarealbetis\/files\/2015\/06\/Chano.jpg?resize=120%2C220&amp;ssl=1 120w\" sizes=\"auto, (max-width: 208px) 100vw, 208px\" \/><\/a><\/p>\n<p><strong>Sebasti\u00e1n Cruzado Fern\u00e1ndez \u00abChano\u00bb<\/strong>. Nacido en Huelva el 28 de febrero de 1965.<\/p>\n<p>Centrocampista<\/p>\n<p>Jugaba en Tercera Divisi\u00f3n con el Betis Deportivo cuando el 9 de septiembre de 1984 debut\u00f3 en el primer equipo b\u00e9tico que, a consecuencia de la huelga del f\u00fatbol profesional, aline\u00f3 en La Condomina frente al Real Murcia un equipo compuesto por jugadores del equipo filial.<\/p>\n<p>Es en la temporada 1986-87, de la mano de Luis Del Sol, cuando ya se integra plenamente en el primer equipo verdiblanco. Durante 5 temporadas Chano ser\u00e1 uno de los puntales del equipo, jugando en ellas siempre un alto n\u00famero de partidos y siendo uno de los referentes de la plantilla b\u00e9tica.<\/p>\n<p>La mala situaci\u00f3n econ\u00f3mica que atravesaba el Betis a comienzos de los 90, y su buena cotizaci\u00f3n en el mercado nacional, fueron los condicionantes que posibilitaron su traspaso al CD Tenerife, donde permaneci\u00f3 por espacio de 8 temporadas, retir\u00e1ndose de la pr\u00e1ctica deportiva despu\u00e9s de jugar 2 a\u00f1os m\u00e1s en el Benfica lisboeta.<\/p>\n<p>Historial<\/p>\n<table width=\"272\">\n<tbody>\n<tr>\n<td width=\"80\">1983-84<\/td>\n<td width=\"94\">Betis Deportivo<\/td>\n<td width=\"98\">Tercera<\/td>\n<\/tr>\n<tr>\n<td>1984-85<\/td>\n<td>Betis Deportivo<\/td>\n<td>Tercera<\/td>\n<\/tr>\n<tr>\n<td>1984-85<\/td>\n<td>Betis<\/td>\n<td>Primera<\/td>\n<\/tr>\n<tr>\n<td width=\"80\">1985-86<\/td>\n<td>Betis Deportivo<\/td>\n<td>Segunda B<\/td>\n<\/tr>\n<tr>\n<td>1986-87<\/td>\n<td>Betis<\/td>\n<td>Primera<\/td>\n<\/tr>\n<tr>\n<td>1987-88<\/td>\n<td>Betis<\/td>\n<td>Primera<\/td>\n<\/tr>\n<tr>\n<td>1988-89<\/td>\n<td>Betis<\/td>\n<td>Primera<\/td>\n<\/tr>\n<tr>\n<td>1989-90<\/td>\n<td>Betis<\/td>\n<td>Segunda<\/td>\n<\/tr>\n<tr>\n<td>1990-91<\/td>\n<td>Betis<\/td>\n<td>Primera<\/td>\n<\/tr>\n<tr>\n<td>1991-92<\/td>\n<td>Tenerife<\/td>\n<td>Primera<\/td>\n<\/tr>\n<tr>\n<td>1992-93<\/td>\n<td>Tenerife<\/td>\n<td>Primera<\/td>\n<\/tr>\n<tr>\n<td>1993-94<\/td>\n<td>Tenerife<\/td>\n<td>Primera<\/td>\n<\/tr>\n<tr>\n<td>1994-95<\/td>\n<td>Tenerife<\/td>\n<td>Primera<\/td>\n<\/tr>\n<tr>\n<td>1995-96<\/td>\n<td>Tenerife<\/td>\n<td>Primera<\/td>\n<\/tr>\n<tr>\n<td>1996-97<\/td>\n<td>Tenerife<\/td>\n<td>Primera<\/td>\n<\/tr>\n<tr>\n<td>1997-98<\/td>\n<td>Tenerife<\/td>\n<td>Primera<\/td>\n<\/tr>\n<tr>\n<td>1998-99<\/td>\n<td>Tenerife<\/td>\n<td>Primera<\/td>\n<\/tr>\n<tr>\n<td>1999-00<\/td>\n<td>Benfica<\/td>\n<td>Primera<\/td>\n<\/tr>\n<tr>\n<td>2000-01<\/td>\n<td>Benfica<\/td>\n<td>Primera<\/td>\n<\/tr>\n<\/tbody>\n<\/table>\n<p>En sus 6 temporadas en el Betis Chano jug\u00f3 176 partidos de Liga marcando 18 goles, 23 de Copa, en los que obtuvo 2 goles, y 56 amistosos en los que hizo 15 tantos.<\/p>\n","protected":false},"excerpt":{"rendered":"<p>Sebasti\u00e1n Cruzado Fern\u00e1ndez \u00abChano\u00bb. Nacido en Huelva el 28 de febrero de 1965. Centrocampista Jugaba en Tercera Divisi\u00f3n con el Betis Deportivo cuando el 9 de septiembre de 1984 debut\u00f3 en el primer equipo b\u00e9tico que, a consecuencia de la huelga del f\u00fatbol profesional, aline\u00f3 en La Condomina frente al Real Murcia un equipo compuesto&#8230;<\/p>\n","protected":false},"author":5,"featured_media":42641,"comment_status":"open","ping_status":"open","sticky":false,"template":"","format":"standard","meta":{"_kad_post_transparent":"","_kad_post_title":"","_kad_post_layout":"","_kad_post_sidebar_id":"","_kad_post_content_style":"","_kad_post_vertical_padding":"","_kad_post_feature":"","_kad_post_feature_position":"","_kad_post_header":false,"_kad_post_footer":false,"_kad_post_classname":"","_jetpack_memberships_contains_paid_content":false,"footnotes":"","jetpack_publicize_message":"","jetpack_publicize_feature_enabled":true,"jetpack_social_post_already_shared":true,"jetpack_social_options":{"image_generator_settings":{"template":"highway","default_image_id":0,"font":"","enabled":false},"version":2}},"categories":[893,1],"tags":[1475],"class_list":["post-42640","post","type-post","status-publish","format-standard","has-post-thumbnail","hentry","category-jugadores-temas","category-portada","tag-sebastian-cruzado-chano"],"jetpack_publicize_connections":[],"jetpack_featured_media_url":"https:\/\/i0.wp.com\/www.manquepierda.com\/historiarealbetis\/files\/2015\/06\/Chano.jpg?fit=208%2C382&ssl=1","jetpack_sharing_enabled":true,"jetpack_shortlink":"https:\/\/wp.me\/p1ij08-b5K","jetpack-related-posts":[],"_links":{"self":[{"href":"https:\/\/www.manquepierda.com\/historiarealbetis\/wp-json\/wp\/v2\/posts\/42640","targetHints":{"allow":["GET"]}}],"collection":[{"href":"https:\/\/www.manquepierda.com\/historiarealbetis\/wp-json\/wp\/v2\/posts"}],"about":[{"href":"https:\/\/www.manquepierda.com\/historiarealbetis\/wp-json\/wp\/v2\/types\/post"}],"author":[{"embeddable":true,"href":"https:\/\/www.manquepierda.com\/historiarealbetis\/wp-json\/wp\/v2\/users\/5"}],"replies":[{"embeddable":true,"href":"https:\/\/www.manquepierda.com\/historiarealbetis\/wp-json\/wp\/v2\/comments?post=42640"}],"version-history":[{"count":0,"href":"https:\/\/www.manquepierda.com\/historiarealbetis\/wp-json\/wp\/v2\/posts\/42640\/revisions"}],"wp:featuredmedia":[{"embeddable":true,"href":"https:\/\/www.manquepierda.com\/historiarealbetis\/wp-json\/wp\/v2\/media\/42641"}],"wp:attachment":[{"href":"https:\/\/www.manquepierda.com\/historiarealbetis\/wp-json\/wp\/v2\/media?parent=42640"}],"wp:term":[{"taxonomy":"category","embeddable":true,"href":"https:\/\/www.manquepierda.com\/historiarealbetis\/wp-json\/wp\/v2\/categories?post=42640"},{"taxonomy":"post_tag","embeddable":true,"href":"https:\/\/www.manquepierda.com\/historiarealbetis\/wp-json\/wp\/v2\/tags?post=42640"}],"curies":[{"name":"wp","href":"https:\/\/api.w.org\/{rel}","templated":true}]}}