{"id":42788,"date":"2015-06-23T07:19:42","date_gmt":"2015-06-23T05:19:42","guid":{"rendered":"http:\/\/www.manquepierda.com\/historiarealbetis\/?p=42788"},"modified":"2017-05-11T18:58:58","modified_gmt":"2017-05-11T16:58:58","slug":"30-anos-del-himno-de-los-cantores-de-hispalis","status":"publish","type":"post","link":"https:\/\/www.manquepierda.com\/historiarealbetis\/30-anos-del-himno-de-los-cantores-de-hispalis\/","title":{"rendered":"30 a\u00f1os del himno de los Cantores de H\u00edspalis"},"content":{"rendered":"<p><a href=\"https:\/\/www.manquepierda.com\/historiarealbetis\/42788-30-anos-del-himno-de-los-cantores-de-hispalis\/pascual-gonzalez-749x1024\/\" rel=\"attachment wp-att-42801\"><img data-recalc-dims=\"1\" loading=\"lazy\" decoding=\"async\" class=\"alignleft wp-image-42801\" src=\"https:\/\/i0.wp.com\/www.manquepierda.com\/historiarealbetis\/files\/2015\/06\/Pascual-Gonz%C3%A1lez-749x1024.jpg?resize=267%2C365&#038;ssl=1\" alt=\"Pascual-Gonz\u00e1lez-749x1024\" width=\"267\" height=\"365\" srcset=\"https:\/\/i0.wp.com\/www.manquepierda.com\/historiarealbetis\/files\/2015\/06\/Pascual-Gonz%C3%A1lez-749x1024.jpg?resize=439%2C600&amp;ssl=1 439w, https:\/\/i0.wp.com\/www.manquepierda.com\/historiarealbetis\/files\/2015\/06\/Pascual-Gonz%C3%A1lez-749x1024.jpg?resize=161%2C220&amp;ssl=1 161w, https:\/\/i0.wp.com\/www.manquepierda.com\/historiarealbetis\/files\/2015\/06\/Pascual-Gonz%C3%A1lez-749x1024.jpg?resize=512%2C700&amp;ssl=1 512w, https:\/\/i0.wp.com\/www.manquepierda.com\/historiarealbetis\/files\/2015\/06\/Pascual-Gonz%C3%A1lez-749x1024.jpg?resize=749%2C1024&amp;ssl=1 749w\" sizes=\"auto, (max-width: 267px) 100vw, 267px\" \/><\/a>Un d\u00eda como hoy de hace 30 a\u00f1os se estren\u00f3 de forma oficial en el Benito Villamar\u00edn el himno del Betis compuesto e interpretado por los Cantores de H\u00edspalis.<\/p>\n<p>Lo hizo con ocasi\u00f3n de un partido tremendamente importante: la vuelta de la semifinal de Copa frente al Athletic Club jugada el 23 de junio de 1985, y en la que hab\u00eda que levantar un 2-0 en contra obtenido en San Mam\u00e9s cuatro d\u00edas antes.<\/p>\n<p>Un partido en el que el Betis se impuso 1-0 con gol de Jos\u00e9 Carlos Su\u00e1rez, pero que fue insuficiente para igualar la eliminatoria. El Atlhetic pas\u00f3 a la final, en la que caer\u00eda frente al Atl\u00e9tico de Madrid.<\/p>\n<p>Pero de aquel partido nos qued\u00f3 el bello himno de los Cantores, puro sonido de los 80 en el Villamar\u00edn.<\/p>\n","protected":false},"excerpt":{"rendered":"<p>Un d\u00eda como hoy de hace 30 a\u00f1os se estren\u00f3 de forma oficial en el Benito Villamar\u00edn el himno del Betis compuesto e interpretado por los Cantores de H\u00edspalis. Lo hizo con ocasi\u00f3n de un partido tremendamente importante: la vuelta de la semifinal de Copa frente al Athletic Club jugada el 23 de junio de&#8230;<\/p>\n","protected":false},"author":5,"featured_media":42801,"comment_status":"open","ping_status":"open","sticky":false,"template":"","format":"standard","meta":{"_kad_post_transparent":"","_kad_post_title":"","_kad_post_layout":"","_kad_post_sidebar_id":"","_kad_post_content_style":"","_kad_post_vertical_padding":"","_kad_post_feature":"","_kad_post_feature_position":"","_kad_post_header":false,"_kad_post_footer":false,"_kad_post_classname":"","_jetpack_memberships_contains_paid_content":false,"footnotes":"","jetpack_publicize_message":"","jetpack_publicize_feature_enabled":true,"jetpack_social_post_already_shared":true,"jetpack_social_options":{"image_generator_settings":{"template":"highway","default_image_id":0,"font":"","enabled":false},"version":2}},"categories":[904,1],"tags":[2251,1539,2252],"class_list":["post-42788","post","type-post","status-publish","format-standard","has-post-thumbnail","hentry","category-1980-1989","category-portada","tag-1984-85","tag-1539","tag-cantores-de-hispalis"],"jetpack_publicize_connections":[],"jetpack_featured_media_url":"https:\/\/i0.wp.com\/www.manquepierda.com\/historiarealbetis\/files\/2015\/06\/Pascual-Gonz%C3%A1lez-749x1024.jpg?fit=749%2C1024&ssl=1","jetpack_sharing_enabled":true,"jetpack_shortlink":"https:\/\/wp.me\/p1ij08-b88","jetpack-related-posts":[],"_links":{"self":[{"href":"https:\/\/www.manquepierda.com\/historiarealbetis\/wp-json\/wp\/v2\/posts\/42788","targetHints":{"allow":["GET"]}}],"collection":[{"href":"https:\/\/www.manquepierda.com\/historiarealbetis\/wp-json\/wp\/v2\/posts"}],"about":[{"href":"https:\/\/www.manquepierda.com\/historiarealbetis\/wp-json\/wp\/v2\/types\/post"}],"author":[{"embeddable":true,"href":"https:\/\/www.manquepierda.com\/historiarealbetis\/wp-json\/wp\/v2\/users\/5"}],"replies":[{"embeddable":true,"href":"https:\/\/www.manquepierda.com\/historiarealbetis\/wp-json\/wp\/v2\/comments?post=42788"}],"version-history":[{"count":0,"href":"https:\/\/www.manquepierda.com\/historiarealbetis\/wp-json\/wp\/v2\/posts\/42788\/revisions"}],"wp:featuredmedia":[{"embeddable":true,"href":"https:\/\/www.manquepierda.com\/historiarealbetis\/wp-json\/wp\/v2\/media\/42801"}],"wp:attachment":[{"href":"https:\/\/www.manquepierda.com\/historiarealbetis\/wp-json\/wp\/v2\/media?parent=42788"}],"wp:term":[{"taxonomy":"category","embeddable":true,"href":"https:\/\/www.manquepierda.com\/historiarealbetis\/wp-json\/wp\/v2\/categories?post=42788"},{"taxonomy":"post_tag","embeddable":true,"href":"https:\/\/www.manquepierda.com\/historiarealbetis\/wp-json\/wp\/v2\/tags?post=42788"}],"curies":[{"name":"wp","href":"https:\/\/api.w.org\/{rel}","templated":true}]}}