{"id":42837,"date":"2015-06-27T20:40:59","date_gmt":"2015-06-27T18:40:59","guid":{"rendered":"http:\/\/www.manquepierda.com\/historiarealbetis\/?p=42837"},"modified":"2025-08-27T23:48:59","modified_gmt":"2025-08-27T21:48:59","slug":"1964-junio-21-y-28-copa-juveniles-real-betis-balompie-3-4-real-madrid-2-6-51aniversario","status":"publish","type":"post","link":"https:\/\/www.manquepierda.com\/historiarealbetis\/1964-junio-21-y-28-copa-juveniles-real-betis-balompie-3-4-real-madrid-2-6-51aniversario\/","title":{"rendered":"1964-Junio 21 y 28.-Juveniles: Real Betis Balompi\u00e9-3 (4) RMadrid-2 (6).-52Aniversario."},"content":{"rendered":"<p style=\"text-align: justify\">LX EDICI\u00d3N-CAMPEONATO ESPA\u00d1A JUVENILES-COPA GENERAL\u00cdSIMO TEMPORADA <img data-recalc-dims=\"1\" loading=\"lazy\" decoding=\"async\" class=\"alignright size-thumbnail wp-image-50354\" src=\"https:\/\/i0.wp.com\/www.manquepierda.com\/historiarealbetis\/files\/2015\/06\/19640621Carteler%C3%ADa.jpg?resize=152%2C220&#038;ssl=1\" alt=\"19640621Carteler\u00eda\" width=\"152\" height=\"220\" srcset=\"https:\/\/i0.wp.com\/www.manquepierda.com\/historiarealbetis\/files\/2015\/06\/19640621Carteler%C3%ADa.jpg?resize=152%2C220&amp;ssl=1 152w, https:\/\/i0.wp.com\/www.manquepierda.com\/historiarealbetis\/files\/2015\/06\/19640621Carteler%C3%ADa.jpg?resize=415%2C600&amp;ssl=1 415w, https:\/\/i0.wp.com\/www.manquepierda.com\/historiarealbetis\/files\/2015\/06\/19640621Carteler%C3%ADa.jpg?resize=485%2C700&amp;ssl=1 485w, https:\/\/i0.wp.com\/www.manquepierda.com\/historiarealbetis\/files\/2015\/06\/19640621Carteler%C3%ADa.jpg?w=720&amp;ssl=1 720w\" sizes=\"auto, (max-width: 152px) 100vw, 152px\" \/>1963-1964 DESDE DOMINGO 23 DE OCTUBRE DE 1963 HASTA DOMINGO 05 DE JULIO DE 1964-AMBAS FECHAS INCLUSIVE.<\/p>\n<p style=\"text-align: justify\"><strong><a href=\"https:\/\/www.manquepierda.com\/historiarealbetis\/42837-1964-junio-21-y-28-copa-juveniles-real-betis-balompie-3-4-real-madrid-2-6-51aniversario\/19640621carteleriao\/\" rel=\"attachment wp-att-42845\"><img data-recalc-dims=\"1\" loading=\"lazy\" decoding=\"async\" class=\"size-thumbnail wp-image-42845 alignleft\" src=\"https:\/\/i0.wp.com\/www.manquepierda.com\/historiarealbetis\/files\/2015\/06\/19640621Carteler%C3%ADao.jpg?resize=220%2C217&#038;ssl=1\" alt=\"19640621Carteler\u00eda\" width=\"220\" height=\"217\" srcset=\"https:\/\/i0.wp.com\/www.manquepierda.com\/historiarealbetis\/files\/2015\/06\/19640621Carteler%C3%ADao.jpg?resize=220%2C217&amp;ssl=1 220w, https:\/\/i0.wp.com\/www.manquepierda.com\/historiarealbetis\/files\/2015\/06\/19640621Carteler%C3%ADao.jpg?resize=608%2C600&amp;ssl=1 608w, https:\/\/i0.wp.com\/www.manquepierda.com\/historiarealbetis\/files\/2015\/06\/19640621Carteler%C3%ADao.jpg?w=675&amp;ssl=1 675w\" sizes=\"auto, (max-width: 220px) 100vw, 220px\" \/><\/a><\/strong><\/p>\n<p style=\"text-align: justify\">\u00abESTA NOCHE, SEMIFINAL ESPA\u00d1OLA BETIS-MADRID (Juveniles).-<strong><em>El juvenil b\u00e9tico cierra su temporada en \u00abVillamar\u00edn\u00bb. El \u00faltimo partido de la campa\u00f1a los jugar\u00e1 en \u00abBernab\u00e9u\u00bb. En el choque primero de semifinales, que disputar\u00e1 esta noche en su recinto heliopolitano, debe definir sus posibilidades de cara a la final: Enfrentado a uno de los favoritos de la competici\u00f3n, sometido a la verificaci\u00f3n m\u00e1s trascendente, los m\u00e1s j\u00f3venes valores del Club de calle Alemanes decidir\u00e1n hoy su condici\u00f3n de aspirante al campeonato nacional.<\/em><\/strong><\/p>\n<p style=\"text-align: justify\"><em><strong>Durante la semana, Pons ha llevado meticulosamente la preparaci\u00f3n del equipo. Est\u00e1n fuertes los jugadores. Un estudio concienzudo del rival madridista y la valoraci\u00f3n del equipo que ha jugado los \u00faltimos partidos, hace al t\u00e9cnico mantener la titularidad de los que actuaron en \u00abAltabix\u00bb. De este cuadro es la l\u00ednea atacante la directamente responsabilizada en el desenlace de la eliminatoria. La facilidad de remate de los \u00abQuino\u00bb, \u00abFali\u00bb, \u00abDioni\u00bb, etc., representa una firme garant\u00eda.<\/strong><\/em><\/p>\n<p style=\"text-align: justify\"><em><strong>Frente al Madrid, pues, actuar\u00e1n: Moreno; Mart\u00ednez-Huertas-Mesa; Corral-Gonz\u00e1lez; Querencio-\u00abFali\u00bb-\u00abQuino\u00bb-\u00abDioni\u00bb-Gerardo.<\/strong><\/em><\/p>\n<p style=\"text-align: justify\"><em><strong>Este encuentro comenzar\u00e1 a las diez de la noche. Previamente un equipo del Betis se enfrentar\u00e1 al C. D. San Benito. En el cuadro verdiblanco se alinear\u00e1 Jim\u00e9nez, extremo que ha hecho la temporada cedido en el \u00abElcano\u00bb de Algeciras; Olmedo, Olmos y \u00abMo\u00f1o\u00bb, zaguero santanderino que ser\u00e1 sometido a prueba. Para este partido han sido convocados: G\u00e1miz; Mellado-Moreno-Dom\u00ednguez-\u00abMo\u00f1o\u00bb-Cristo-Olmedo-Arag\u00f3n-Rodrigo-Orta-Luna-Ja\u00e9n-Jim\u00e9nez-Pino-Olmos.<\/strong><\/em><\/p>\n<p style=\"text-align: center\"><img data-recalc-dims=\"1\" loading=\"lazy\" decoding=\"async\" class=\"alignright size-full wp-image-50355\" src=\"https:\/\/i0.wp.com\/www.manquepierda.com\/historiarealbetis\/files\/2015\/06\/Estadio-Benito-Villamar%C3%ADn-Vista-Nocturna1-1.jpg?resize=596%2C412&#038;ssl=1\" alt=\"Estadio-Benito-Villamar\u00edn-Vista-Nocturna1\" width=\"596\" height=\"412\" srcset=\"https:\/\/i0.wp.com\/www.manquepierda.com\/historiarealbetis\/files\/2015\/06\/Estadio-Benito-Villamar%C3%ADn-Vista-Nocturna1-1.jpg?w=596&amp;ssl=1 596w, https:\/\/i0.wp.com\/www.manquepierda.com\/historiarealbetis\/files\/2015\/06\/Estadio-Benito-Villamar%C3%ADn-Vista-Nocturna1-1.jpg?resize=220%2C152&amp;ssl=1 220w\" sizes=\"auto, (max-width: 596px) 100vw, 596px\" \/><\/p>\n<p style=\"text-align: justify\"><strong>1964-JUNIO 21-DOMINGO 22&#8217;00 HORAS-ESTADIO \u00abBENITO VILLAMAR\u00cdN\u00bb-SEMIFINALES-IDA.<\/strong><\/p>\n<p style=\"text-align: justify\"><strong><img data-recalc-dims=\"1\" loading=\"lazy\" decoding=\"async\" class=\"alignleft size-thumbnail wp-image-50358\" src=\"https:\/\/i0.wp.com\/www.manquepierda.com\/historiarealbetis\/files\/2015\/06\/FBG.jpg?resize=146%2C220&#038;ssl=1\" alt=\"FBG\" width=\"146\" height=\"220\" srcset=\"https:\/\/i0.wp.com\/www.manquepierda.com\/historiarealbetis\/files\/2015\/06\/FBG.jpg?resize=146%2C220&amp;ssl=1 146w, https:\/\/i0.wp.com\/www.manquepierda.com\/historiarealbetis\/files\/2015\/06\/FBG.jpg?w=160&amp;ssl=1 160w\" sizes=\"auto, (max-width: 146px) 100vw, 146px\" \/><\/strong>Arbitr\u00f3 el colegiado Francisco BA\u00d1\u00d3N Gonz\u00e1lbez (44 a\u00f1os+20 d\u00edas)-ALICANTE, martes 1\u00ba-Junio 1920.<\/p>\n<p style=\"text-align: justify\"><em><strong>\u00abactu\u00f3 sin agradar a la concurrencia, que estim\u00f3 que hab\u00eda perjudicado al Betis\u00bb <\/strong><\/em><\/p>\n<p style=\"text-align: center\">ALINE\u00d3 AMBAS ESCUADRAS DE LA FORMA SIGUIENTE:<\/p>\n<figure id=\"attachment_42708\" aria-describedby=\"caption-attachment-42708\" style=\"width: 220px\" class=\"wp-caption aligncenter\"><a href=\"https:\/\/www.manquepierda.com\/historiarealbetis\/42702-1964-junio-07y14-copa-juveniles-real-betis-balompie-4-8-elche-cf-12-51aniversario\/escudo-realbetisbalompie1960-4\/\" rel=\"attachment wp-att-42708\"><img data-recalc-dims=\"1\" loading=\"lazy\" decoding=\"async\" class=\"size-thumbnail wp-image-42708\" src=\"https:\/\/i0.wp.com\/www.manquepierda.com\/historiarealbetis\/files\/2015\/06\/Escudo-RealBetisBalompi%C3%A919601.jpg?resize=220%2C172&#038;ssl=1\" alt=\"MMMM\" width=\"220\" height=\"172\" srcset=\"https:\/\/i0.wp.com\/www.manquepierda.com\/historiarealbetis\/files\/2015\/06\/Escudo-RealBetisBalompi%C3%A919601.jpg?resize=220%2C172&amp;ssl=1 220w, https:\/\/i0.wp.com\/www.manquepierda.com\/historiarealbetis\/files\/2015\/06\/Escudo-RealBetisBalompi%C3%A919601.jpg?w=600&amp;ssl=1 600w\" sizes=\"auto, (max-width: 220px) 100vw, 220px\" \/><\/a><figcaption id=\"caption-attachment-42708\" class=\"wp-caption-text\"><strong>REAL BETIS BALOMPI\u00c9-JUVENIL-3 GOLES.<\/strong><\/figcaption><\/figure>\n<p style=\"text-align: center\"><strong>\u00abSe mascaba la tragedia entre la parroquia y no se daba un cuarto por la eliminatoria.<\/strong><\/p>\n<p style=\"text-align: center\"><strong>Dos \u00e1 cero en el marcador y un Madrid entero y seguro.<\/strong><\/p>\n<p style=\"text-align: justify\"><em><strong>Pero surgi\u00f3 en el segundo tiempo ese toque de \u00abgracia\u00bb que nace a impulsos del temperamento improvisador,\u00a0 tan caracter\u00edstico de nuestra tierra,\u00a0 y aquel Betis Balompi\u00e9 salt\u00f3 al terreno de juego completamente distinto.<\/strong><\/em><\/p>\n<p style=\"text-align: justify\"><em><strong>Arroll\u00f3 a los \u00abvioletas\u00bb madrile\u00f1os,\u00a0 ya conservadores coloso de su ventaja,\u00a0 cerc\u00e1ndolos en la zona de los \u00absustos\u00bb,\u00a0 propici\u00e1ndole de salida ya alguno may\u00fasculo.<\/strong><\/em><\/p>\n<p style=\"text-align: justify\"><em><strong>Despu\u00e9s del 2-2,\u00a0 sigue el festival verdiblanco,\u00a0 acosando con insistencia el sector peligroso madridista sac\u00e1ndose corners con inusitada frecuencia,\u00a0 indicativos del agobio con que se desenvolv\u00eda la retaguardia merengue (violeta)\u00bb.<\/strong><\/em><\/p>\n<p style=\"text-align: left\">Fuente ABC-SE-19640623.-Cr\u00f3nica de Lorenzo Mu\u00f1oz Izal.<\/p>\n<figure id=\"attachment_42707\" aria-describedby=\"caption-attachment-42707\" style=\"width: 150px\" class=\"wp-caption aligncenter\"><a href=\"https:\/\/www.manquepierda.com\/historiarealbetis\/42702-1964-junio-07y14-copa-juveniles-real-betis-balompie-4-8-elche-cf-12-51aniversario\/ernestoponsforns-11\/\" rel=\"attachment wp-att-42707\"><img data-recalc-dims=\"1\" loading=\"lazy\" decoding=\"async\" class=\"size-full wp-image-42707\" src=\"https:\/\/i0.wp.com\/www.manquepierda.com\/historiarealbetis\/files\/2015\/06\/ErnestoPonsForns.jpg?resize=150%2C184&#038;ssl=1\" alt=\"MMMM\" width=\"150\" height=\"184\" \/><\/a><figcaption id=\"caption-attachment-42707\" class=\"wp-caption-text\"><strong>Entrenador Ernesto PONS FORN.<\/strong><\/figcaption><\/figure>\n<p style=\"text-align: center\"><strong>Guardameta:\u00a0 <\/strong><\/p>\n<p style=\"text-align: justify\"><strong>1.-MORENO (encaj\u00f3 2 tantos).<br \/>\n<\/strong><\/p>\n<p style=\"text-align: center\"><strong>Zagueros:\u00a0 <\/strong><\/p>\n<p style=\"text-align: justify\"><strong>2-Lateral Diestro.-MART\u00cdNEZ(se lesion\u00f3 en el minuto 74 retir\u00e1ndose del terreno de juego).<\/strong><\/p>\n<p style=\"text-align: justify\"><strong>5-Central.-MESA.<\/strong><\/p>\n<p style=\"text-align: justify\"><strong>3-Lateral Zurdo.-HUERTAS.<\/strong><\/p>\n<p style=\"text-align: center\"><strong>Medios:\u00a0 <\/strong><\/p>\n<p style=\"text-align: justify\"><strong>4-Diestro.-CORRAL.<\/strong><\/p>\n<p style=\"text-align: center\"><img data-recalc-dims=\"1\" loading=\"lazy\" decoding=\"async\" class=\"aligncenter size-thumbnail wp-image-50352\" src=\"https:\/\/i0.wp.com\/www.manquepierda.com\/historiarealbetis\/files\/2015\/06\/Jos%C3%A9-GONZ%C3%81LEZ-Gonz%C3%A1lez.jpg?resize=143%2C220&#038;ssl=1\" alt=\"Jos\u00e9 GONZ\u00c1LEZ Gonz\u00e1lez\" width=\"143\" height=\"220\" srcset=\"https:\/\/i0.wp.com\/www.manquepierda.com\/historiarealbetis\/files\/2015\/06\/Jos%C3%A9-GONZ%C3%81LEZ-Gonz%C3%A1lez.jpg?resize=143%2C220&amp;ssl=1 143w, https:\/\/i0.wp.com\/www.manquepierda.com\/historiarealbetis\/files\/2015\/06\/Jos%C3%A9-GONZ%C3%81LEZ-Gonz%C3%A1lez.jpg?w=353&amp;ssl=1 353w\" sizes=\"auto, (max-width: 143px) 100vw, 143px\" \/><\/p>\n<p style=\"text-align: center\"><strong>6-Jos\u00e9 GONZ\u00c1LEZ Gonz\u00e1lez.<\/strong><\/p>\n<p style=\"text-align: center\"><strong>Delanteros:<\/strong><\/p>\n<p style=\"text-align: center\"><strong>7-Extremo Diestro.-QUERENCIO.<\/strong><\/p>\n<p style=\"text-align: justify\"><a href=\"https:\/\/www.manquepierda.com\/historiarealbetis\/42837-1964-junio-21-y-28-copa-juveniles-real-betis-balompie-3-4-real-madrid-2-6-51aniversario\/fali-trianabalompie-3\/\" rel=\"attachment wp-att-42851\"><img data-recalc-dims=\"1\" loading=\"lazy\" decoding=\"async\" class=\"aligncenter size-thumbnail wp-image-42851\" src=\"https:\/\/i0.wp.com\/www.manquepierda.com\/historiarealbetis\/files\/2015\/06\/FALI-TrianaBalompi%C3%A91.jpg?resize=105%2C220&#038;ssl=1\" alt=\"FALI-TrianaBalompi\u00e9\" width=\"105\" height=\"220\" srcset=\"https:\/\/i0.wp.com\/www.manquepierda.com\/historiarealbetis\/files\/2015\/06\/FALI-TrianaBalompi%C3%A91.jpg?resize=105%2C220&amp;ssl=1 105w, https:\/\/i0.wp.com\/www.manquepierda.com\/historiarealbetis\/files\/2015\/06\/FALI-TrianaBalompi%C3%A91.jpg?w=203&amp;ssl=1 203w\" sizes=\"auto, (max-width: 105px) 100vw, 105px\" \/><\/a><strong>8-Interior Diestro.-\u00abFALI\u00bb (46 minutos.-Fall\u00f3 una pena m\u00e1xima por manos de Pulido).<\/strong><\/p>\n<p style=\"text-align: center\"><em><strong>1-2.-45 minutos.-De gran chut fusilando a IGLESIAS.<\/strong><\/em><\/p>\n<p style=\"text-align: justify\"><a href=\"https:\/\/www.manquepierda.com\/historiarealbetis\/42702-1964-junio-07y14-copa-juveniles-real-betis-balompie-4-8-elche-cf-12-51aniversario\/quino-juvenil-faf-2\/\" rel=\"attachment wp-att-42714\"><img data-recalc-dims=\"1\" loading=\"lazy\" decoding=\"async\" class=\"aligncenter size-thumbnail wp-image-42714\" src=\"https:\/\/i0.wp.com\/www.manquepierda.com\/historiarealbetis\/files\/2015\/06\/Quino-juvenil-FAF.jpg?resize=161%2C220&#038;ssl=1\" alt=\"Quino juvenil FAF\" width=\"161\" height=\"220\" srcset=\"https:\/\/i0.wp.com\/www.manquepierda.com\/historiarealbetis\/files\/2015\/06\/Quino-juvenil-FAF.jpg?resize=161%2C220&amp;ssl=1 161w, https:\/\/i0.wp.com\/www.manquepierda.com\/historiarealbetis\/files\/2015\/06\/Quino-juvenil-FAF.jpg?w=394&amp;ssl=1 394w\" sizes=\"auto, (max-width: 161px) 100vw, 161px\" \/><\/a><strong>9-Centro Delantero-Ariete.-Joaqu\u00edn Sierra Vallejo (a) \u00abQUINO\u00bb.<\/strong><\/p>\n<p style=\"text-align: center\"><em><strong>2-2.-50 minutos.-Ch\u00fa archisuperi\u00f3 fusilando al meta Iglesias.<\/strong><\/em><\/p>\n<p style=\"text-align: center\"><em><strong>3-2.-57 minutos.-Tras centro de Querencio logr\u00f3 el resultado final.<\/strong><\/em><\/p>\n<p style=\"text-align: center\"><a href=\"https:\/\/www.manquepierda.com\/historiarealbetis\/42837-1964-junio-21-y-28-copa-juveniles-real-betis-balompie-3-4-real-madrid-2-6-51aniversario\/dionisio-gomez-alfaro-9\/\" rel=\"attachment wp-att-42850\"><img data-recalc-dims=\"1\" loading=\"lazy\" decoding=\"async\" class=\"aligncenter size-thumbnail wp-image-42850\" src=\"https:\/\/i0.wp.com\/www.manquepierda.com\/historiarealbetis\/files\/2015\/06\/DIONIsio-G%C3%B3mez-Alfaro.png?resize=188%2C220&#038;ssl=1\" alt=\"DIONIsio G\u00f3mez Alfaro\" width=\"188\" height=\"220\" srcset=\"https:\/\/i0.wp.com\/www.manquepierda.com\/historiarealbetis\/files\/2015\/06\/DIONIsio-G%C3%B3mez-Alfaro.png?resize=188%2C220&amp;ssl=1 188w, https:\/\/i0.wp.com\/www.manquepierda.com\/historiarealbetis\/files\/2015\/06\/DIONIsio-G%C3%B3mez-Alfaro.png?w=191&amp;ssl=1 191w\" sizes=\"auto, (max-width: 188px) 100vw, 188px\" \/><\/a><strong>10-Interior Zurdo.-Dionisio G\u00f3mez Alfaro (a) \u00abDIONI\u00bb.<\/strong><\/p>\n<p style=\"text-align: center\"><strong>11-Extremo Zurdo.-GERARDO.<br \/>\n<\/strong><\/p>\n<p style=\"text-align: center\">Vs.<\/p>\n<figure id=\"attachment_42844\" aria-describedby=\"caption-attachment-42844\" style=\"width: 147px\" class=\"wp-caption aligncenter\"><a href=\"https:\/\/www.manquepierda.com\/historiarealbetis\/42837-1964-junio-21-y-28-copa-juveniles-real-betis-balompie-3-4-real-madrid-2-6-51aniversario\/rmcf-3\/\" rel=\"attachment wp-att-42844\"><img data-recalc-dims=\"1\" loading=\"lazy\" decoding=\"async\" class=\"size-thumbnail wp-image-42844\" src=\"https:\/\/i0.wp.com\/www.manquepierda.com\/historiarealbetis\/files\/2015\/06\/RMCF.jpg?resize=147%2C220&#038;ssl=1\" alt=\"mmm\" width=\"147\" height=\"220\" srcset=\"https:\/\/i0.wp.com\/www.manquepierda.com\/historiarealbetis\/files\/2015\/06\/RMCF.jpg?resize=147%2C220&amp;ssl=1 147w, https:\/\/i0.wp.com\/www.manquepierda.com\/historiarealbetis\/files\/2015\/06\/RMCF.jpg?w=150&amp;ssl=1 150w\" sizes=\"auto, (max-width: 147px) 100vw, 147px\" \/><\/a><figcaption id=\"caption-attachment-42844\" class=\"wp-caption-text\">Equipaci\u00f3n \u00abVioleta\u00bb.-Real Madrid-2 Tantos (6)*<\/figcaption><\/figure>\n<p>&nbsp;<\/p>\n<p style=\"text-align: center\">Marcador final del primer tiempo:\u00a0 0-2.<\/p>\n<p style=\"text-align: center\">IGLESIAS <strong>(encaj\u00f3 3 goles).<\/strong><\/p>\n<p style=\"text-align: center\">GUERRA-PULIDO-BAEZA.<\/p>\n<p style=\"text-align: center\">SALAGRE-RAFA.<\/p>\n<p style=\"text-align: center\">ASENSI-JOS\u00c9-APARICIO-SEGURA-JAVIER <strong>(0-1.-21&#8217;+0-2.-35 minutos).<\/strong><\/p>\n<hr \/>\n<p>&nbsp;<\/p>\n<figure id=\"attachment_42846\" aria-describedby=\"caption-attachment-42846\" style=\"width: 680px\" class=\"wp-caption aligncenter\"><a href=\"https:\/\/www.manquepierda.com\/historiarealbetis\/42837-1964-junio-21-y-28-copa-juveniles-real-betis-balompie-3-4-real-madrid-2-6-51aniversario\/viejovallecas\/\" rel=\"attachment wp-att-42846\"><img data-recalc-dims=\"1\" loading=\"lazy\" decoding=\"async\" class=\"size-medium wp-image-42846\" src=\"https:\/\/i0.wp.com\/www.manquepierda.com\/historiarealbetis\/files\/2015\/06\/ViejoVallecas.jpg?resize=680%2C226&#038;ssl=1\" alt=\"MMMM\" width=\"680\" height=\"226\" srcset=\"https:\/\/i0.wp.com\/www.manquepierda.com\/historiarealbetis\/files\/2015\/06\/ViejoVallecas.jpg?resize=680%2C226&amp;ssl=1 680w, https:\/\/i0.wp.com\/www.manquepierda.com\/historiarealbetis\/files\/2015\/06\/ViejoVallecas.jpg?resize=220%2C73&amp;ssl=1 220w, https:\/\/i0.wp.com\/www.manquepierda.com\/historiarealbetis\/files\/2015\/06\/ViejoVallecas.jpg?w=784&amp;ssl=1 784w\" sizes=\"auto, (max-width: 680px) 100vw, 680px\" \/><\/a><figcaption id=\"caption-attachment-42846\" class=\"wp-caption-text\"><strong>1964-JUNIO 28-DOMINGO-MA\u00d1ANA EN MADRID.-ESTADIO DE VALLECAS.-CAMPEONATO DE ESPA\u00d1A-JUVENILES-COPA GENERAL\u00cdSIMO-SEMIFINALES-VUELTA.<\/strong><\/figcaption><\/figure>\n<p style=\"text-align: justify\"><em>\u00abSe ha jugado esta ma\u00f1ana, con bastante p\u00fablico, la segunda semifinal del campeonato de juveniles. El encuentro ha sido muy interesante y muy bien jugado por los blancos, cuando se decidieron a hacerlo por bajo, salvando as\u00ed la estatura de los b\u00e9ticos.<\/em><\/p>\n<p style=\"text-align: justify\"><em>La delantera madridista, bien apoyada por los medios, brind\u00f3 a sus seguidores una nueva exhibici\u00f3n, marcando 3 tantos en el primer tiempo y 1 en el segundo, aunque en esta parte no se empleara a fondo, decidida ya la eliminatoria.<\/em><\/p>\n<p style=\"text-align: justify\"><em><strong>El Betis puso mucho entusiasmo en la lucha y tambi\u00e9n lo mejor del equipo fue el ataque, lanzado por su medio derecha, que hizo un excelente encuentro; s\u00f3lo la labor del meta local evit\u00f3 alg\u00fan tanto m\u00e1s, que hubiera puesto en peligro el \u00e9xito final.<\/strong><\/em><\/p>\n<p style=\"text-align: justify\"><em>Los 5 tantos fueron de excelente factura\u00bb.-<\/em>Fuente \u00abEl Mundo Deportivo\u00bb-Barcelona, lunes 29-Junio 1964.<\/p>\n<p style=\"text-align: center\"><em>El arbitraje del gallego Jos\u00e9 REY Otero dej\u00f3 mucho que desear.<\/em><\/p>\n<p style=\"text-align: center\">REAL MADRID CF-4 Tantos.<\/p>\n<p style=\"text-align: justify\">1-IGLESIAS; 2-GUERRA.-5-PULIDO.-3-BAEZA; 4-SALAGRE.-6-SEGURA; 7-ASENSIO <strong>(3-1.-39 minutos)<\/strong>.-8-JOS\u00c9 <strong>(1-0.-19 minutos)<\/strong>.-9-APARICIO <strong>(4-1.-77 minutos)<\/strong>.-10-DOM\u00c9NECH <strong>(2-1.-34 minutos)<\/strong>.-11-JAVIER.<\/p>\n<p style=\"text-align: center\"><em><strong>Vs.<\/strong><\/em><\/p>\n<p style=\"text-align: center\"><em><strong>REAL BETIS BALOMPI\u00c9-1 GOL.<\/strong><\/em><\/p>\n<p style=\"text-align: justify\"><em><strong>1-PEDRO (4 tantos encajados); 2-CORRAL.-5-MESA.-3-HUERTAS; 4-LIMA.-6-Jos\u00e9 GONZ\u00c1LEZ Gonz\u00e1lez; 7-QUERENCIO.-8-JAVI.<\/strong><\/em><\/p>\n<p style=\"text-align: center\"><img data-recalc-dims=\"1\" loading=\"lazy\" decoding=\"async\" class=\"aligncenter size-thumbnail wp-image-50366\" src=\"https:\/\/i0.wp.com\/www.manquepierda.com\/historiarealbetis\/files\/2015\/06\/Joaqu%C3%ADn-Sierra-Vallejo-a-Quino.jpg?resize=105%2C220&#038;ssl=1\" alt=\"Joaqu\u00edn Sierra Vallejo (a) Quino\" width=\"105\" height=\"220\" srcset=\"https:\/\/i0.wp.com\/www.manquepierda.com\/historiarealbetis\/files\/2015\/06\/Joaqu%C3%ADn-Sierra-Vallejo-a-Quino.jpg?resize=105%2C220&amp;ssl=1 105w, https:\/\/i0.wp.com\/www.manquepierda.com\/historiarealbetis\/files\/2015\/06\/Joaqu%C3%ADn-Sierra-Vallejo-a-Quino.jpg?resize=287%2C600&amp;ssl=1 287w, https:\/\/i0.wp.com\/www.manquepierda.com\/historiarealbetis\/files\/2015\/06\/Joaqu%C3%ADn-Sierra-Vallejo-a-Quino.jpg?w=300&amp;ssl=1 300w\" sizes=\"auto, (max-width: 105px) 100vw, 105px\" \/><\/p>\n<p style=\"text-align: center\"><em><strong>9-Joaqu\u00edn Sierra Vallejo (a) \u00abQUINO\u00bb (1-1.-26 minutos).<br \/>\n<\/strong><\/em><\/p>\n<p style=\"text-align: justify\"><em><strong>10-Dionisio G\u00f3mez Alfaro (a) \u00abDIONI\u00bb.-11-GERARDO.<\/strong><\/em><\/p>\n<figure id=\"attachment_42847\" aria-describedby=\"caption-attachment-42847\" style=\"width: 407px\" class=\"wp-caption aligncenter\"><a href=\"https:\/\/www.manquepierda.com\/historiarealbetis\/42837-1964-junio-21-y-28-copa-juveniles-real-betis-balompie-3-4-real-madrid-2-6-51aniversario\/19640628rm4rbb1\/\" rel=\"attachment wp-att-42847\"><img data-recalc-dims=\"1\" loading=\"lazy\" decoding=\"async\" class=\"size-medium wp-image-42847\" src=\"https:\/\/i0.wp.com\/www.manquepierda.com\/historiarealbetis\/files\/2015\/06\/19640628RM4RBB1.jpg?resize=407%2C600&#038;ssl=1\" alt=\"mmmm\" width=\"407\" height=\"600\" srcset=\"https:\/\/i0.wp.com\/www.manquepierda.com\/historiarealbetis\/files\/2015\/06\/19640628RM4RBB1.jpg?resize=407%2C600&amp;ssl=1 407w, https:\/\/i0.wp.com\/www.manquepierda.com\/historiarealbetis\/files\/2015\/06\/19640628RM4RBB1.jpg?resize=149%2C220&amp;ssl=1 149w, https:\/\/i0.wp.com\/www.manquepierda.com\/historiarealbetis\/files\/2015\/06\/19640628RM4RBB1.jpg?resize=475%2C700&amp;ssl=1 475w, https:\/\/i0.wp.com\/www.manquepierda.com\/historiarealbetis\/files\/2015\/06\/19640628RM4RBB1.jpg?w=1068&amp;ssl=1 1068w\" sizes=\"auto, (max-width: 407px) 100vw, 407px\" \/><\/a><figcaption id=\"caption-attachment-42847\" class=\"wp-caption-text\"><strong>19640628-ABC-SE-Foto Europa Press.-\u00abEL PARTIDO DE LOS JUVENILES.-Por 4 tantos a 1 los juveniles del Madrid vencieron a los del Betis en el encuentro celebrado en el estadio de Vallecas, correspondiente a la semifinal de la Copa de dicha categor\u00eda\u00bb.<\/strong><\/figcaption><\/figure>\n","protected":false},"excerpt":{"rendered":"<p>LX EDICI\u00d3N-CAMPEONATO ESPA\u00d1A JUVENILES-COPA GENERAL\u00cdSIMO TEMPORADA 1963-1964 DESDE DOMINGO 23 DE OCTUBRE DE 1963 HASTA DOMINGO 05 DE JULIO DE 1964-AMBAS FECHAS INCLUSIVE. \u00abESTA NOCHE, SEMIFINAL ESPA\u00d1OLA BETIS-MADRID (Juveniles).-El juvenil b\u00e9tico cierra su temporada en \u00abVillamar\u00edn\u00bb. El \u00faltimo partido de la campa\u00f1a los jugar\u00e1 en \u00abBernab\u00e9u\u00bb. En el choque primero de semifinales, que disputar\u00e1 esta&#8230;<\/p>\n","protected":false},"author":48,"featured_media":50355,"comment_status":"open","ping_status":"open","sticky":false,"template":"","format":"standard","meta":{"_kad_post_transparent":"","_kad_post_title":"","_kad_post_layout":"","_kad_post_sidebar_id":"","_kad_post_content_style":"","_kad_post_vertical_padding":"","_kad_post_feature":"","_kad_post_feature_position":"","_kad_post_header":false,"_kad_post_footer":false,"_kad_post_classname":"","_jetpack_memberships_contains_paid_content":false,"footnotes":"","jetpack_publicize_message":"","jetpack_publicize_feature_enabled":true,"jetpack_social_post_already_shared":true,"jetpack_social_options":{"image_generator_settings":{"template":"highway","default_image_id":0,"font":"","enabled":false},"version":2}},"categories":[902,1],"tags":[5078,4033,168,12468,18754,13362],"class_list":["post-42837","post","type-post","status-publish","format-standard","has-post-thumbnail","hentry","category-1960-1969","category-portada","tag-1963-64","tag-4033","tag-betis-juvenil","tag-campeonato-espana-futbol-juvenil","tag-copa-juvenil-1964","tag-real-madrid-cf"],"jetpack_publicize_connections":[],"jetpack_featured_media_url":"https:\/\/i0.wp.com\/www.manquepierda.com\/historiarealbetis\/files\/2015\/06\/Estadio-Benito-Villamar%C3%ADn-Vista-Nocturna1-1.jpg?fit=596%2C412&ssl=1","jetpack_sharing_enabled":true,"jetpack_shortlink":"https:\/\/wp.me\/p1ij08-b8V","jetpack-related-posts":[],"_links":{"self":[{"href":"https:\/\/www.manquepierda.com\/historiarealbetis\/wp-json\/wp\/v2\/posts\/42837","targetHints":{"allow":["GET"]}}],"collection":[{"href":"https:\/\/www.manquepierda.com\/historiarealbetis\/wp-json\/wp\/v2\/posts"}],"about":[{"href":"https:\/\/www.manquepierda.com\/historiarealbetis\/wp-json\/wp\/v2\/types\/post"}],"author":[{"embeddable":true,"href":"https:\/\/www.manquepierda.com\/historiarealbetis\/wp-json\/wp\/v2\/users\/48"}],"replies":[{"embeddable":true,"href":"https:\/\/www.manquepierda.com\/historiarealbetis\/wp-json\/wp\/v2\/comments?post=42837"}],"version-history":[{"count":1,"href":"https:\/\/www.manquepierda.com\/historiarealbetis\/wp-json\/wp\/v2\/posts\/42837\/revisions"}],"predecessor-version":[{"id":97580,"href":"https:\/\/www.manquepierda.com\/historiarealbetis\/wp-json\/wp\/v2\/posts\/42837\/revisions\/97580"}],"wp:featuredmedia":[{"embeddable":true,"href":"https:\/\/www.manquepierda.com\/historiarealbetis\/wp-json\/wp\/v2\/media\/50355"}],"wp:attachment":[{"href":"https:\/\/www.manquepierda.com\/historiarealbetis\/wp-json\/wp\/v2\/media?parent=42837"}],"wp:term":[{"taxonomy":"category","embeddable":true,"href":"https:\/\/www.manquepierda.com\/historiarealbetis\/wp-json\/wp\/v2\/categories?post=42837"},{"taxonomy":"post_tag","embeddable":true,"href":"https:\/\/www.manquepierda.com\/historiarealbetis\/wp-json\/wp\/v2\/tags?post=42837"}],"curies":[{"name":"wp","href":"https:\/\/api.w.org\/{rel}","templated":true}]}}