{"id":42875,"date":"2015-07-02T07:22:05","date_gmt":"2015-07-02T05:22:05","guid":{"rendered":"http:\/\/www.manquepierda.com\/historiarealbetis\/?p=42875"},"modified":"2024-08-17T10:32:46","modified_gmt":"2024-08-17T08:32:46","slug":"alineacion-betis-cadiz-liga-1956","status":"publish","type":"post","link":"https:\/\/www.manquepierda.com\/historiarealbetis\/alineacion-betis-cadiz-liga-1956\/","title":{"rendered":"Alineaci\u00f3n Betis-C\u00e1diz Liga 1956"},"content":{"rendered":"<p><a href=\"https:\/\/www.manquepierda.com\/historiarealbetis\/42875-alineacion-betis-cadiz-liga-1956\/alineacion-betis-cadiz-liga-1956\/\" rel=\"attachment wp-att-42876\"><img data-recalc-dims=\"1\" loading=\"lazy\" decoding=\"async\" class=\"aligncenter size-medium wp-image-42876\" src=\"https:\/\/i0.wp.com\/www.manquepierda.com\/historiarealbetis\/files\/2015\/06\/Alineaci%C3%B3n-Betis-C%C3%A1diz-Liga-1956.jpg?resize=680%2C428&#038;ssl=1\" alt=\"Alineaci\u00f3n Betis-C\u00e1diz Liga 1956\" width=\"680\" height=\"428\" srcset=\"https:\/\/i0.wp.com\/www.manquepierda.com\/historiarealbetis\/files\/2015\/06\/Alineaci%C3%B3n-Betis-C%C3%A1diz-Liga-1956.jpg?resize=680%2C428&amp;ssl=1 680w, https:\/\/i0.wp.com\/www.manquepierda.com\/historiarealbetis\/files\/2015\/06\/Alineaci%C3%B3n-Betis-C%C3%A1diz-Liga-1956.jpg?resize=220%2C138&amp;ssl=1 220w, https:\/\/i0.wp.com\/www.manquepierda.com\/historiarealbetis\/files\/2015\/06\/Alineaci%C3%B3n-Betis-C%C3%A1diz-Liga-1956.jpg?resize=960%2C604&amp;ssl=1 960w, https:\/\/i0.wp.com\/www.manquepierda.com\/historiarealbetis\/files\/2015\/06\/Alineaci%C3%B3n-Betis-C%C3%A1diz-Liga-1956.jpg?w=1025&amp;ssl=1 1025w\" sizes=\"auto, (max-width: 680px) 100vw, 680px\" \/><\/a><\/p>\n<p>11 de noviembre de 1956 en Heli\u00f3polis \u00a0Betis \u00a05 \u00a0C\u00e1diz \u00a02; jornada \u00a010 del Campeonato de Liga de Segunda Divisi\u00f3n.<\/p>\n<p>En la imagen arriba: Eugenio, Loli, Cela, Roberto, Portu, Otero y Dom\u00ednguez; abajo: Sobrado, Espej\u00edn, Lasa, Paqui y Del Sol.<\/p>\n<p>Dos tantos de Cela, dos de Sobrado y 1 de Lasa sirvieron para derrotar al equipo cadista.<\/p>\n<p>Carlos Iturraspe entrenaba al Betis y Santiago N\u00fa\u00f1ez al C\u00e1diz.<\/p>\n","protected":false},"excerpt":{"rendered":"<p>11 de noviembre de 1956 en Heli\u00f3polis \u00a0Betis \u00a05 \u00a0C\u00e1diz \u00a02; jornada \u00a010 del Campeonato de Liga de Segunda Divisi\u00f3n. En la imagen arriba: Eugenio, Loli, Cela, Roberto, Portu, Otero y Dom\u00ednguez; abajo: Sobrado, Espej\u00edn, Lasa, Paqui y Del Sol. Dos tantos de Cela, dos de Sobrado y 1 de Lasa sirvieron para derrotar al&#8230;<\/p>\n","protected":false},"author":5,"featured_media":42876,"comment_status":"open","ping_status":"open","sticky":false,"template":"","format":"standard","meta":{"_kad_post_transparent":"","_kad_post_title":"","_kad_post_layout":"","_kad_post_sidebar_id":"","_kad_post_content_style":"","_kad_post_vertical_padding":"","_kad_post_feature":"","_kad_post_feature_position":"","_kad_post_header":false,"_kad_post_footer":false,"_kad_post_classname":"","_jetpack_memberships_contains_paid_content":false,"footnotes":"","jetpack_publicize_message":"","jetpack_publicize_feature_enabled":true,"jetpack_social_post_already_shared":true,"jetpack_social_options":{"image_generator_settings":{"template":"highway","default_image_id":0,"font":"","enabled":false},"version":2}},"categories":[901,1],"tags":[1239,4330,187,3860,1607,1126,1411,1056,2579,1078,1319,17938,541,3920,3582,10148],"class_list":["post-42875","post","type-post","status-publish","format-standard","has-post-thumbnail","hentry","category-1950-1959","category-portada","tag-1239","tag-1956-57","tag-cadiz-cf","tag-carlos-cela","tag-eduardo-sobrado","tag-eugenio-ruiz","tag-francisco-dominguez","tag-francisco-gomez-paqui","tag-jose-besteiro-portu","tag-julio-otero","tag-leon-lasa","tag-liga-segunda-1956-57","tag-luis-del-sol","tag-manuel-gomez-loli","tag-ramon-perez-espejin","tag-roberto-diaz"],"jetpack_publicize_connections":[],"jetpack_featured_media_url":"https:\/\/i0.wp.com\/www.manquepierda.com\/historiarealbetis\/files\/2015\/06\/Alineaci%C3%B3n-Betis-C%C3%A1diz-Liga-1956.jpg?fit=1025%2C645&ssl=1","jetpack_sharing_enabled":true,"jetpack_shortlink":"https:\/\/wp.me\/p1ij08-b9x","jetpack-related-posts":[],"_links":{"self":[{"href":"https:\/\/www.manquepierda.com\/historiarealbetis\/wp-json\/wp\/v2\/posts\/42875","targetHints":{"allow":["GET"]}}],"collection":[{"href":"https:\/\/www.manquepierda.com\/historiarealbetis\/wp-json\/wp\/v2\/posts"}],"about":[{"href":"https:\/\/www.manquepierda.com\/historiarealbetis\/wp-json\/wp\/v2\/types\/post"}],"author":[{"embeddable":true,"href":"https:\/\/www.manquepierda.com\/historiarealbetis\/wp-json\/wp\/v2\/users\/5"}],"replies":[{"embeddable":true,"href":"https:\/\/www.manquepierda.com\/historiarealbetis\/wp-json\/wp\/v2\/comments?post=42875"}],"version-history":[{"count":1,"href":"https:\/\/www.manquepierda.com\/historiarealbetis\/wp-json\/wp\/v2\/posts\/42875\/revisions"}],"predecessor-version":[{"id":95283,"href":"https:\/\/www.manquepierda.com\/historiarealbetis\/wp-json\/wp\/v2\/posts\/42875\/revisions\/95283"}],"wp:featuredmedia":[{"embeddable":true,"href":"https:\/\/www.manquepierda.com\/historiarealbetis\/wp-json\/wp\/v2\/media\/42876"}],"wp:attachment":[{"href":"https:\/\/www.manquepierda.com\/historiarealbetis\/wp-json\/wp\/v2\/media?parent=42875"}],"wp:term":[{"taxonomy":"category","embeddable":true,"href":"https:\/\/www.manquepierda.com\/historiarealbetis\/wp-json\/wp\/v2\/categories?post=42875"},{"taxonomy":"post_tag","embeddable":true,"href":"https:\/\/www.manquepierda.com\/historiarealbetis\/wp-json\/wp\/v2\/tags?post=42875"}],"curies":[{"name":"wp","href":"https:\/\/api.w.org\/{rel}","templated":true}]}}