{"id":42910,"date":"2015-07-03T07:11:29","date_gmt":"2015-07-03T05:11:29","guid":{"rendered":"http:\/\/www.manquepierda.com\/historiarealbetis\/?p=42910"},"modified":"2017-07-03T07:29:13","modified_gmt":"2017-07-03T05:29:13","slug":"cuando-mijatovic-pudo-fichar-por-el-betis-1992","status":"publish","type":"post","link":"https:\/\/www.manquepierda.com\/historiarealbetis\/cuando-mijatovic-pudo-fichar-por-el-betis-1992\/","title":{"rendered":"Cuando Mijatovic pudo fichar por el Betis 1992"},"content":{"rendered":"<figure id=\"attachment_42911\" aria-describedby=\"caption-attachment-42911\" style=\"width: 292px\" class=\"wp-caption alignleft\"><a href=\"https:\/\/www.manquepierda.com\/historiarealbetis\/42910-cuando-mijatovic-pudo-fichar-por-el-betis-1992\/predrag-pedja-mijatovic-2\/\" rel=\"attachment wp-att-42911\"><img data-recalc-dims=\"1\" loading=\"lazy\" decoding=\"async\" class=\"wp-image-42911\" src=\"https:\/\/i0.wp.com\/www.manquepierda.com\/historiarealbetis\/files\/2015\/07\/Predrag-Pedja-Mijatovic-2.jpg?resize=292%2C373&#038;ssl=1\" alt=\"Predrag-Pedja-Mijatovic-2\" width=\"292\" height=\"373\" srcset=\"https:\/\/i0.wp.com\/www.manquepierda.com\/historiarealbetis\/files\/2015\/07\/Predrag-Pedja-Mijatovic-2.jpg?resize=470%2C600&amp;ssl=1 470w, https:\/\/i0.wp.com\/www.manquepierda.com\/historiarealbetis\/files\/2015\/07\/Predrag-Pedja-Mijatovic-2.jpg?resize=172%2C220&amp;ssl=1 172w, https:\/\/i0.wp.com\/www.manquepierda.com\/historiarealbetis\/files\/2015\/07\/Predrag-Pedja-Mijatovic-2.jpg?resize=548%2C700&amp;ssl=1 548w, https:\/\/i0.wp.com\/www.manquepierda.com\/historiarealbetis\/files\/2015\/07\/Predrag-Pedja-Mijatovic-2.jpg?w=830&amp;ssl=1 830w\" sizes=\"auto, (max-width: 292px) 100vw, 292px\" \/><\/a><figcaption id=\"caption-attachment-42911\" class=\"wp-caption-text\">Mijatovic jugando con el Partiz\u00e1n de Belgrado<\/figcaption><\/figure>\n<p>Mediados de octubre de 1992. Tras 6 jornadas de Liga en Segunda Divisi\u00f3n el Betis es octavo en la clasificaci\u00f3n, con 6 puntos, 2 partidos jugados, 2 empatados y 2 perdidos. La \u00faltima derrota en Zorrilla frente al Valladolid por 2-0 precipita los acontecimientos y el entrenador Jorge D\u00b4Alessandro declara que \u201cla limpieza en el equipo tiene que ser r\u00e1pida y fulminante; no podemos andar con pa\u00f1os calientes\u2026 Estamos a tiempo, tengo las ideas clar\u00edsimas y hay que defender al Betis a muerte, antes de que se nos vaya de las manos\u201d.<\/p>\n<p>D\u00b4Alessandro comunica que los dos extranjeros del equipo, Kukleta e Ivanov, pero sobre todo el b\u00falgaro, estaban seriamente apercibidos desde el comienzo de la temporada. De Kukleta se duda por el baj\u00edsimo nivel f\u00edsico que muestra, mientras que de Ivanov se critica su reiterada indisciplina t\u00e1ctica.<\/p>\n<p>Tambi\u00e9n se pone en duda a otros miembros de la plantilla, como Mel y Cu\u00e9llar, agravado por la infantil expulsi\u00f3n de \u00e9ste \u00faltimo en el partido de Valladolid. Los directivos b\u00e9ticos ponen como ejemplo a Gordillo, que en Valladolid recibi\u00f3 una tremenda patada de Najdoski en un tobillo, que le produjo una fuerte herida y que a pesar de ello continu\u00f3 jugando y exponiendo m\u00e1s que nadie.<\/p>\n<p>Preocupa tambi\u00e9n mucho la sequ\u00eda goleadora del equipo. En los \u00faltimos cuatro partidos el Betis s\u00f3lo ha marcado dos goles, y uno de ellos al filial del Athletic en el minuto 97 y de penalti.<\/p>\n<p>En vista de toda esta problem\u00e1tica la directiva b\u00e9tica presidida por Jos\u00e9 Le\u00f3n, pero comandada por Lopera, que es el hombre fuerte del club tras su conversi\u00f3n en SAD en el verano anterior, determina mantener la confianza en el t\u00e9cnico argentino Jorge D\u00b4Alessandro, \u201ccon plenos poderes hasta que los resultados digan lo contrario\u201d, apartar del equipo al menos por una semana al checo Rom\u00e1n Kukleta y al b\u00falgaro Trif\u00f3n Ivanov y, por lo tanto, iniciar la b\u00fasqueda en el mercado internacional de nuevos jugadores extranjeros que acompa\u00f1en al norteamericano Tab Ramos.<\/p>\n<p>Los enviados del club sondean r\u00e1pidamente el mercado internacional centrados en dos grandes focos: Sudam\u00e9rica y el este de Europa.<\/p>\n<p>En el primer caso se fijan en el mercado brasile\u00f1o, con Rai y Muller del Sao Paulo como objetivos, y argentino, donde Mancuso, del Velez Sarsfield, y Mart\u00ednez y Silvani, del River Plate, son seguidos por Pedro Buenaventura.<\/p>\n<p>Los brasile\u00f1os pronto son descartados ante las peticiones econ\u00f3micas del equipo paulista, y los argentinos, que parecen m\u00e1s accesibles tambi\u00e9n son descartados, busc\u00e1ndose un mercado m\u00e1s econ\u00f3mico.<\/p>\n<p>El objetivo pasa a ser el este europeo, adonde se desplazan Pedro Buenaventura y Rogelio Sosa para observar en acci\u00f3n al h\u00fangaro perteneciente al Kispet, ex Honved, Ervin Kovacs en la ciudad de Szekefehersvar, y tambi\u00e9n a Belgrado para ver en las filas del Partizan a Slavisa Jokanovic y a Pedrag Mijatovic, dos j\u00f3venes jugadores que son las \u00faltimas promesas del f\u00fatbol yugoslavo, por entonces un pa\u00eds en plena descomposici\u00f3n.<\/p>\n<p>Tambi\u00e9n se recibe el ofrecimiento por parte de Jos\u00e9 Mar\u00eda Minguella de Peter Dubovski, jugador eslovaco del Slovan de Bratislava. Su precio, 4 millones de d\u00f3lares, lo hace inalcanzable.<\/p>\n<p>Un mes despu\u00e9s, a mediados de noviembre, Lopera descarta estos fichajes y declara que \u201cno tiene por qu\u00e9 ficharse a estos yugoslavos, porque los tenemos m\u00e1s baratos y mejores, gente que est\u00e1 incluso con sus equipos en competiciones europeas\u201d.<\/p>\n<p>Dos millones de d\u00f3lares es la barrera econ\u00f3mica en que se mueve el club para conseguir dos fichajes, y se busca concretamente un director de juego y un delantero. Cuando el Partiz\u00e1n pide 4 millones por Jokanovic y Mijatovic el objetivo pasa a estar a\u00fan m\u00e1s al este: en Rusia, donde la oferta parece m\u00e1s asequible y son los jugadores Andrei Kobelev y Velli Kasumov, ambos en el Dinamo de Mosc\u00fa, lo que se estima que cumplen con lo que se busca.<\/p>\n<p>El domingo 15 de noviembre en Mosc\u00fa el consejero delegado Manuel Ruiz de Lopera junto al presidente Jos\u00e9 Le\u00f3n cierran el fichaje de estos dos jugadores en los dos millones de d\u00f3lares ( en torno a los 200 millones de pesetas) con que se contaba. Te\u00f3ricamente a final de noviembre el Betis podr\u00e1 disponer de los dos nuevos jugadores pero no ser\u00e1 as\u00ed, y mientras que Kobelev debutar\u00e1 el 13 de diciembre Kasumov no lo har\u00e1 hasta el 7 de febrero&#8230;<\/p>\n<p>A la temporada siguiente, la 93-94, tres de estos jugadores que fueron seguidos por el Betis ingresar\u00e1n en clubs espa\u00f1oles: Peter Dubovsky en el Real Madrid, Slavisa Jokanovic en el Oviedo y Pedrag Mijatovic en el Valencia.<\/p>\n<p>En el caso de \u00e9ste \u00faltimo el Valencia pag\u00f3 en el verano de 1993 300 millones de pesetas. Su rendimiento en el equipo valenciano fue \u00a0espectacular, de forma que 3 a\u00f1os despu\u00e9s \u00a0fich\u00f3 por el Real Madrid, que tuvo que abonar \u00edntegramente la cl\u00e1usula de rescisi\u00f3n de su contrato y pagar 1.350 millones de pesetas.<\/p>\n","protected":false},"excerpt":{"rendered":"<p>Mediados de octubre de 1992. Tras 6 jornadas de Liga en Segunda Divisi\u00f3n el Betis es octavo en la clasificaci\u00f3n, con 6 puntos, 2 partidos jugados, 2 empatados y 2 perdidos. La \u00faltima derrota en Zorrilla frente al Valladolid por 2-0 precipita los acontecimientos y el entrenador Jorge D\u00b4Alessandro declara que \u201cla limpieza en el&#8230;<\/p>\n","protected":false},"author":5,"featured_media":42911,"comment_status":"open","ping_status":"open","sticky":false,"template":"","format":"standard","meta":{"_kad_post_transparent":"","_kad_post_title":"","_kad_post_layout":"","_kad_post_sidebar_id":"","_kad_post_content_style":"","_kad_post_vertical_padding":"","_kad_post_feature":"","_kad_post_feature_position":"","_kad_post_header":false,"_kad_post_footer":false,"_kad_post_classname":"","_jetpack_memberships_contains_paid_content":false,"footnotes":"","jetpack_publicize_message":"","jetpack_publicize_feature_enabled":true,"jetpack_social_post_already_shared":true,"jetpack_social_options":{"image_generator_settings":{"template":"highway","default_image_id":0,"font":"","enabled":false},"version":2}},"categories":[905,1],"tags":[5731,8377,12584],"class_list":["post-42910","post","type-post","status-publish","format-standard","has-post-thumbnail","hentry","category-1990-1999","category-portada","tag-5731","tag-1992-93","tag-predrag-mijatovic"],"jetpack_publicize_connections":[],"jetpack_featured_media_url":"https:\/\/i0.wp.com\/www.manquepierda.com\/historiarealbetis\/files\/2015\/07\/Predrag-Pedja-Mijatovic-2.jpg?fit=830%2C1060&ssl=1","jetpack_sharing_enabled":true,"jetpack_shortlink":"https:\/\/wp.me\/p1ij08-ba6","jetpack-related-posts":[],"_links":{"self":[{"href":"https:\/\/www.manquepierda.com\/historiarealbetis\/wp-json\/wp\/v2\/posts\/42910","targetHints":{"allow":["GET"]}}],"collection":[{"href":"https:\/\/www.manquepierda.com\/historiarealbetis\/wp-json\/wp\/v2\/posts"}],"about":[{"href":"https:\/\/www.manquepierda.com\/historiarealbetis\/wp-json\/wp\/v2\/types\/post"}],"author":[{"embeddable":true,"href":"https:\/\/www.manquepierda.com\/historiarealbetis\/wp-json\/wp\/v2\/users\/5"}],"replies":[{"embeddable":true,"href":"https:\/\/www.manquepierda.com\/historiarealbetis\/wp-json\/wp\/v2\/comments?post=42910"}],"version-history":[{"count":0,"href":"https:\/\/www.manquepierda.com\/historiarealbetis\/wp-json\/wp\/v2\/posts\/42910\/revisions"}],"wp:featuredmedia":[{"embeddable":true,"href":"https:\/\/www.manquepierda.com\/historiarealbetis\/wp-json\/wp\/v2\/media\/42911"}],"wp:attachment":[{"href":"https:\/\/www.manquepierda.com\/historiarealbetis\/wp-json\/wp\/v2\/media?parent=42910"}],"wp:term":[{"taxonomy":"category","embeddable":true,"href":"https:\/\/www.manquepierda.com\/historiarealbetis\/wp-json\/wp\/v2\/categories?post=42910"},{"taxonomy":"post_tag","embeddable":true,"href":"https:\/\/www.manquepierda.com\/historiarealbetis\/wp-json\/wp\/v2\/tags?post=42910"}],"curies":[{"name":"wp","href":"https:\/\/api.w.org\/{rel}","templated":true}]}}