{"id":43310,"date":"2015-08-05T18:37:27","date_gmt":"2015-08-05T16:37:27","guid":{"rendered":"http:\/\/www.manquepierda.com\/historiarealbetis\/?p=43310"},"modified":"2025-08-21T16:40:50","modified_gmt":"2025-08-21T14:40:50","slug":"1973-agosto-05-campeon-real-betis-balompi-1-4-os-belenenses-1-3-42oaniversario","status":"publish","type":"post","link":"https:\/\/www.manquepierda.com\/historiarealbetis\/1973-agosto-05-campeon-real-betis-balompi-1-4-os-belenenses-1-3-42oaniversario\/","title":{"rendered":"1973-Agosto 05-Campe\u00f3n Real Betis Balompi\u00e9-1(4) Os Belenenses-1(3).-43\u00baAniversario."},"content":{"rendered":"<p style=\"text-align: justify\"><span style=\"color: #008000\">Durante los d\u00edas 3 (Viernes)-4 (S\u00e1bado) y 5 Domingo se celebr\u00f3 la gran final de la IV EDICI\u00d3N DEL TROFEO \u00abCIUDAD DE LA L\u00cdNEA\u00bb de la Concepci\u00f3n (C\u00e1diz)-TELEVISI\u00d3N ESPA\u00d1OLA 23&#8217;00 HORAS.-ESTADIO \u00abJOS\u00c9 ANTONIO\u00bb-CIUDAD DEPORTIVA \u00abFRANCISCO FRANCO\u00bb.<\/span><\/p>\n<p style=\"text-align: center\"><a href=\"https:\/\/www.manquepierda.com\/historiarealbetis\/43250-1973-agosto-04-semifinal-real-betis-balompie-0-4-eintracht-frankfurt-0-2-42aniversario\/ivcdll1973\/\" rel=\"attachment wp-att-43251\"><img data-recalc-dims=\"1\" loading=\"lazy\" decoding=\"async\" class=\"size-medium wp-image-43251 aligncenter\" src=\"https:\/\/i0.wp.com\/www.manquepierda.com\/historiarealbetis\/files\/2015\/08\/IVCDLL1973.jpg?resize=487%2C600&#038;ssl=1\" alt=\"mmmmmm\" width=\"487\" height=\"600\" srcset=\"https:\/\/i0.wp.com\/www.manquepierda.com\/historiarealbetis\/files\/2015\/08\/IVCDLL1973.jpg?resize=487%2C600&amp;ssl=1 487w, https:\/\/i0.wp.com\/www.manquepierda.com\/historiarealbetis\/files\/2015\/08\/IVCDLL1973.jpg?resize=179%2C220&amp;ssl=1 179w, https:\/\/i0.wp.com\/www.manquepierda.com\/historiarealbetis\/files\/2015\/08\/IVCDLL1973.jpg?resize=568%2C700&amp;ssl=1 568w, https:\/\/i0.wp.com\/www.manquepierda.com\/historiarealbetis\/files\/2015\/08\/IVCDLL1973.jpg?w=671&amp;ssl=1 671w\" sizes=\"auto, (max-width: 487px) 100vw, 487px\" \/><\/a>IV TROFEO CIUDAD DE LA L\u00cdNEA DE LA CONCEPCI\u00d3N (C\u00c1DIZ)-CAMPE\u00d3N REAL BETIS BALOMPI\u00c9-DOMINGO 05 DE AGOSTO DE 1973.<\/p>\n<figure id=\"attachment_50934\" aria-describedby=\"caption-attachment-50934\" style=\"width: 640px\" class=\"wp-caption aligncenter\"><img data-recalc-dims=\"1\" loading=\"lazy\" decoding=\"async\" class=\"size-full wp-image-50934\" src=\"https:\/\/i0.wp.com\/www.manquepierda.com\/historiarealbetis\/files\/2015\/08\/Trofeo-1973-2-2.jpg?resize=640%2C298&#038;ssl=1\" alt=\"Cortes\u00eda de &quot;La L\u00edinea en Blanco y Negro&quot;.-Entrada gran final.\" width=\"640\" height=\"298\" srcset=\"https:\/\/i0.wp.com\/www.manquepierda.com\/historiarealbetis\/files\/2015\/08\/Trofeo-1973-2-2.jpg?w=640&amp;ssl=1 640w, https:\/\/i0.wp.com\/www.manquepierda.com\/historiarealbetis\/files\/2015\/08\/Trofeo-1973-2-2.jpg?resize=220%2C102&amp;ssl=1 220w\" sizes=\"auto, (max-width: 640px) 100vw, 640px\" \/><figcaption id=\"caption-attachment-50934\" class=\"wp-caption-text\">Cortes\u00eda de \u00abLa L\u00ednea en Blanco y Negro\u00bb.-Entrada gran final.<\/figcaption><\/figure>\n<p style=\"text-align: justify\"><a href=\"https:\/\/www.manquepierda.com\/historiarealbetis\/43250-1973-agosto-04-semifinal-real-betis-balompie-0-4-eintracht-frankfurt-0-2-42aniversario\/martinez-banegas\/\" rel=\"attachment wp-att-43255\"><img data-recalc-dims=\"1\" loading=\"lazy\" decoding=\"async\" class=\"aligncenter size-thumbnail wp-image-43255\" src=\"https:\/\/i0.wp.com\/www.manquepierda.com\/historiarealbetis\/files\/2015\/08\/Mart%C3%ADnez-Banegas.jpg?resize=165%2C220&#038;ssl=1\" alt=\"Mart\u00ednez Banegas\" width=\"165\" height=\"220\" srcset=\"https:\/\/i0.wp.com\/www.manquepierda.com\/historiarealbetis\/files\/2015\/08\/Mart%C3%ADnez-Banegas.jpg?resize=165%2C220&amp;ssl=1 165w, https:\/\/i0.wp.com\/www.manquepierda.com\/historiarealbetis\/files\/2015\/08\/Mart%C3%ADnez-Banegas.jpg?w=180&amp;ssl=1 180w\" sizes=\"auto, (max-width: 165px) 100vw, 165px\" \/><\/a>Arbitr\u00f3 el colegiado Juan Mart\u00ednez Banegas.-44 a\u00f1os+7 meses menos 23 d\u00edas.-Madrid, lunes 28-Enero 1929.-Buena labor.<\/p>\n<p style=\"text-align: justify\"><a href=\"https:\/\/www.manquepierda.com\/historiarealbetis\/43310-1973-agosto-05-campeon-real-betis-balompi-1-4-os-belenenses-1-3-42oaniversario\/previa\/\" rel=\"attachment wp-att-43314\"><img data-recalc-dims=\"1\" loading=\"lazy\" decoding=\"async\" class=\"aligncenter size-thumbnail wp-image-43314\" src=\"https:\/\/i0.wp.com\/www.manquepierda.com\/historiarealbetis\/files\/2015\/08\/Previa.jpg?resize=144%2C220&#038;ssl=1\" alt=\"Previa\" width=\"144\" height=\"220\" srcset=\"https:\/\/i0.wp.com\/www.manquepierda.com\/historiarealbetis\/files\/2015\/08\/Previa.jpg?resize=144%2C220&amp;ssl=1 144w, https:\/\/i0.wp.com\/www.manquepierda.com\/historiarealbetis\/files\/2015\/08\/Previa.jpg?resize=393%2C600&amp;ssl=1 393w, https:\/\/i0.wp.com\/www.manquepierda.com\/historiarealbetis\/files\/2015\/08\/Previa.jpg?resize=459%2C700&amp;ssl=1 459w, https:\/\/i0.wp.com\/www.manquepierda.com\/historiarealbetis\/files\/2015\/08\/Previa.jpg?w=801&amp;ssl=1 801w\" sizes=\"auto, (max-width: 144px) 100vw, 144px\" \/><\/a>\u00abEl saque de honor del partido final fue realizado por la reina de las fiestas de la bella ciudad gaditana;\u00a0 a su lado, el varias veces campe\u00f3n de motorismo \u00c1ngel Nieto\u00bb.-Foto Serrano (ABC-Sevilla).<\/p>\n<p style=\"text-align: center\">ALINEACIONES:<\/p>\n<p style=\"text-align: justify\"><strong><em>Presidente Real Betis Balompi\u00e9-Temporadas 1969-1970 \u00e1 1978-1979 (jueves 21-Junio), industrial, don Jos\u00e9 <img data-recalc-dims=\"1\" loading=\"lazy\" decoding=\"async\" class=\"alignright size-thumbnail wp-image-50898\" src=\"https:\/\/i0.wp.com\/www.manquepierda.com\/historiarealbetis\/files\/2015\/08\/Jos%C3%A9-N%C3%9A%C3%91EZ-NARANJO.jpg?resize=163%2C220&#038;ssl=1\" alt=\"Jos\u00e9 N\u00da\u00d1EZ NARANJO\" width=\"163\" height=\"220\" srcset=\"https:\/\/i0.wp.com\/www.manquepierda.com\/historiarealbetis\/files\/2015\/08\/Jos%C3%A9-N%C3%9A%C3%91EZ-NARANJO.jpg?resize=163%2C220&amp;ssl=1 163w, https:\/\/i0.wp.com\/www.manquepierda.com\/historiarealbetis\/files\/2015\/08\/Jos%C3%A9-N%C3%9A%C3%91EZ-NARANJO.jpg?resize=446%2C600&amp;ssl=1 446w, https:\/\/i0.wp.com\/www.manquepierda.com\/historiarealbetis\/files\/2015\/08\/Jos%C3%A9-N%C3%9A%C3%91EZ-NARANJO.jpg?resize=520%2C700&amp;ssl=1 520w, https:\/\/i0.wp.com\/www.manquepierda.com\/historiarealbetis\/files\/2015\/08\/Jos%C3%A9-N%C3%9A%C3%91EZ-NARANJO.jpg?w=682&amp;ssl=1 682w\" sizes=\"auto, (max-width: 163px) 100vw, 163px\" \/>N\u00da\u00d1EZ NARANJO (47 a\u00f1os+9 meses menos 16 d\u00edas)-Natural de Cazalla de la Sierra, s\u00e1bado 21 de Noviembre de 1925.-Obituario en Sevilla, s\u00e1bado 29 de Junio de 2013 (87 A\u00f1os+7 meses+8 d\u00edas) D. E. P.<\/em><\/strong><\/p>\n<p style=\"text-align: justify\"><strong><img data-recalc-dims=\"1\" loading=\"lazy\" decoding=\"async\" class=\"alignleft size-thumbnail wp-image-50863\" src=\"https:\/\/i0.wp.com\/www.manquepierda.com\/historiarealbetis\/files\/2015\/08\/Feren%C3%A7-SZUSZA.jpg?resize=156%2C220&#038;ssl=1\" alt=\"Feren\u00e7 SZUSZA\" width=\"156\" height=\"220\" srcset=\"https:\/\/i0.wp.com\/www.manquepierda.com\/historiarealbetis\/files\/2015\/08\/Feren%C3%A7-SZUSZA.jpg?resize=156%2C220&amp;ssl=1 156w, https:\/\/i0.wp.com\/www.manquepierda.com\/historiarealbetis\/files\/2015\/08\/Feren%C3%A7-SZUSZA.jpg?w=355&amp;ssl=1 355w\" sizes=\"auto, (max-width: 156px) 100vw, 156px\" \/>Entrenador Feren\u00e7 SZUSZA-Temporadas 1971-1972 \u00e1 1976-1977 [01\u00aa-08\u00aa Jornadas, ambas inclusive]: 49 a\u00f1os+8 meses+4 d\u00edas.-Natural de Budapest (Hungr\u00eda), s\u00e1bado 1\u00ba de Diciembre de 1923.-\u00cddem, martes 1\u00ba de Agosto de 2006 (82 A\u00f1os+8 meses) D. E. P.<\/strong><\/p>\n<p style=\"text-align: justify\"><img data-recalc-dims=\"1\" loading=\"lazy\" decoding=\"async\" class=\"size-full wp-image-50914 aligncenter\" src=\"https:\/\/i0.wp.com\/www.manquepierda.com\/historiarealbetis\/files\/2013\/07\/1957-RBB.jpg?resize=154%2C154&#038;ssl=1\" alt=\"1957-RBB\" width=\"154\" height=\"154\" \/><\/p>\n<p style=\"text-align: justify\"><strong>1973-1974 Segunda Divisi\u00f3n.-REAL BETIS BALOMPI\u00c9-1 GOL (4 Penalt\u00edes marcados.-5\u00ba no se lanz\u00f3).-CAMPE\u00d3N.<\/strong><\/p>\n<p style=\"text-align: center\"><strong>GUARDAMETA:<\/strong><\/p>\n<p style=\"text-align: justify\"><a href=\"https:\/\/www.manquepierda.com\/historiarealbetis\/43219-1974-agosto-03-la-linea-real-betis-balompie-1-cd-union-espanola-chile-0-41aniversario\/esnaola-larburu-jose-ramon-3\/\" rel=\"attachment wp-att-43228\"><img data-recalc-dims=\"1\" loading=\"lazy\" decoding=\"async\" class=\"aligncenter size-thumbnail wp-image-43228\" src=\"https:\/\/i0.wp.com\/www.manquepierda.com\/historiarealbetis\/files\/2015\/08\/ESNAOLA-Larburu-Jos%C3%A9-Ram%C3%B3n.jpg?resize=174%2C220&#038;ssl=1\" alt=\"ESNAOLA Larburu Jos\u00e9 Ram\u00f3n\" width=\"174\" height=\"220\" srcset=\"https:\/\/i0.wp.com\/www.manquepierda.com\/historiarealbetis\/files\/2015\/08\/ESNAOLA-Larburu-Jos%C3%A9-Ram%C3%B3n.jpg?resize=174%2C220&amp;ssl=1 174w, https:\/\/i0.wp.com\/www.manquepierda.com\/historiarealbetis\/files\/2015\/08\/ESNAOLA-Larburu-Jos%C3%A9-Ram%C3%B3n.jpg?w=452&amp;ssl=1 452w\" sizes=\"auto, (max-width: 174px) 100vw, 174px\" \/><\/a><strong>1.-Jos\u00e9 Ram\u00f3n ESNAOLA Larburu.-27 a\u00f1os+2 meses menos 25 d\u00edas.-ANDOAIN (Guip\u00fazcoa), domingo 30-Junio 1946.<\/strong><\/p>\n<p style=\"text-align: center\">Encaj\u00f3:<\/p>\n<p style=\"text-align: center\">1-1.-Vitor Manuel da Cruz GODINHO-115 minutos.<\/p>\n<p style=\"text-align: justify\"><strong>1er. penalti.-Parada espectacular, lanzamiento de Lu\u00eds Carlos Feij\u00e2o.-<\/strong>2\u00ba.-Vitor Manuel da Cruz GODINHO.-3\u00ba.-Jorge Oliveira CALADO.-4\u00ba.-Alfredo Manuel MUR\u00c7A.-<strong>5\u00ba.-CARDOSO fall\u00f3.<\/strong><\/p>\n<p style=\"text-align: center\"><strong>ZAGUEROS:<\/strong><\/p>\n<p style=\"text-align: justify\"><a href=\"https:\/\/www.manquepierda.com\/historiarealbetis\/43219-1974-agosto-03-la-linea-real-betis-balompie-1-cd-union-espanola-chile-0-41aniversario\/bizcocho-estevez-francisco-2\/\" rel=\"attachment wp-att-43229\"><img data-recalc-dims=\"1\" loading=\"lazy\" decoding=\"async\" class=\"aligncenter size-thumbnail wp-image-43229\" src=\"https:\/\/i0.wp.com\/www.manquepierda.com\/historiarealbetis\/files\/2015\/08\/BIZCOCHO-Estevez-Francisco.jpg?resize=175%2C220&#038;ssl=1\" alt=\"BIZCOCHO Estevez-Francisco\" width=\"175\" height=\"220\" srcset=\"https:\/\/i0.wp.com\/www.manquepierda.com\/historiarealbetis\/files\/2015\/08\/BIZCOCHO-Estevez-Francisco.jpg?resize=175%2C220&amp;ssl=1 175w, https:\/\/i0.wp.com\/www.manquepierda.com\/historiarealbetis\/files\/2015\/08\/BIZCOCHO-Estevez-Francisco.jpg?resize=478%2C600&amp;ssl=1 478w, https:\/\/i0.wp.com\/www.manquepierda.com\/historiarealbetis\/files\/2015\/08\/BIZCOCHO-Estevez-Francisco.jpg?w=547&amp;ssl=1 547w\" sizes=\"auto, (max-width: 175px) 100vw, 175px\" \/><\/a><strong>2-Lateral Diestro.-Francisco BIZCOCHO Est\u00e9vez.-22 a\u00f1os+7 meses menos 17 d\u00edas.-CORIA DEL R\u00cdO (Sevilla), lunes 22-Enero 1951.<\/strong><\/p>\n<p style=\"text-align: justify\"><a href=\"https:\/\/www.manquepierda.com\/historiarealbetis\/43219-1974-agosto-03-la-linea-real-betis-balompie-1-cd-union-espanola-chile-0-41aniversario\/biosca-perez-antonio-2\/\" rel=\"attachment wp-att-43233\"><img data-recalc-dims=\"1\" loading=\"lazy\" decoding=\"async\" class=\"aligncenter size-thumbnail wp-image-43233\" src=\"https:\/\/i0.wp.com\/www.manquepierda.com\/historiarealbetis\/files\/2015\/08\/BIOSCA-P%C3%A9rez-Antonio.jpg?resize=163%2C220&#038;ssl=1\" alt=\"BIOSCA P\u00e9rez-Antonio\" width=\"163\" height=\"220\" srcset=\"https:\/\/i0.wp.com\/www.manquepierda.com\/historiarealbetis\/files\/2015\/08\/BIOSCA-P%C3%A9rez-Antonio.jpg?resize=163%2C220&amp;ssl=1 163w, https:\/\/i0.wp.com\/www.manquepierda.com\/historiarealbetis\/files\/2015\/08\/BIOSCA-P%C3%A9rez-Antonio.jpg?resize=445%2C600&amp;ssl=1 445w, https:\/\/i0.wp.com\/www.manquepierda.com\/historiarealbetis\/files\/2015\/08\/BIOSCA-P%C3%A9rez-Antonio.jpg?resize=519%2C700&amp;ssl=1 519w, https:\/\/i0.wp.com\/www.manquepierda.com\/historiarealbetis\/files\/2015\/08\/BIOSCA-P%C3%A9rez-Antonio.jpg?w=545&amp;ssl=1 545w\" sizes=\"auto, (max-width: 163px) 100vw, 163px\" \/><\/a><strong>5-Central.-Antonio BIOSCA P\u00e9rez.-24 a\u00f1os+8 meses menos 3 d\u00edas.-ALMER\u00cdA, mi\u00e9rcoles 08-Diciembre 1948.<br \/>\n<\/strong><\/p>\n<p style=\"text-align: center\"><img data-recalc-dims=\"1\" loading=\"lazy\" decoding=\"async\" class=\"aligncenter size-thumbnail wp-image-50935\" src=\"https:\/\/i0.wp.com\/www.manquepierda.com\/historiarealbetis\/files\/2015\/08\/Francisco-Labrado-TELECH%C3%8DA-01.jpg?resize=164%2C220&#038;ssl=1\" alt=\"Francisco Labrado TELECH\u00cdA-01\" width=\"164\" height=\"220\" srcset=\"https:\/\/i0.wp.com\/www.manquepierda.com\/historiarealbetis\/files\/2015\/08\/Francisco-Labrado-TELECH%C3%8DA-01.jpg?resize=164%2C220&amp;ssl=1 164w, https:\/\/i0.wp.com\/www.manquepierda.com\/historiarealbetis\/files\/2015\/08\/Francisco-Labrado-TELECH%C3%8DA-01.jpg?resize=448%2C600&amp;ssl=1 448w, https:\/\/i0.wp.com\/www.manquepierda.com\/historiarealbetis\/files\/2015\/08\/Francisco-Labrado-TELECH%C3%8DA-01.jpg?resize=522%2C700&amp;ssl=1 522w, https:\/\/i0.wp.com\/www.manquepierda.com\/historiarealbetis\/files\/2015\/08\/Francisco-Labrado-TELECH%C3%8DA-01.jpg?w=591&amp;ssl=1 591w\" sizes=\"auto, (max-width: 164px) 100vw, 164px\" \/><\/p>\n<p style=\"text-align: justify\"><strong>3-Lateral Zurdo.-Francisco Labrado TELECH\u00cdA.-28 a\u00f1os menos 10 d\u00edas.-SEVILLA, mi\u00e9rcoles 15-Agosto 1945.<\/strong><\/p>\n<figure id=\"attachment_50932\" aria-describedby=\"caption-attachment-50932\" style=\"width: 1600px\" class=\"wp-caption alignnone\"><img data-recalc-dims=\"1\" loading=\"lazy\" decoding=\"async\" class=\"size-full wp-image-50932\" src=\"https:\/\/i0.wp.com\/www.manquepierda.com\/historiarealbetis\/files\/2015\/08\/TROFEOTrofeo.jpg?resize=1290%2C918&#038;ssl=1\" alt=\"mmm\" width=\"1290\" height=\"918\" srcset=\"https:\/\/i0.wp.com\/www.manquepierda.com\/historiarealbetis\/files\/2015\/08\/TROFEOTrofeo.jpg?w=1600&amp;ssl=1 1600w, https:\/\/i0.wp.com\/www.manquepierda.com\/historiarealbetis\/files\/2015\/08\/TROFEOTrofeo.jpg?resize=220%2C157&amp;ssl=1 220w, https:\/\/i0.wp.com\/www.manquepierda.com\/historiarealbetis\/files\/2015\/08\/TROFEOTrofeo.jpg?resize=680%2C484&amp;ssl=1 680w, https:\/\/i0.wp.com\/www.manquepierda.com\/historiarealbetis\/files\/2015\/08\/TROFEOTrofeo.jpg?resize=768%2C547&amp;ssl=1 768w, https:\/\/i0.wp.com\/www.manquepierda.com\/historiarealbetis\/files\/2015\/08\/TROFEOTrofeo.jpg?resize=960%2C683&amp;ssl=1 960w\" sizes=\"auto, (max-width: 1290px) 100vw, 1290px\" \/><figcaption id=\"caption-attachment-50932\" class=\"wp-caption-text\"><em>Fuente-cortes\u00eda lalineaenblancoynegro.blogspot.com,es \u00abJuan Blasco Quintana, Gabriel Frutos y Lu\u00eds Guijarro\u00bb-<strong>Francisco Labrado Telech\u00eda-capit\u00e1n de Real Betis Balompi\u00e9 sosteniendo el IV TROFEO CIUDAD DE LA L\u00cdNEA.<\/strong><\/em><\/figcaption><\/figure>\n<p style=\"text-align: center\"><strong>MEDIOS:<\/strong><\/p>\n<p style=\"text-align: justify\"><a href=\"https:\/\/www.manquepierda.com\/historiarealbetis\/43219-1974-agosto-03-la-linea-real-betis-balompie-1-cd-union-espanola-chile-0-41aniversario\/sabate-mercade-jaime-3\/\" rel=\"attachment wp-att-43232\"><img data-recalc-dims=\"1\" loading=\"lazy\" decoding=\"async\" class=\"aligncenter size-thumbnail wp-image-43232\" src=\"https:\/\/i0.wp.com\/www.manquepierda.com\/historiarealbetis\/files\/2015\/08\/SABAT%C3%89-Mercad%C3%A9-Jaime.jpg?resize=137%2C220&#038;ssl=1\" alt=\"SABAT\u00c9 Mercad\u00e9-Jaime\" width=\"137\" height=\"220\" srcset=\"https:\/\/i0.wp.com\/www.manquepierda.com\/historiarealbetis\/files\/2015\/08\/SABAT%C3%89-Mercad%C3%A9-Jaime.jpg?resize=137%2C220&amp;ssl=1 137w, https:\/\/i0.wp.com\/www.manquepierda.com\/historiarealbetis\/files\/2015\/08\/SABAT%C3%89-Mercad%C3%A9-Jaime.jpg?resize=373%2C600&amp;ssl=1 373w, https:\/\/i0.wp.com\/www.manquepierda.com\/historiarealbetis\/files\/2015\/08\/SABAT%C3%89-Mercad%C3%A9-Jaime.jpg?resize=435%2C700&amp;ssl=1 435w, https:\/\/i0.wp.com\/www.manquepierda.com\/historiarealbetis\/files\/2015\/08\/SABAT%C3%89-Mercad%C3%A9-Jaime.jpg?w=562&amp;ssl=1 562w\" sizes=\"auto, (max-width: 137px) 100vw, 137px\" \/><\/a><strong>4-Diestro.-Jaime SABAT\u00c9 Mercad\u00e9.-26 a\u00f1os menos 4 d\u00edas.-BADALONA (Barcelona), s\u00e1bado 09-Agosto 1947.<\/strong><\/p>\n<p style=\"text-align: justify\"><a href=\"https:\/\/www.manquepierda.com\/historiarealbetis\/43310-1973-agosto-05-campeon-real-betis-balompi-1-4-os-belenenses-1-3-42oaniversario\/jose-maria-mellado-resina\/\" rel=\"attachment wp-att-43315\"><img data-recalc-dims=\"1\" loading=\"lazy\" decoding=\"async\" class=\"aligncenter size-thumbnail wp-image-43315\" src=\"https:\/\/i0.wp.com\/www.manquepierda.com\/historiarealbetis\/files\/2015\/08\/Jos%C3%A9-Mar%C3%ADa-Mellado-Resina.png?resize=188%2C220&#038;ssl=1\" alt=\"Jos\u00e9 Mar\u00eda Mellado Resina\" width=\"188\" height=\"220\" srcset=\"https:\/\/i0.wp.com\/www.manquepierda.com\/historiarealbetis\/files\/2015\/08\/Jos%C3%A9-Mar%C3%ADa-Mellado-Resina.png?resize=188%2C220&amp;ssl=1 188w, https:\/\/i0.wp.com\/www.manquepierda.com\/historiarealbetis\/files\/2015\/08\/Jos%C3%A9-Mar%C3%ADa-Mellado-Resina.png?w=191&amp;ssl=1 191w\" sizes=\"auto, (max-width: 188px) 100vw, 188px\" \/><\/a><strong>6-Zurdo.-Jos\u00e9 Mar\u00eda MELLADO Resina.-25 a\u00f1os+5 meses menos 14 d\u00edas.-SEVILLA, viernes 19-Marzo 1948.<\/strong><\/p>\n<p style=\"text-align: justify\"><a href=\"https:\/\/www.manquepierda.com\/historiarealbetis\/43250-1973-agosto-04-semifinal-real-betis-balompie-0-4-eintracht-frankfurt-0-2-42aniversario\/jenaro-roig\/\" rel=\"attachment wp-att-43258\"><img data-recalc-dims=\"1\" loading=\"lazy\" decoding=\"async\" class=\"aligncenter size-thumbnail wp-image-43258\" src=\"https:\/\/i0.wp.com\/www.manquepierda.com\/historiarealbetis\/files\/2015\/08\/Jenaro-Roig.jpg?resize=220%2C181&#038;ssl=1\" alt=\"Jenaro Roig\" width=\"220\" height=\"181\" srcset=\"https:\/\/i0.wp.com\/www.manquepierda.com\/historiarealbetis\/files\/2015\/08\/Jenaro-Roig.jpg?resize=220%2C181&amp;ssl=1 220w, https:\/\/i0.wp.com\/www.manquepierda.com\/historiarealbetis\/files\/2015\/08\/Jenaro-Roig.jpg?w=633&amp;ssl=1 633w\" sizes=\"auto, (max-width: 220px) 100vw, 220px\" \/><\/a><strong>46 minutos entr\u00f3 JENARO Roig Tramoyeres.-26 a\u00f1os+3 meses menos 7 d\u00edas.-BENIMANET (Valencia), lunes 12-Mayo 1947.<\/strong><\/p>\n<p style=\"text-align: center\"><strong>DELANTEROS:<\/strong><\/p>\n<p style=\"text-align: justify\"><a href=\"https:\/\/www.manquepierda.com\/historiarealbetis\/43250-1973-agosto-04-semifinal-real-betis-balompie-0-4-eintracht-frankfurt-0-2-42aniversario\/del-pozo-3\/\" rel=\"attachment wp-att-43259\"><img data-recalc-dims=\"1\" loading=\"lazy\" decoding=\"async\" class=\"aligncenter size-thumbnail wp-image-43259\" src=\"https:\/\/i0.wp.com\/www.manquepierda.com\/historiarealbetis\/files\/2015\/08\/DEL-POZO.png?resize=188%2C220&#038;ssl=1\" alt=\"DEL POZO\" width=\"188\" height=\"220\" srcset=\"https:\/\/i0.wp.com\/www.manquepierda.com\/historiarealbetis\/files\/2015\/08\/DEL-POZO.png?resize=188%2C220&amp;ssl=1 188w, https:\/\/i0.wp.com\/www.manquepierda.com\/historiarealbetis\/files\/2015\/08\/DEL-POZO.png?w=191&amp;ssl=1 191w\" sizes=\"auto, (max-width: 188px) 100vw, 188px\" \/><\/a><strong>7-Extremo Diestro.-Rafael S\u00e1nchez DEL POZO.-21 a\u00f1os+10 meses menos 11 d\u00edas.-JEREZ DE LA FRONTERA (C\u00e1diz), martes 16-Octubre 1951.<\/strong><\/p>\n<p style=\"text-align: justify\"><a href=\"https:\/\/www.manquepierda.com\/historiarealbetis\/43250-1973-agosto-04-semifinal-real-betis-balompie-0-4-eintracht-frankfurt-0-2-42aniversario\/jorge-olmedo-mendez-2\/\" rel=\"attachment wp-att-43260\"><img data-recalc-dims=\"1\" loading=\"lazy\" decoding=\"async\" class=\"aligncenter size-thumbnail wp-image-43260\" src=\"https:\/\/i0.wp.com\/www.manquepierda.com\/historiarealbetis\/files\/2015\/08\/Jorge-Olmedo-M%C3%A9ndez.jpg?resize=139%2C220&#038;ssl=1\" alt=\"Jorge Olmedo M\u00e9ndez\" width=\"139\" height=\"220\" srcset=\"https:\/\/i0.wp.com\/www.manquepierda.com\/historiarealbetis\/files\/2015\/08\/Jorge-Olmedo-M%C3%A9ndez.jpg?resize=139%2C220&amp;ssl=1 139w, https:\/\/i0.wp.com\/www.manquepierda.com\/historiarealbetis\/files\/2015\/08\/Jorge-Olmedo-M%C3%A9ndez.jpg?w=236&amp;ssl=1 236w\" sizes=\"auto, (max-width: 139px) 100vw, 139px\" \/><\/a><\/p>\n<p style=\"text-align: center\"><span style=\"color: #008000\"><em><strong>***Logr\u00f3 el 3er Penalti***<\/strong><\/em><\/span><\/p>\n<p style=\"text-align: justify\"><strong>8-Interior Diestro.-Jorge H\u00e9ctor OLMEDO M\u00e9ndez.-28 a\u00f1os+11 meses+3 d\u00edas.-BUENOS AIRES (Argentina), s\u00e1bado 02-Septiembre 1944.-\u00cdDEM, viernes 22-Agosto 2014.-69 A\u00f1os+11 meses+20 d\u00edas.-D. E. P.<\/strong><\/p>\n<p style=\"text-align: justify\"><a href=\"https:\/\/www.manquepierda.com\/historiarealbetis\/43250-1973-agosto-04-semifinal-real-betis-balompie-0-4-eintracht-frankfurt-0-2-42aniversario\/jose-nebot-navarro-3\/\" rel=\"attachment wp-att-43261\"><img data-recalc-dims=\"1\" loading=\"lazy\" decoding=\"async\" class=\"aligncenter size-thumbnail wp-image-43261\" src=\"https:\/\/i0.wp.com\/www.manquepierda.com\/historiarealbetis\/files\/2015\/08\/Jos%C3%A9-Nebot-Navarro.jpg?resize=170%2C220&#038;ssl=1\" alt=\"Jos\u00e9 Nebot Navarro\" width=\"170\" height=\"220\" srcset=\"https:\/\/i0.wp.com\/www.manquepierda.com\/historiarealbetis\/files\/2015\/08\/Jos%C3%A9-Nebot-Navarro.jpg?resize=170%2C220&amp;ssl=1 170w, https:\/\/i0.wp.com\/www.manquepierda.com\/historiarealbetis\/files\/2015\/08\/Jos%C3%A9-Nebot-Navarro.jpg?resize=464%2C600&amp;ssl=1 464w, https:\/\/i0.wp.com\/www.manquepierda.com\/historiarealbetis\/files\/2015\/08\/Jos%C3%A9-Nebot-Navarro.jpg?w=517&amp;ssl=1 517w\" sizes=\"auto, (max-width: 170px) 100vw, 170px\" \/><\/a><strong>9-Centro Delantero-Ariete.-25 a\u00f1os+11 meses.-Jos\u00e9 NEBOT Navarro.-NULES (Castell\u00f3n), viernes 05-Septiembre 1947.-PALMA DE MALLORCA, martes 26-Noviembre 2013.-66 A\u00f1os+2 meses+21 d\u00edas.-D. E. P.<\/strong><\/p>\n<p style=\"text-align: justify\"><a href=\"https:\/\/www.manquepierda.com\/historiarealbetis\/43250-1973-agosto-04-semifinal-real-betis-balompie-0-4-eintracht-frankfurt-0-2-42aniversario\/rodolfo-orife\/\" rel=\"attachment wp-att-43262\"><img data-recalc-dims=\"1\" loading=\"lazy\" decoding=\"async\" class=\"aligncenter size-thumbnail wp-image-43262\" src=\"https:\/\/i0.wp.com\/www.manquepierda.com\/historiarealbetis\/files\/2015\/08\/Rodolfo-ORIFE.jpg?resize=179%2C220&#038;ssl=1\" alt=\"Rodolfo ORIFE\" width=\"179\" height=\"220\" srcset=\"https:\/\/i0.wp.com\/www.manquepierda.com\/historiarealbetis\/files\/2015\/08\/Rodolfo-ORIFE.jpg?resize=179%2C220&amp;ssl=1 179w, https:\/\/i0.wp.com\/www.manquepierda.com\/historiarealbetis\/files\/2015\/08\/Rodolfo-ORIFE.jpg?w=297&amp;ssl=1 297w\" sizes=\"auto, (max-width: 179px) 100vw, 179px\" \/><\/a><strong>Lesionado.-Entr\u00f3 a los 23 minutos entr\u00f3 Rodolfo Alfredo ORIFE P\u00e9rez.-25 a\u00f1os+9 meses menos 7 d\u00edas.-ROSARIO (Argentina), mi\u00e9rcoles 12-Noviembre 1947.-*<\/strong><em><strong><span style=\"color: #008000\">Marc\u00f3 el 1er Penalti*<br \/>\n<\/span><\/strong><\/em><\/p>\n<p style=\"text-align: justify\"><a href=\"https:\/\/www.manquepierda.com\/historiarealbetis\/43219-1974-agosto-03-la-linea-real-betis-balompie-1-cd-union-espanola-chile-0-41aniversario\/rogelio-sosa-ramirez-8\/\" rel=\"attachment wp-att-43236\"><img data-recalc-dims=\"1\" loading=\"lazy\" decoding=\"async\" class=\"aligncenter size-thumbnail wp-image-43236\" src=\"https:\/\/i0.wp.com\/www.manquepierda.com\/historiarealbetis\/files\/2015\/08\/ROGELIO-sosa-ram%C3%ADrez.jpg?resize=128%2C220&#038;ssl=1\" alt=\"ROGELIO sosa ram\u00edrez\" width=\"128\" height=\"220\" srcset=\"https:\/\/i0.wp.com\/www.manquepierda.com\/historiarealbetis\/files\/2015\/08\/ROGELIO-sosa-ram%C3%ADrez.jpg?resize=128%2C220&amp;ssl=1 128w, https:\/\/i0.wp.com\/www.manquepierda.com\/historiarealbetis\/files\/2015\/08\/ROGELIO-sosa-ram%C3%ADrez.jpg?resize=348%2C600&amp;ssl=1 348w, https:\/\/i0.wp.com\/www.manquepierda.com\/historiarealbetis\/files\/2015\/08\/ROGELIO-sosa-ram%C3%ADrez.jpg?resize=406%2C700&amp;ssl=1 406w, https:\/\/i0.wp.com\/www.manquepierda.com\/historiarealbetis\/files\/2015\/08\/ROGELIO-sosa-ram%C3%ADrez.jpg?w=1281&amp;ssl=1 1281w\" sizes=\"auto, (max-width: 128px) 100vw, 128px\" \/><\/a><strong>10-Interior Zurdo.-ROGELIO Sosa Ram\u00edrez.-30 a\u00f1os+4 meses menos 6 d\u00edas.-CORIA DEL R\u00cdO (Sevilla), jueves 04-Noviembre 1943.<\/strong><\/p>\n<p style=\"text-align: justify\"><a href=\"https:\/\/www.manquepierda.com\/historiarealbetis\/43219-1974-agosto-03-la-linea-real-betis-balompie-1-cd-union-espanola-chile-0-41aniversario\/fernando-aramburu-escobar-2\/\" rel=\"attachment wp-att-43239\"><img data-recalc-dims=\"1\" loading=\"lazy\" decoding=\"async\" class=\"aligncenter size-full wp-image-43239\" src=\"https:\/\/i0.wp.com\/www.manquepierda.com\/historiarealbetis\/files\/2015\/08\/Fernando-ARAMBURU-Escobar.png?resize=191%2C223&#038;ssl=1\" alt=\"Fernando ARAMBURU Escobar\" width=\"191\" height=\"223\" srcset=\"https:\/\/i0.wp.com\/www.manquepierda.com\/historiarealbetis\/files\/2015\/08\/Fernando-ARAMBURU-Escobar.png?w=191&amp;ssl=1 191w, https:\/\/i0.wp.com\/www.manquepierda.com\/historiarealbetis\/files\/2015\/08\/Fernando-ARAMBURU-Escobar.png?resize=188%2C220&amp;ssl=1 188w\" sizes=\"auto, (max-width: 191px) 100vw, 191px\" \/><\/a><strong>88 minutos.-Entr\u00f3 Fernando ARAMBURU Escobar.-23 a\u00f1os+11 meses menos 1 d\u00eda.-SANTURTZI, martes 06-Septiembre 1949.<\/strong><\/p>\n<p style=\"text-align: justify\"><em><strong><span style=\"color: #008000\">*1-0.-110 minutos.-Del Pozo chuta el esf\u00e9rico hacia el centro de la zaga portuguesa, Fernando le gana la acci\u00f3n a un defensa del Os Belenenses, chut batiendo al arquero F\u00e9lix Mourinho.<\/span><\/strong><\/em><\/p>\n<p style=\"text-align: center\"><img data-recalc-dims=\"1\" loading=\"lazy\" decoding=\"async\" class=\"aligncenter size-medium wp-image-50942\" src=\"https:\/\/i0.wp.com\/www.manquepierda.com\/historiarealbetis\/files\/2015\/08\/4%C2%BAP.jpg?resize=680%2C377&#038;ssl=1\" alt=\"4\u00baP\" width=\"680\" height=\"377\" srcset=\"https:\/\/i0.wp.com\/www.manquepierda.com\/historiarealbetis\/files\/2015\/08\/4%C2%BAP.jpg?resize=680%2C377&amp;ssl=1 680w, https:\/\/i0.wp.com\/www.manquepierda.com\/historiarealbetis\/files\/2015\/08\/4%C2%BAP.jpg?resize=220%2C122&amp;ssl=1 220w, https:\/\/i0.wp.com\/www.manquepierda.com\/historiarealbetis\/files\/2015\/08\/4%C2%BAP.jpg?resize=768%2C426&amp;ssl=1 768w, https:\/\/i0.wp.com\/www.manquepierda.com\/historiarealbetis\/files\/2015\/08\/4%C2%BAP.jpg?resize=960%2C532&amp;ssl=1 960w\" sizes=\"auto, (max-width: 680px) 100vw, 680px\" \/><\/p>\n<p style=\"text-align: center\"><em><strong><span style=\"color: #008000\">**** Marc\u00f3 el cuarto penalti****<\/span><\/strong><\/em><\/p>\n<p style=\"text-align: justify\"><strong><a href=\"https:\/\/www.manquepierda.com\/historiarealbetis\/43219-1974-agosto-03-la-linea-real-betis-balompie-1-cd-union-espanola-chile-0-41aniversario\/benitez-fernandez-antonio-3\/\" rel=\"attachment wp-att-43234\"><img data-recalc-dims=\"1\" loading=\"lazy\" decoding=\"async\" class=\"aligncenter size-thumbnail wp-image-43234\" src=\"https:\/\/i0.wp.com\/www.manquepierda.com\/historiarealbetis\/files\/2015\/08\/BEN%C3%8DTEZ-Fern%C3%A1ndez-Antonio.jpg?resize=112%2C220&#038;ssl=1\" alt=\"BEN\u00cdTEZ Fern\u00e1ndez-Antonio\" width=\"112\" height=\"220\" srcset=\"https:\/\/i0.wp.com\/www.manquepierda.com\/historiarealbetis\/files\/2015\/08\/BEN%C3%8DTEZ-Fern%C3%A1ndez-Antonio.jpg?resize=112%2C220&amp;ssl=1 112w, https:\/\/i0.wp.com\/www.manquepierda.com\/historiarealbetis\/files\/2015\/08\/BEN%C3%8DTEZ-Fern%C3%A1ndez-Antonio.jpg?resize=306%2C600&amp;ssl=1 306w, https:\/\/i0.wp.com\/www.manquepierda.com\/historiarealbetis\/files\/2015\/08\/BEN%C3%8DTEZ-Fern%C3%A1ndez-Antonio.jpg?resize=357%2C700&amp;ssl=1 357w, https:\/\/i0.wp.com\/www.manquepierda.com\/historiarealbetis\/files\/2015\/08\/BEN%C3%8DTEZ-Fern%C3%A1ndez-Antonio.jpg?w=484&amp;ssl=1 484w\" sizes=\"auto, (max-width: 112px) 100vw, 112px\" \/><\/a><\/strong><\/p>\n<p style=\"text-align: center\"><span style=\"color: #008000\"><em><strong>**Marc\u00f3 el 2\u00ba penalti**<\/strong><\/em><\/span><\/p>\n<p style=\"text-align: justify\"><strong>11-Extremo Zurdo.-Antonio BEN\u00cdTEZ Fern\u00e1ndez.-22 a\u00f1os+2 meses+3 d\u00edas.-JEREZ DE LA FRONTERA (C\u00e1diz), s\u00e1bado 02-Junio 1951.-\u00cdDEM, mi\u00e9rcoles 19-Febrero 2014.-62 A\u00f1os+8 meses+17 d\u00edas.-D. E. P.<\/strong><\/p>\n<p style=\"text-align: justify\"><a href=\"https:\/\/www.manquepierda.com\/historiarealbetis\/43310-1973-agosto-05-campeon-real-betis-balompi-1-4-os-belenenses-1-3-42oaniversario\/19730805rbb\/\" rel=\"attachment wp-att-43316\"><img data-recalc-dims=\"1\" loading=\"lazy\" decoding=\"async\" class=\"aligncenter size-medium wp-image-43316\" src=\"https:\/\/i0.wp.com\/www.manquepierda.com\/historiarealbetis\/files\/2015\/08\/19730805RBB.jpg?resize=680%2C458&#038;ssl=1\" alt=\"19730805RBB\" width=\"680\" height=\"458\" srcset=\"https:\/\/i0.wp.com\/www.manquepierda.com\/historiarealbetis\/files\/2015\/08\/19730805RBB.jpg?resize=680%2C458&amp;ssl=1 680w, https:\/\/i0.wp.com\/www.manquepierda.com\/historiarealbetis\/files\/2015\/08\/19730805RBB.jpg?resize=220%2C148&amp;ssl=1 220w, https:\/\/i0.wp.com\/www.manquepierda.com\/historiarealbetis\/files\/2015\/08\/19730805RBB.jpg?resize=960%2C647&amp;ssl=1 960w, https:\/\/i0.wp.com\/www.manquepierda.com\/historiarealbetis\/files\/2015\/08\/19730805RBB.jpg?w=1712&amp;ssl=1 1712w\" sizes=\"auto, (max-width: 680px) 100vw, 680px\" \/><\/a><strong>\u00abEl equipo del Real Betis Balompi\u00e9 que alcanz\u00f3,\u00a0 tras su victoria sobre Os Belenenses,\u00a0 el IV TROFEO \u00abCIUDAD DE LA L\u00cdNEA\u00bb.-Foto Serrano ABC-SE-19730807.<\/strong><\/p>\n<p style=\"text-align: center\">Vs.<\/p>\n<p style=\"text-align: center\"><a href=\"https:\/\/www.manquepierda.com\/historiarealbetis\/43310-1973-agosto-05-campeon-real-betis-balompi-1-4-os-belenenses-1-3-42oaniversario\/belenenses_port\/\" rel=\"attachment wp-att-43317\"><img data-recalc-dims=\"1\" loading=\"lazy\" decoding=\"async\" class=\"aligncenter size-full wp-image-43317\" src=\"https:\/\/i0.wp.com\/www.manquepierda.com\/historiarealbetis\/files\/2015\/08\/belenenses_port.gif?resize=152%2C192&#038;ssl=1\" alt=\"belenenses_port\" width=\"152\" height=\"192\" \/><\/a><strong>Fundaci\u00f3n martes 23-Septiembre 1919.<\/strong><\/p>\n<p style=\"text-align: center\"><strong>CLUBE DE FUTEBOL OS BELENENSES (Portugal)-1 Tanto+(3 penalt\u00edes marcados).<br \/>\n<\/strong><\/p>\n<p style=\"text-align: center\"><img data-recalc-dims=\"1\" loading=\"lazy\" decoding=\"async\" class=\"aligncenter size-thumbnail wp-image-50943\" src=\"https:\/\/i0.wp.com\/www.manquepierda.com\/historiarealbetis\/files\/2015\/08\/baptista_da_silva.jpg?resize=220%2C146&#038;ssl=1\" alt=\"baptista_da_silva\" width=\"220\" height=\"146\" srcset=\"https:\/\/i0.wp.com\/www.manquepierda.com\/historiarealbetis\/files\/2015\/08\/baptista_da_silva.jpg?resize=220%2C146&amp;ssl=1 220w, https:\/\/i0.wp.com\/www.manquepierda.com\/historiarealbetis\/files\/2015\/08\/baptista_da_silva.jpg?w=400&amp;ssl=1 400w\" sizes=\"auto, (max-width: 220px) 100vw, 220px\" \/><\/p>\n<p style=\"text-align: center\">Baptista DA SILVA-Presidente.<\/p>\n<p style=\"text-align: center\"><img data-recalc-dims=\"1\" loading=\"lazy\" decoding=\"async\" class=\"aligncenter size-thumbnail wp-image-50944\" src=\"https:\/\/i0.wp.com\/www.manquepierda.com\/historiarealbetis\/files\/2015\/08\/a-scopelli.jpg?resize=164%2C220&#038;ssl=1\" alt=\"a-scopelli\" width=\"164\" height=\"220\" srcset=\"https:\/\/i0.wp.com\/www.manquepierda.com\/historiarealbetis\/files\/2015\/08\/a-scopelli.jpg?resize=164%2C220&amp;ssl=1 164w, https:\/\/i0.wp.com\/www.manquepierda.com\/historiarealbetis\/files\/2015\/08\/a-scopelli.jpg?w=224&amp;ssl=1 224w\" sizes=\"auto, (max-width: 164px) 100vw, 164px\" \/><\/p>\n<p style=\"text-align: center\">Alejandro Scopelli Casanova.-Entrenador.<\/p>\n<p style=\"text-align: center\"><a href=\"https:\/\/www.manquepierda.com\/historiarealbetis\/43310-1973-agosto-05-campeon-real-betis-balompi-1-4-os-belenenses-1-3-42oaniversario\/felix-mourinho\/\" rel=\"attachment wp-att-43318\"><img data-recalc-dims=\"1\" loading=\"lazy\" decoding=\"async\" class=\"aligncenter size-thumbnail wp-image-43318\" src=\"https:\/\/i0.wp.com\/www.manquepierda.com\/historiarealbetis\/files\/2015\/08\/Felix-MOURINHO.png?resize=160%2C220&#038;ssl=1\" alt=\"Felix MOURINHO\" width=\"160\" height=\"220\" srcset=\"https:\/\/i0.wp.com\/www.manquepierda.com\/historiarealbetis\/files\/2015\/08\/Felix-MOURINHO.png?resize=160%2C220&amp;ssl=1 160w, https:\/\/i0.wp.com\/www.manquepierda.com\/historiarealbetis\/files\/2015\/08\/Felix-MOURINHO.png?w=390&amp;ssl=1 390w\" sizes=\"auto, (max-width: 160px) 100vw, 160px\" \/><\/a>1-Felix MOURINHO.-<strong>1 gol encajados+4 penalt\u00edes.<\/strong><strong><br \/>\n<\/strong><\/p>\n<p style=\"text-align: center\"><img data-recalc-dims=\"1\" loading=\"lazy\" decoding=\"async\" class=\"aligncenter size-thumbnail wp-image-50939\" src=\"https:\/\/i0.wp.com\/www.manquepierda.com\/historiarealbetis\/files\/2015\/08\/alfredo-mur%C3%A7a.jpg?resize=153%2C220&#038;ssl=1\" alt=\"alfredo mur\u00e7a\" width=\"153\" height=\"220\" srcset=\"https:\/\/i0.wp.com\/www.manquepierda.com\/historiarealbetis\/files\/2015\/08\/alfredo-mur%C3%A7a.jpg?resize=153%2C220&amp;ssl=1 153w, https:\/\/i0.wp.com\/www.manquepierda.com\/historiarealbetis\/files\/2015\/08\/alfredo-mur%C3%A7a.jpg?w=279&amp;ssl=1 279w\" sizes=\"auto, (max-width: 153px) 100vw, 153px\" \/><\/p>\n<p style=\"text-align: center\">2-Alfredo Manuel Ferreira da Silva MUR\u00c7A <strong>(logr\u00f3 1 penalti)***<\/strong><\/p>\n<p style=\"text-align: center\"><img data-recalc-dims=\"1\" loading=\"lazy\" decoding=\"async\" class=\"aligncenter size-full wp-image-50937\" src=\"https:\/\/i0.wp.com\/www.manquepierda.com\/historiarealbetis\/files\/2015\/08\/Jorge_calado.png?resize=100%2C118&#038;ssl=1\" alt=\"Jorge_calado\" width=\"100\" height=\"118\" \/><\/p>\n<p style=\"text-align: center\">5-Jorge Oliveira CALADO <strong>(marc\u00f3 1 penalti)**<\/strong><\/p>\n<p style=\"text-align: left\">3-Fernando Ant\u00f3nio Jos\u00e9 FREITAS Alexandrino.<\/p>\n<p style=\"text-align: left\">4-Minervino Jos\u00e9 Lopes PIETRA.<\/p>\n<p style=\"text-align: left\">6-Alfredo Perrulas QUARESMA.<\/p>\n<p style=\"text-align: left\">7-Joaquin Lucas Duro de Jes\u00fas (a) \u00abQUINITO\u00bb.<\/p>\n<p style=\"text-align: left\">8-Helder Jos\u00e9 da Costa ERNESTO (79 minutos: Jos\u00e9 da Costa Guilherme (a) \u00abPINCHO\u00bb).<\/p>\n<p style=\"text-align: center\"><img data-recalc-dims=\"1\" loading=\"lazy\" decoding=\"async\" class=\"aligncenter size-thumbnail wp-image-50940\" src=\"https:\/\/i0.wp.com\/www.manquepierda.com\/historiarealbetis\/files\/2015\/08\/Lu%C3%ADs-Carlos-.jpg?resize=220%2C158&#038;ssl=1\" alt=\"Lu\u00eds Carlos\" width=\"220\" height=\"158\" srcset=\"https:\/\/i0.wp.com\/www.manquepierda.com\/historiarealbetis\/files\/2015\/08\/Lu%C3%ADs-Carlos-.jpg?resize=220%2C158&amp;ssl=1 220w, https:\/\/i0.wp.com\/www.manquepierda.com\/historiarealbetis\/files\/2015\/08\/Lu%C3%ADs-Carlos-.jpg?w=640&amp;ssl=1 640w\" sizes=\"auto, (max-width: 220px) 100vw, 220px\" \/><\/p>\n<p style=\"text-align: center\">9-LU\u00cdS CARLOS Feij\u00e2o <strong>(parada espectacular de Jos\u00e9 Ram\u00f3n Esnaola)<\/strong>.<\/p>\n<p style=\"text-align: center\"><img data-recalc-dims=\"1\" loading=\"lazy\" decoding=\"async\" class=\"aligncenter size-thumbnail wp-image-50938\" src=\"https:\/\/i0.wp.com\/www.manquepierda.com\/historiarealbetis\/files\/2015\/08\/Godinho.jpg?resize=220%2C159&#038;ssl=1\" alt=\"Godinho\" width=\"220\" height=\"159\" srcset=\"https:\/\/i0.wp.com\/www.manquepierda.com\/historiarealbetis\/files\/2015\/08\/Godinho.jpg?resize=220%2C159&amp;ssl=1 220w, https:\/\/i0.wp.com\/www.manquepierda.com\/historiarealbetis\/files\/2015\/08\/Godinho.jpg?w=640&amp;ssl=1 640w\" sizes=\"auto, (max-width: 220px) 100vw, 220px\" \/><\/p>\n<p style=\"text-align: justify\">10-Vitor Manuel da Cruz GODINHO:\u00a0<strong>1-1.-115 minutos, desde fuera del \u00e1rea verdiblanca Vitor Manuel lanz\u00f3 un chut dur\u00edsimo hacia un \u00e1ngulo de la meta defendida por ESNAOLA y el bal\u00f3n bot\u00f3 detr\u00e1s de la l\u00ednea de gol.-Logr\u00f3 marcar 1 penalti*<\/strong><\/p>\n<p style=\"text-align: center\">11-\u00c1lvaro RAMALHO.<\/p>\n<p style=\"text-align: center\"><img data-recalc-dims=\"1\" loading=\"lazy\" decoding=\"async\" class=\"aligncenter size-thumbnail wp-image-50941\" src=\"https:\/\/i0.wp.com\/www.manquepierda.com\/historiarealbetis\/files\/2015\/08\/jcardoso-bi.jpg?resize=182%2C220&#038;ssl=1\" alt=\"jcardoso bi\" width=\"182\" height=\"220\" srcset=\"https:\/\/i0.wp.com\/www.manquepierda.com\/historiarealbetis\/files\/2015\/08\/jcardoso-bi.jpg?resize=182%2C220&amp;ssl=1 182w, https:\/\/i0.wp.com\/www.manquepierda.com\/historiarealbetis\/files\/2015\/08\/jcardoso-bi.jpg?resize=497%2C600&amp;ssl=1 497w, https:\/\/i0.wp.com\/www.manquepierda.com\/historiarealbetis\/files\/2015\/08\/jcardoso-bi.jpg?resize=768%2C928&amp;ssl=1 768w, https:\/\/i0.wp.com\/www.manquepierda.com\/historiarealbetis\/files\/2015\/08\/jcardoso-bi.jpg?resize=579%2C700&amp;ssl=1 579w, https:\/\/i0.wp.com\/www.manquepierda.com\/historiarealbetis\/files\/2015\/08\/jcardoso-bi.jpg?w=1200&amp;ssl=1 1200w\" sizes=\"auto, (max-width: 182px) 100vw, 182px\" \/><\/p>\n<p style=\"text-align: center\">(65 minutos: Jo\u00e2o Soares CARDOSO-<strong>fall\u00f3 5\u00ba penalti<\/strong>).<\/p>\n<p style=\"text-align: left\"><a href=\"https:\/\/www.manquepierda.com\/historiarealbetis\/43310-1973-agosto-05-campeon-real-betis-balompi-1-4-os-belenenses-1-3-42oaniversario\/serrano-3\/\" rel=\"attachment wp-att-43319\"><img data-recalc-dims=\"1\" loading=\"lazy\" decoding=\"async\" class=\"aligncenter size-large wp-image-43319\" src=\"https:\/\/i0.wp.com\/www.manquepierda.com\/historiarealbetis\/files\/2015\/08\/serrano-3.jpg?resize=504%2C700&#038;ssl=1\" alt=\"serrano-3\" width=\"504\" height=\"700\" srcset=\"https:\/\/i0.wp.com\/www.manquepierda.com\/historiarealbetis\/files\/2015\/08\/serrano-3.jpg?resize=504%2C700&amp;ssl=1 504w, https:\/\/i0.wp.com\/www.manquepierda.com\/historiarealbetis\/files\/2015\/08\/serrano-3.jpg?resize=158%2C220&amp;ssl=1 158w, https:\/\/i0.wp.com\/www.manquepierda.com\/historiarealbetis\/files\/2015\/08\/serrano-3.jpg?resize=432%2C600&amp;ssl=1 432w, https:\/\/i0.wp.com\/www.manquepierda.com\/historiarealbetis\/files\/2015\/08\/serrano-3.jpg?w=1215&amp;ssl=1 1215w\" sizes=\"auto, (max-width: 504px) 100vw, 504px\" \/><\/a><strong>\u00abLas caracter\u00edsticas dominantes de los verdiblancos fueron sin duda el esp\u00edritu batallador y la conjunci\u00f3n conseguida por todo el equipo\u00bb.-Foto Serrano (ABC-SE-19730807).<\/strong><\/p>\n<p style=\"text-align: center\"><a href=\"https:\/\/www.manquepierda.com\/historiarealbetis\/43310-1973-agosto-05-campeon-real-betis-balompi-1-4-os-belenenses-1-3-42oaniversario\/betis-os-belenenses-trofeo-ciudad-la-linea-1973-2\/\" rel=\"attachment wp-att-43320\"><img data-recalc-dims=\"1\" loading=\"lazy\" decoding=\"async\" class=\"aligncenter size-medium wp-image-43320\" src=\"https:\/\/i0.wp.com\/www.manquepierda.com\/historiarealbetis\/files\/2015\/08\/Betis-Os-Belenenses-Trofeo-Ciudad-La-L%C3%ADnea-1973.jpg?resize=680%2C430&#038;ssl=1\" alt=\"Betis-Os-Belenenses-Trofeo-Ciudad-La-L\u00ednea-1973\" width=\"680\" height=\"430\" srcset=\"https:\/\/i0.wp.com\/www.manquepierda.com\/historiarealbetis\/files\/2015\/08\/Betis-Os-Belenenses-Trofeo-Ciudad-La-L%C3%ADnea-1973.jpg?resize=680%2C430&amp;ssl=1 680w, https:\/\/i0.wp.com\/www.manquepierda.com\/historiarealbetis\/files\/2015\/08\/Betis-Os-Belenenses-Trofeo-Ciudad-La-L%C3%ADnea-1973.jpg?resize=220%2C139&amp;ssl=1 220w, https:\/\/i0.wp.com\/www.manquepierda.com\/historiarealbetis\/files\/2015\/08\/Betis-Os-Belenenses-Trofeo-Ciudad-La-L%C3%ADnea-1973.jpg?w=959&amp;ssl=1 959w\" sizes=\"auto, (max-width: 680px) 100vw, 680px\" \/><\/a><\/p>\n","protected":false},"excerpt":{"rendered":"<p>Durante los d\u00edas 3 (Viernes)-4 (S\u00e1bado) y 5 Domingo se celebr\u00f3 la gran final de la IV EDICI\u00d3N DEL TROFEO \u00abCIUDAD DE LA L\u00cdNEA\u00bb de la Concepci\u00f3n (C\u00e1diz)-TELEVISI\u00d3N ESPA\u00d1OLA 23&#8217;00 HORAS.-ESTADIO \u00abJOS\u00c9 ANTONIO\u00bb-CIUDAD DEPORTIVA \u00abFRANCISCO FRANCO\u00bb. IV TROFEO CIUDAD DE LA L\u00cdNEA DE LA CONCEPCI\u00d3N (C\u00c1DIZ)-CAMPE\u00d3N REAL BETIS BALOMPI\u00c9-DOMINGO 05 DE AGOSTO DE 1973. Arbitr\u00f3&#8230;<\/p>\n","protected":false},"author":48,"featured_media":43251,"comment_status":"open","ping_status":"open","sticky":false,"template":"","format":"standard","meta":{"_kad_post_transparent":"","_kad_post_title":"","_kad_post_layout":"","_kad_post_sidebar_id":"","_kad_post_content_style":"","_kad_post_vertical_padding":"","_kad_post_feature":"","_kad_post_feature_position":"","_kad_post_header":false,"_kad_post_footer":false,"_kad_post_classname":"","_jetpack_memberships_contains_paid_content":false,"footnotes":"","jetpack_publicize_message":"","jetpack_publicize_feature_enabled":true,"jetpack_social_post_already_shared":true,"jetpack_social_options":{"image_generator_settings":{"template":"highway","default_image_id":0,"font":"","enabled":false},"version":2}},"categories":[903,1,2064],"tags":[56,2226,18737,17838],"class_list":["post-43310","post","type-post","status-publish","format-standard","has-post-thumbnail","hentry","category-1970-1979","category-portada","category-trofeos-de-verano","tag-56","tag-1973-74","tag-belenenses","tag-iv-trofeo-ciudad-de-la-linea"],"jetpack_publicize_connections":[],"jetpack_featured_media_url":"https:\/\/i0.wp.com\/www.manquepierda.com\/historiarealbetis\/files\/2015\/08\/IVCDLL1973.jpg?fit=671%2C827&ssl=1","jetpack_sharing_enabled":true,"jetpack_shortlink":"https:\/\/wp.me\/p1ij08-bgy","jetpack-related-posts":[],"_links":{"self":[{"href":"https:\/\/www.manquepierda.com\/historiarealbetis\/wp-json\/wp\/v2\/posts\/43310","targetHints":{"allow":["GET"]}}],"collection":[{"href":"https:\/\/www.manquepierda.com\/historiarealbetis\/wp-json\/wp\/v2\/posts"}],"about":[{"href":"https:\/\/www.manquepierda.com\/historiarealbetis\/wp-json\/wp\/v2\/types\/post"}],"author":[{"embeddable":true,"href":"https:\/\/www.manquepierda.com\/historiarealbetis\/wp-json\/wp\/v2\/users\/48"}],"replies":[{"embeddable":true,"href":"https:\/\/www.manquepierda.com\/historiarealbetis\/wp-json\/wp\/v2\/comments?post=43310"}],"version-history":[{"count":1,"href":"https:\/\/www.manquepierda.com\/historiarealbetis\/wp-json\/wp\/v2\/posts\/43310\/revisions"}],"predecessor-version":[{"id":97046,"href":"https:\/\/www.manquepierda.com\/historiarealbetis\/wp-json\/wp\/v2\/posts\/43310\/revisions\/97046"}],"wp:featuredmedia":[{"embeddable":true,"href":"https:\/\/www.manquepierda.com\/historiarealbetis\/wp-json\/wp\/v2\/media\/43251"}],"wp:attachment":[{"href":"https:\/\/www.manquepierda.com\/historiarealbetis\/wp-json\/wp\/v2\/media?parent=43310"}],"wp:term":[{"taxonomy":"category","embeddable":true,"href":"https:\/\/www.manquepierda.com\/historiarealbetis\/wp-json\/wp\/v2\/categories?post=43310"},{"taxonomy":"post_tag","embeddable":true,"href":"https:\/\/www.manquepierda.com\/historiarealbetis\/wp-json\/wp\/v2\/tags?post=43310"}],"curies":[{"name":"wp","href":"https:\/\/api.w.org\/{rel}","templated":true}]}}