{"id":43363,"date":"2015-08-12T07:26:41","date_gmt":"2015-08-12T05:26:41","guid":{"rendered":"http:\/\/www.manquepierda.com\/historiarealbetis\/?p=43363"},"modified":"2025-03-15T16:58:44","modified_gmt":"2025-03-15T15:58:44","slug":"alineacion-betis-atl-malagueno-liga-1951","status":"publish","type":"post","link":"https:\/\/www.manquepierda.com\/historiarealbetis\/alineacion-betis-atl-malagueno-liga-1951\/","title":{"rendered":"Alineaci\u00f3n Betis-Atl. Malague\u00f1o Liga 1951"},"content":{"rendered":"<p><a href=\"https:\/\/www.manquepierda.com\/historiarealbetis\/43363-alineacion-betis-atl-malagueno-liga-1951\/alineacion-betis-atl-malagueno-1951-5-0\/\" rel=\"attachment wp-att-43364\"><img data-recalc-dims=\"1\" loading=\"lazy\" decoding=\"async\" class=\"aligncenter size-full wp-image-43364\" src=\"https:\/\/i0.wp.com\/www.manquepierda.com\/historiarealbetis\/files\/2015\/08\/Alineaci%C3%B3n-Betis-Atl.-Malague%C3%B1o-1951-5-0.jpg?resize=285%2C177&#038;ssl=1\" alt=\"Alineaci\u00f3n Betis-Atl. Malague\u00f1o 1951 5-0\" width=\"285\" height=\"177\" srcset=\"https:\/\/i0.wp.com\/www.manquepierda.com\/historiarealbetis\/files\/2015\/08\/Alineaci%C3%B3n-Betis-Atl.-Malague%C3%B1o-1951-5-0.jpg?w=285&amp;ssl=1 285w, https:\/\/i0.wp.com\/www.manquepierda.com\/historiarealbetis\/files\/2015\/08\/Alineaci%C3%B3n-Betis-Atl.-Malague%C3%B1o-1951-5-0.jpg?resize=220%2C137&amp;ssl=1 220w, https:\/\/i0.wp.com\/www.manquepierda.com\/historiarealbetis\/files\/2015\/08\/Alineaci%C3%B3n-Betis-Atl.-Malague%C3%B1o-1951-5-0.jpg?resize=400%2C250&amp;ssl=1 400w\" sizes=\"auto, (max-width: 285px) 100vw, 285px\" \/><\/a><\/p>\n<p>7 de octubre de 1951 \u00a0en Heli\u00f3polis \u00a0Betis \u00a05 \u00a0 Atl\u00e9tico Malague\u00f1o 0; jornada 5 del Campeonato de Liga de Tercera Divisi\u00f3n.<\/p>\n<p>En la imagen arriba: Palma, M\u00e1ximo, Fausto, Pe\u00f1a, Esteban y ???; abajo: Pulido, Espina, Eugenio, Dom\u00ednguez, Vela y P\u00e9rez.<\/p>\n<p>Con goles de \u00a0Dom\u00ednguez (2), Vela, P\u00e9rez y Espina el Betis se impuso al filial malacitano.<\/p>\n<p>Francisco G\u00f3mez entrenaba al Betis<\/p>\n<p>&nbsp;<\/p>\n","protected":false},"excerpt":{"rendered":"<p>7 de octubre de 1951 \u00a0en Heli\u00f3polis \u00a0Betis \u00a05 \u00a0 Atl\u00e9tico Malague\u00f1o 0; jornada 5 del Campeonato de Liga de Tercera Divisi\u00f3n. En la imagen arriba: Palma, M\u00e1ximo, Fausto, Pe\u00f1a, Esteban y ???; abajo: Pulido, Espina, Eugenio, Dom\u00ednguez, Vela y P\u00e9rez. Con goles de \u00a0Dom\u00ednguez (2), Vela, P\u00e9rez y Espina el Betis se impuso al&#8230;<\/p>\n","protected":false},"author":5,"featured_media":43364,"comment_status":"open","ping_status":"open","sticky":false,"template":"","format":"standard","meta":{"_kad_post_transparent":"","_kad_post_title":"","_kad_post_layout":"","_kad_post_sidebar_id":"","_kad_post_content_style":"","_kad_post_vertical_padding":"","_kad_post_feature":"","_kad_post_feature_position":"","_kad_post_header":false,"_kad_post_footer":false,"_kad_post_classname":"","_jetpack_memberships_contains_paid_content":false,"footnotes":"","jetpack_publicize_message":"","jetpack_publicize_feature_enabled":true,"jetpack_social_post_already_shared":true,"jetpack_social_options":{"image_generator_settings":{"template":"highway","default_image_id":0,"font":"","enabled":false},"version":2}},"categories":[901,1],"tags":[53,2505,125,1838,4663,4656,3855,1347,4659,1836,4660,17887,1125,2537,4658],"class_list":["post-43363","post","type-post","status-publish","format-standard","has-post-thumbnail","hentry","category-1950-1959","category-portada","tag-53","tag-1951-52","tag-atletico-malagueno","tag-esteban-berros-carrasco","tag-eugenio-vazquez","tag-fausto-vals","tag-fernando-vela","tag-francisco-espina","tag-francisco-pena","tag-jose-garcia-pulido","tag-juan-antonio-palma","tag-liga-tercera-1951-52","tag-manuel-dominguez","tag-maximo-benito","tag-sebastian-perez"],"jetpack_publicize_connections":[],"jetpack_featured_media_url":"https:\/\/i0.wp.com\/www.manquepierda.com\/historiarealbetis\/files\/2015\/08\/Alineaci%C3%B3n-Betis-Atl.-Malague%C3%B1o-1951-5-0.jpg?fit=285%2C177&ssl=1","jetpack_sharing_enabled":true,"jetpack_shortlink":"https:\/\/wp.me\/p1ij08-bhp","jetpack-related-posts":[],"_links":{"self":[{"href":"https:\/\/www.manquepierda.com\/historiarealbetis\/wp-json\/wp\/v2\/posts\/43363","targetHints":{"allow":["GET"]}}],"collection":[{"href":"https:\/\/www.manquepierda.com\/historiarealbetis\/wp-json\/wp\/v2\/posts"}],"about":[{"href":"https:\/\/www.manquepierda.com\/historiarealbetis\/wp-json\/wp\/v2\/types\/post"}],"author":[{"embeddable":true,"href":"https:\/\/www.manquepierda.com\/historiarealbetis\/wp-json\/wp\/v2\/users\/5"}],"replies":[{"embeddable":true,"href":"https:\/\/www.manquepierda.com\/historiarealbetis\/wp-json\/wp\/v2\/comments?post=43363"}],"version-history":[{"count":1,"href":"https:\/\/www.manquepierda.com\/historiarealbetis\/wp-json\/wp\/v2\/posts\/43363\/revisions"}],"predecessor-version":[{"id":97927,"href":"https:\/\/www.manquepierda.com\/historiarealbetis\/wp-json\/wp\/v2\/posts\/43363\/revisions\/97927"}],"wp:featuredmedia":[{"embeddable":true,"href":"https:\/\/www.manquepierda.com\/historiarealbetis\/wp-json\/wp\/v2\/media\/43364"}],"wp:attachment":[{"href":"https:\/\/www.manquepierda.com\/historiarealbetis\/wp-json\/wp\/v2\/media?parent=43363"}],"wp:term":[{"taxonomy":"category","embeddable":true,"href":"https:\/\/www.manquepierda.com\/historiarealbetis\/wp-json\/wp\/v2\/categories?post=43363"},{"taxonomy":"post_tag","embeddable":true,"href":"https:\/\/www.manquepierda.com\/historiarealbetis\/wp-json\/wp\/v2\/tags?post=43363"}],"curies":[{"name":"wp","href":"https:\/\/api.w.org\/{rel}","templated":true}]}}