{"id":43370,"date":"2015-08-14T07:18:09","date_gmt":"2015-08-14T05:18:09","guid":{"rendered":"http:\/\/www.manquepierda.com\/historiarealbetis\/?p=43370"},"modified":"2024-08-13T10:41:29","modified_gmt":"2024-08-13T08:41:29","slug":"cadiz-betis-trofeo-carranza-1980","status":"publish","type":"post","link":"https:\/\/www.manquepierda.com\/historiarealbetis\/cadiz-betis-trofeo-carranza-1980\/","title":{"rendered":"C\u00e1diz-Betis Trofeo Carranza 1980"},"content":{"rendered":"<p><a href=\"https:\/\/www.manquepierda.com\/historiarealbetis\/43370-cadiz-betis-trofeo-carranza-1980\/cadiz-betis-carranza-1980\/\" rel=\"attachment wp-att-43371\"><img data-recalc-dims=\"1\" loading=\"lazy\" decoding=\"async\" class=\"aligncenter size-medium wp-image-43371\" src=\"https:\/\/i0.wp.com\/www.manquepierda.com\/historiarealbetis\/files\/2015\/08\/C%C3%A1diz-Betis-Carranza-1980.jpg?resize=680%2C394&#038;ssl=1\" alt=\"C\u00e1diz-Betis Carranza 1980\" width=\"680\" height=\"394\" srcset=\"https:\/\/i0.wp.com\/www.manquepierda.com\/historiarealbetis\/files\/2015\/08\/C%C3%A1diz-Betis-Carranza-1980.jpg?resize=680%2C394&amp;ssl=1 680w, https:\/\/i0.wp.com\/www.manquepierda.com\/historiarealbetis\/files\/2015\/08\/C%C3%A1diz-Betis-Carranza-1980.jpg?resize=220%2C128&amp;ssl=1 220w, https:\/\/i0.wp.com\/www.manquepierda.com\/historiarealbetis\/files\/2015\/08\/C%C3%A1diz-Betis-Carranza-1980.jpg?resize=960%2C557&amp;ssl=1 960w, https:\/\/i0.wp.com\/www.manquepierda.com\/historiarealbetis\/files\/2015\/08\/C%C3%A1diz-Betis-Carranza-1980.jpg?w=1024&amp;ssl=1 1024w\" sizes=\"auto, (max-width: 680px) 100vw, 680px\" \/><\/a><\/p>\n<p>30 de agosto de 1980 en el Carranza \u00a0C\u00e1diz \u00a01 \u00a0 Betis \u00a01; semifinal del XXVI Trofeo Carranza.<\/p>\n<p>En la imagen Julio Carde\u00f1osa marca uno de los penaltis de la tanda con la que se resolvi\u00f3 el empate, y en la que el Betis se proclam\u00f3 finalista.<\/p>\n<p>En el minuto 11 Mej\u00edas adelant\u00f3 al C\u00e1diz, empatando Mor\u00e1n en el 28 para el Betis.<\/p>\n<p>Dragoljub Milosevic entrenaba al C\u00e1diz y Luis Carriega al Betis .<\/p>\n","protected":false},"excerpt":{"rendered":"<p>30 de agosto de 1980 en el Carranza \u00a0C\u00e1diz \u00a01 \u00a0 Betis \u00a01; semifinal del XXVI Trofeo Carranza. En la imagen Julio Carde\u00f1osa marca uno de los penaltis de la tanda con la que se resolvi\u00f3 el empate, y en la que el Betis se proclam\u00f3 finalista. En el minuto 11 Mej\u00edas adelant\u00f3 al C\u00e1diz,&#8230;<\/p>\n","protected":false},"author":5,"featured_media":43371,"comment_status":"open","ping_status":"open","sticky":false,"template":"","format":"standard","meta":{"_kad_post_transparent":"","_kad_post_title":"","_kad_post_layout":"","_kad_post_sidebar_id":"","_kad_post_content_style":"","_kad_post_vertical_padding":"","_kad_post_feature":"","_kad_post_feature_position":"","_kad_post_header":false,"_kad_post_footer":false,"_kad_post_classname":"","_jetpack_memberships_contains_paid_content":false,"footnotes":"","jetpack_publicize_message":"","jetpack_publicize_feature_enabled":true,"jetpack_social_post_already_shared":true,"jetpack_social_options":{"image_generator_settings":{"template":"highway","default_image_id":0,"font":"","enabled":false},"version":2}},"categories":[904,1],"tags":[1093,2291,187,1155,18004],"class_list":["post-43370","post","type-post","status-publish","format-standard","has-post-thumbnail","hentry","category-1980-1989","category-portada","tag-1093","tag-1980-81","tag-cadiz-cf","tag-julio-cardenosa","tag-xxvi-trofeo-carranza"],"jetpack_publicize_connections":[],"jetpack_featured_media_url":"https:\/\/i0.wp.com\/www.manquepierda.com\/historiarealbetis\/files\/2015\/08\/C%C3%A1diz-Betis-Carranza-1980.jpg?fit=1024%2C594&ssl=1","jetpack_sharing_enabled":true,"jetpack_shortlink":"https:\/\/wp.me\/p1ij08-bhw","jetpack-related-posts":[],"_links":{"self":[{"href":"https:\/\/www.manquepierda.com\/historiarealbetis\/wp-json\/wp\/v2\/posts\/43370","targetHints":{"allow":["GET"]}}],"collection":[{"href":"https:\/\/www.manquepierda.com\/historiarealbetis\/wp-json\/wp\/v2\/posts"}],"about":[{"href":"https:\/\/www.manquepierda.com\/historiarealbetis\/wp-json\/wp\/v2\/types\/post"}],"author":[{"embeddable":true,"href":"https:\/\/www.manquepierda.com\/historiarealbetis\/wp-json\/wp\/v2\/users\/5"}],"replies":[{"embeddable":true,"href":"https:\/\/www.manquepierda.com\/historiarealbetis\/wp-json\/wp\/v2\/comments?post=43370"}],"version-history":[{"count":1,"href":"https:\/\/www.manquepierda.com\/historiarealbetis\/wp-json\/wp\/v2\/posts\/43370\/revisions"}],"predecessor-version":[{"id":96511,"href":"https:\/\/www.manquepierda.com\/historiarealbetis\/wp-json\/wp\/v2\/posts\/43370\/revisions\/96511"}],"wp:featuredmedia":[{"embeddable":true,"href":"https:\/\/www.manquepierda.com\/historiarealbetis\/wp-json\/wp\/v2\/media\/43371"}],"wp:attachment":[{"href":"https:\/\/www.manquepierda.com\/historiarealbetis\/wp-json\/wp\/v2\/media?parent=43370"}],"wp:term":[{"taxonomy":"category","embeddable":true,"href":"https:\/\/www.manquepierda.com\/historiarealbetis\/wp-json\/wp\/v2\/categories?post=43370"},{"taxonomy":"post_tag","embeddable":true,"href":"https:\/\/www.manquepierda.com\/historiarealbetis\/wp-json\/wp\/v2\/tags?post=43370"}],"curies":[{"name":"wp","href":"https:\/\/api.w.org\/{rel}","templated":true}]}}