{"id":43404,"date":"2015-08-21T07:15:49","date_gmt":"2015-08-21T05:15:49","guid":{"rendered":"http:\/\/www.manquepierda.com\/historiarealbetis\/?p=43404"},"modified":"2024-08-19T10:07:32","modified_gmt":"2024-08-19T08:07:32","slug":"betis-villarreal-liga-2007","status":"publish","type":"post","link":"https:\/\/www.manquepierda.com\/historiarealbetis\/betis-villarreal-liga-2007\/","title":{"rendered":"Betis-Villarreal Liga 2007"},"content":{"rendered":"<p><a href=\"https:\/\/www.manquepierda.com\/historiarealbetis\/?attachment_id=43405\" rel=\"attachment wp-att-43405\"><img data-recalc-dims=\"1\" loading=\"lazy\" decoding=\"async\" class=\"aligncenter wp-image-43405 size-full\" src=\"https:\/\/i0.wp.com\/www.manquepierda.com\/historiarealbetis\/files\/2015\/08\/Betis-Villarreal-Liga-2007.jpg?resize=490%2C239&#038;ssl=1\" alt=\"Betis-Villarreal Liga 2007\" width=\"490\" height=\"239\" srcset=\"https:\/\/i0.wp.com\/www.manquepierda.com\/historiarealbetis\/files\/2015\/08\/Betis-Villarreal-Liga-2007.jpg?w=490&amp;ssl=1 490w, https:\/\/i0.wp.com\/www.manquepierda.com\/historiarealbetis\/files\/2015\/08\/Betis-Villarreal-Liga-2007.jpg?resize=220%2C107&amp;ssl=1 220w\" sizes=\"auto, (max-width: 490px) 100vw, 490px\" \/><\/a>31 de marzo de 2007 en La Cartuja \u00a0Betis 3 \u00a0Villarreal 3; jornada 28 del Campeonato de Liga de Primera Divisi\u00f3n.<\/p>\n<p>En la imagen Marcos Assun\u00e7ao lanza un c\u00f3rner contra la porter\u00eda defendida por el uruguayo Viera.<\/p>\n<p>Un partido de constantes alternativas en el marcador y que termin\u00f3 empatando Juanito para el Betis en el minuto 90. Antes Forl\u00e1n en dos ocasiones y Pires marcaron para los amarillos, mientras que Edu y Fernando lo hicieron para el Betis.<\/p>\n<p>El encuentro se jug\u00f3 en el estadio Ol\u00edmpico de La Cartuja por la sanci\u00f3n que ten\u00eda el estadio b\u00e9tico.<\/p>\n<p>Luis Fern\u00e1ndez entrenaba al Betis y Mario Pellegrini al Villarreal.<\/p>\n<p>&nbsp;<\/p>\n","protected":false},"excerpt":{"rendered":"<p>31 de marzo de 2007 en La Cartuja \u00a0Betis 3 \u00a0Villarreal 3; jornada 28 del Campeonato de Liga de Primera Divisi\u00f3n. En la imagen Marcos Assun\u00e7ao lanza un c\u00f3rner contra la porter\u00eda defendida por el uruguayo Viera. Un partido de constantes alternativas en el marcador y que termin\u00f3 empatando Juanito para el Betis en el&#8230;<\/p>\n","protected":false},"author":5,"featured_media":43405,"comment_status":"open","ping_status":"open","sticky":false,"template":"","format":"standard","meta":{"_kad_post_transparent":"","_kad_post_title":"","_kad_post_layout":"","_kad_post_sidebar_id":"","_kad_post_content_style":"","_kad_post_vertical_padding":"","_kad_post_feature":"","_kad_post_feature_position":"","_kad_post_header":false,"_kad_post_footer":false,"_kad_post_classname":"","_jetpack_memberships_contains_paid_content":false,"footnotes":"","jetpack_publicize_message":"","jetpack_publicize_feature_enabled":true,"jetpack_social_post_already_shared":true,"jetpack_social_options":{"image_generator_settings":{"template":"highway","default_image_id":0,"font":"","enabled":false},"version":2}},"categories":[4823,1],"tags":[8675,8674,4706,17931,563,4007],"class_list":["post-43404","post","type-post","status-publish","format-standard","has-post-thumbnail","hentry","category-2000-2009","category-portada","tag-2006-07","tag-8674","tag-la-cartuja","tag-liga-primera-2006-07","tag-marcos-assuncao","tag-villarreal-cf"],"jetpack_publicize_connections":[],"jetpack_featured_media_url":"https:\/\/i0.wp.com\/www.manquepierda.com\/historiarealbetis\/files\/2015\/08\/Betis-Villarreal-Liga-2007.jpg?fit=490%2C239&ssl=1","jetpack_sharing_enabled":true,"jetpack_shortlink":"https:\/\/wp.me\/p1ij08-bi4","jetpack-related-posts":[],"_links":{"self":[{"href":"https:\/\/www.manquepierda.com\/historiarealbetis\/wp-json\/wp\/v2\/posts\/43404","targetHints":{"allow":["GET"]}}],"collection":[{"href":"https:\/\/www.manquepierda.com\/historiarealbetis\/wp-json\/wp\/v2\/posts"}],"about":[{"href":"https:\/\/www.manquepierda.com\/historiarealbetis\/wp-json\/wp\/v2\/types\/post"}],"author":[{"embeddable":true,"href":"https:\/\/www.manquepierda.com\/historiarealbetis\/wp-json\/wp\/v2\/users\/5"}],"replies":[{"embeddable":true,"href":"https:\/\/www.manquepierda.com\/historiarealbetis\/wp-json\/wp\/v2\/comments?post=43404"}],"version-history":[{"count":1,"href":"https:\/\/www.manquepierda.com\/historiarealbetis\/wp-json\/wp\/v2\/posts\/43404\/revisions"}],"predecessor-version":[{"id":97151,"href":"https:\/\/www.manquepierda.com\/historiarealbetis\/wp-json\/wp\/v2\/posts\/43404\/revisions\/97151"}],"wp:featuredmedia":[{"embeddable":true,"href":"https:\/\/www.manquepierda.com\/historiarealbetis\/wp-json\/wp\/v2\/media\/43405"}],"wp:attachment":[{"href":"https:\/\/www.manquepierda.com\/historiarealbetis\/wp-json\/wp\/v2\/media?parent=43404"}],"wp:term":[{"taxonomy":"category","embeddable":true,"href":"https:\/\/www.manquepierda.com\/historiarealbetis\/wp-json\/wp\/v2\/categories?post=43404"},{"taxonomy":"post_tag","embeddable":true,"href":"https:\/\/www.manquepierda.com\/historiarealbetis\/wp-json\/wp\/v2\/tags?post=43404"}],"curies":[{"name":"wp","href":"https:\/\/api.w.org\/{rel}","templated":true}]}}