{"id":43420,"date":"2015-08-26T08:08:30","date_gmt":"2015-08-26T06:08:30","guid":{"rendered":"http:\/\/www.manquepierda.com\/historiarealbetis\/?p=43420"},"modified":"2024-09-07T17:01:14","modified_gmt":"2024-09-07T15:01:14","slug":"jose-mel","status":"publish","type":"post","link":"https:\/\/www.manquepierda.com\/historiarealbetis\/jose-mel\/","title":{"rendered":"Pepe Mel"},"content":{"rendered":"<p><a href=\"https:\/\/www.manquepierda.com\/historiarealbetis\/43420-jose-mel\/mel-2\/\" rel=\"attachment wp-att-43421\"><img data-recalc-dims=\"1\" loading=\"lazy\" decoding=\"async\" class=\"aligncenter size-full wp-image-43421\" src=\"https:\/\/i0.wp.com\/www.manquepierda.com\/historiarealbetis\/files\/2015\/08\/Mel-2.jpg?resize=156%2C233&#038;ssl=1\" alt=\"Mel-2\" width=\"156\" height=\"233\" srcset=\"https:\/\/i0.wp.com\/www.manquepierda.com\/historiarealbetis\/files\/2015\/08\/Mel-2.jpg?w=156&amp;ssl=1 156w, https:\/\/i0.wp.com\/www.manquepierda.com\/historiarealbetis\/files\/2015\/08\/Mel-2.jpg?resize=147%2C220&amp;ssl=1 147w\" sizes=\"auto, (max-width: 156px) 100vw, 156px\" \/><\/a><\/p>\n<p><strong>Jos\u00e9 Mel P\u00e9rez<\/strong>, nacido en Madrid el 28 de febrero de 1963.<\/p>\n<p>Delantero.<\/p>\n<p>Formado en la cantera madridista, estuvo cedido durante 2 temporadas en el Alcal\u00e1 antes de jugar 3 a\u00f1os m\u00e1s en el Castilla. Ante las dificultades para jugar en el primer equipo madridista fue traspasado al Osasuna en 1987, pero una grave lesi\u00f3n le impidi\u00f3 incluso debutar con el equipo rojillo. Esa temporada termin\u00f3 jugando en el Castell\u00f3n, donde contribuy\u00f3 \u00a0de forma destacada con sus goles al ascenso a Primera Divisi\u00f3n del conjunto blanquinegro en la temporada 1988-89.<\/p>\n<p>Llam\u00f3 poderosamente la atenci\u00f3n del Betis quien se hizo con sus servicios en el verano de 1989. Debut\u00f3 con el Betis el 6 de septiembre de 1989 en un Betis-Deportivo de Liga. Hizo un gran temporada, proclam\u00e1ndose Pichichi de la Segunda Divisi\u00f3n con 23 goles y consiguiendo el ascenso a Primera.<\/p>\n<p>Fue su mejor temporada en el conjunto b\u00e9tico, en la que se populariz\u00f3 la expresi\u00f3n \u00bb No diga gol, diga Mel\u00bb.<\/p>\n<p>En sus 3 restantes temporadas en el Betis su rendimiento fue en declive, con frecuentes enfrentamientos con los entrenadores que se sucedieron en el banquillo verdiblanco., dejando el club al final de la temporada 1992-93, e iniciando una carrera que le llev\u00f3 a jugar en diversos clubs de Segunda B y Tercera Divisi\u00f3n.<\/p>\n<p>Historial<\/p>\n<p>1982-83 Alcal\u00e1 Segunda B<br \/>\n1983-84 Alcal\u00e1 Segunda B<br \/>\n1984-85 Castilla Segunda<br \/>\n1985-86 Castilla Segunda<br \/>\n1986-87 Castilla Segunda<br \/>\n1987-88 Osasuna Primera<br \/>\n1987-88 Castell\u00f3n Segunda<br \/>\n1988-89 Castell\u00f3n Segunda<br \/>\n1989-90 Betis Segunda<br \/>\n1990-91 Betis Primera<br \/>\n1991-92 Betis Segunda<br \/>\n1992-93 Betis Segunda<br \/>\n1993-94 Granada Segunda B<br \/>\n1994-95 Granada Segunda B<br \/>\n1995-96 Benidorm Segunda B<br \/>\n1996-97 Getafe Segunda B<br \/>\n1997-98 Ecija Segunda B<br \/>\n1997-98 Angers Tercera<br \/>\n1998-99 Alcal\u00e1 Tercera<br \/>\n1999-00 Coslada Tercera<\/p>\n<p>En sus cuatro temporadas en el Betis Mel jug\u00f3 113 partidos de Liga marcando 51 goles, 20 de Copa, en los que obtuvo 8 goles, y 34 amistosos, en los que consigui\u00f3 17 goles.<\/p>\n","protected":false},"excerpt":{"rendered":"<p>Jos\u00e9 Mel P\u00e9rez, nacido en Madrid el 28 de febrero de 1963. Delantero. Formado en la cantera madridista, estuvo cedido durante 2 temporadas en el Alcal\u00e1 antes de jugar 3 a\u00f1os m\u00e1s en el Castilla. Ante las dificultades para jugar en el primer equipo madridista fue traspasado al Osasuna en 1987, pero una grave lesi\u00f3n&#8230;<\/p>\n","protected":false},"author":5,"featured_media":43421,"comment_status":"open","ping_status":"open","sticky":false,"template":"","format":"standard","meta":{"_kad_post_transparent":"","_kad_post_title":"","_kad_post_layout":"","_kad_post_sidebar_id":"","_kad_post_content_style":"","_kad_post_vertical_padding":"","_kad_post_feature":"","_kad_post_feature_position":"","_kad_post_header":false,"_kad_post_footer":false,"_kad_post_classname":"","_jetpack_memberships_contains_paid_content":false,"footnotes":"","jetpack_publicize_message":"","jetpack_publicize_feature_enabled":true,"jetpack_social_post_already_shared":true,"jetpack_social_options":{"image_generator_settings":{"template":"highway","default_image_id":0,"font":"","enabled":false},"version":2}},"categories":[893,1],"tags":[655],"class_list":["post-43420","post","type-post","status-publish","format-standard","has-post-thumbnail","hentry","category-jugadores-temas","category-portada","tag-pepe-mel"],"jetpack_publicize_connections":[],"jetpack_featured_media_url":"https:\/\/i0.wp.com\/www.manquepierda.com\/historiarealbetis\/files\/2015\/08\/Mel-2.jpg?fit=156%2C233&ssl=1","jetpack_sharing_enabled":true,"jetpack_shortlink":"https:\/\/wp.me\/p1ij08-bik","jetpack-related-posts":[],"_links":{"self":[{"href":"https:\/\/www.manquepierda.com\/historiarealbetis\/wp-json\/wp\/v2\/posts\/43420","targetHints":{"allow":["GET"]}}],"collection":[{"href":"https:\/\/www.manquepierda.com\/historiarealbetis\/wp-json\/wp\/v2\/posts"}],"about":[{"href":"https:\/\/www.manquepierda.com\/historiarealbetis\/wp-json\/wp\/v2\/types\/post"}],"author":[{"embeddable":true,"href":"https:\/\/www.manquepierda.com\/historiarealbetis\/wp-json\/wp\/v2\/users\/5"}],"replies":[{"embeddable":true,"href":"https:\/\/www.manquepierda.com\/historiarealbetis\/wp-json\/wp\/v2\/comments?post=43420"}],"version-history":[{"count":4,"href":"https:\/\/www.manquepierda.com\/historiarealbetis\/wp-json\/wp\/v2\/posts\/43420\/revisions"}],"predecessor-version":[{"id":98833,"href":"https:\/\/www.manquepierda.com\/historiarealbetis\/wp-json\/wp\/v2\/posts\/43420\/revisions\/98833"}],"wp:featuredmedia":[{"embeddable":true,"href":"https:\/\/www.manquepierda.com\/historiarealbetis\/wp-json\/wp\/v2\/media\/43421"}],"wp:attachment":[{"href":"https:\/\/www.manquepierda.com\/historiarealbetis\/wp-json\/wp\/v2\/media?parent=43420"}],"wp:term":[{"taxonomy":"category","embeddable":true,"href":"https:\/\/www.manquepierda.com\/historiarealbetis\/wp-json\/wp\/v2\/categories?post=43420"},{"taxonomy":"post_tag","embeddable":true,"href":"https:\/\/www.manquepierda.com\/historiarealbetis\/wp-json\/wp\/v2\/tags?post=43420"}],"curies":[{"name":"wp","href":"https:\/\/api.w.org\/{rel}","templated":true}]}}