{"id":43475,"date":"2015-08-31T07:40:56","date_gmt":"2015-08-31T05:40:56","guid":{"rendered":"http:\/\/www.manquepierda.com\/historiarealbetis\/?p=43475"},"modified":"2024-11-05T07:28:51","modified_gmt":"2024-11-05T06:28:51","slug":"entrevista-santiago-chicharro-1973","status":"publish","type":"post","link":"https:\/\/www.manquepierda.com\/historiarealbetis\/entrevista-santiago-chicharro-1973\/","title":{"rendered":"Entrevista Santiago Chicharro 1973"},"content":{"rendered":"<p><a href=\"https:\/\/www.manquepierda.com\/historiarealbetis\/43475-entrevista-santiago-chicharro-1973\/chicharro\/\" rel=\"attachment wp-att-43476\"><img data-recalc-dims=\"1\" loading=\"lazy\" decoding=\"async\" class=\"alignleft size-full wp-image-43476\" src=\"https:\/\/i0.wp.com\/www.manquepierda.com\/historiarealbetis\/files\/2015\/08\/Chicharro.png?resize=132%2C162&#038;ssl=1\" alt=\"Chicharro\" width=\"132\" height=\"162\" \/><\/a>Santiago Chicharro fich\u00f3 por el Betis en octubre de 1972 procedente del Calvo Sotelo de Puertollano. Se trataba de un guardameta joven y por el que tambi\u00e9n estaba interesado el Atl\u00e9tico de Madrid. Dada la competencia que ten\u00eda en la porter\u00eda verdiblanca, Campos y Pesudo, su presencia en el marco b\u00e9tico se limit\u00f3 a partidos del Campeonato Andaluz de Reservas.<\/p>\n<p>En febrero de 1973 fue cedido al Rayo Vallecano, club con el que el Betis por entonces ten\u00eda mucha colaboraci\u00f3n. Por ejemplo, ese mismo mes tambi\u00e9n fue cedido al club rayista Sebasti\u00e1n Alabanda.<\/p>\n<p>Con el Rayo Vallecano hab\u00eda jugado ya 3 partidos cuando el Betis se plante\u00f3 recuperar a Chicharro, ante una lesi\u00f3n de Jos\u00e9 Manuel Pesudo, pues incluso hubo partidos a los que el Betis acudi\u00f3 sin portero suplente. El tema se agrav\u00f3 con una lesi\u00f3n de Campos en La Romareda, de forma que ah\u00ed debut\u00f3 Chicharro en Primera Divisi\u00f3n. A la semana siguiente fue titular en el partido jugado en el Villamar\u00edn frente al Deportivo de La Coru\u00f1a<\/p>\n<p>En el diario deportivo Marca se public\u00f3 esta entrevista, en la que Chicharro repasa su trayectoria deportiva, las curiosas circunstancias de su ida y vuelta al Rayo Vallecano \u00a0y su debut con el Betis.<\/p>\n<p>&nbsp;<\/p>\n<p><span style=\"color: #008000\">\u00a0<em>Frente al Coru\u00f1a hubo presentaci\u00f3n en el Benito Villamar\u00edn en un puesto clave del equipo. Szusza, arriesgando mucho, sac\u00f3 en la puerta a Chicharro, que ya hab\u00eda jugado parte del encuentro de Zaragoza. Buena actuaci\u00f3n en las contadas ocasiones en que tuvo que intervenir. <\/em><\/span><\/p>\n<p><span style=\"color: #008000\"><em>Santiago Chicharro naci\u00f3 en Calzada de Calatrava hace veinticuatro a\u00f1os, aunque a los cuatro se traslad\u00f3 a Puertollano. Mide 1.82 y se inici\u00f3 como futbolista en el Atl\u00e9tico Calvo Sotelo, pasando al primer equipo. Durante varias temporadas estuvo en la suplencia por la presencia de Garc\u00eda Fern\u00e1ndez. En la presente ven\u00eda actuando con \u00e9xito cuando fue contratado por el Betis en el mes de octubre.<\/em><\/span><\/p>\n<ul>\n<li><span style=\"color: #008000\"><em>\u00bfNervioso frente al Coru\u00f1a?<\/em><\/span><\/li>\n<li><span style=\"color: #008000\"><em>Al principio s\u00ed; pero, como marcamos pronto, nos serenamos todos<\/em><\/span><\/li>\n<li><span style=\"color: #008000\"><em>\u00bfC\u00f3mo se port\u00f3 el p\u00fablico?<\/em><\/span><\/li>\n<li><span style=\"color: #008000\"><em>No puedo quejarme. Me anim\u00f3 mucho a centrarme. Tambi\u00e9n los compa\u00f1eros se portaron maravillosamente conmigo, d\u00e1ndome aliento para que desapareciesen los nervios<\/em><\/span><\/li>\n<li><span style=\"color: #008000\"><em>\u00bfHa sido esta su gran ocasi\u00f3n?<\/em><\/span><\/li>\n<li><span style=\"color: #008000\"><em>Al menos ha sido un gran paso, pero lo importante es que no debo estancarme, y mis deseos son seguir adelante, progresar<\/em><\/span><\/li>\n<li><span style=\"color: #008000\"><em>\u00bfCualidades m\u00e1s sobresalientes?<\/em><\/span><\/li>\n<li><span style=\"color: #008000\"><em>No soy el m\u00e1s indicado para apuntar cu\u00e1les son mis virtudes. Creo que la principal es la confianza que tengo en m\u00ed, la seguridad<\/em><\/span><\/li>\n<li><span style=\"color: #008000\"><em>\u00bfA qui\u00e9n le gustar\u00eda parecerse?<\/em><\/span><\/li>\n<li><span style=\"color: #008000\"><em>En Primera Divisi\u00f3n hay muy buenos porteros, pero los mejores son Ir\u00edbar y Reina. Yo sin embargo a quien m\u00e1s admiro es a Garc\u00eda Fern\u00e1ndez, que me ha ense\u00f1ado mucho de lo que s\u00e9 y le he visto hacer cosas que no he visto a ning\u00fan otro portero. <\/em><\/span><\/li>\n<\/ul>\n<p><span style=\"color: #008000\"><em>Recientemente Chicharro march\u00f3 a Madrid para incorporarse al Rayo Vallecano. Con el equipo madrile\u00f1o jug\u00f3 tres encuentros, y r\u00e1pidamente tuvo que regresar a Sevilla porque la lesi\u00f3n de Pesudo frente al Atl\u00e9tico de Madrid dej\u00f3 al Betis nada m\u00e1s que con un portero.<\/em><\/span><\/p>\n<ul>\n<li><span style=\"color: #008000\"><em>\u00bfC\u00f3mo juzga su estancia en el Rayo Vallecano?<\/em><\/span><\/li>\n<li><span style=\"color: #008000\"><em>Ha sido beneficiosa, porque llevaba tres meses sin jugar, y aunque me alineaba en el Campeonato de Andaluc\u00eda de reservas no es lo mismo que hacerlo en una competici\u00f3n de tipo nacional. En el Rayo Vallecano recobr\u00e9 la confianza necesaria que parec\u00eda haber perdido.<\/em><\/span><\/li>\n<\/ul>\n<p><span style=\"color: #008000\"><em>Chicharro march\u00f3 al equipo de Vallecas contra el consejo de Szusza, que no deseaba quedarse solo con dos porteros. Frente al San Andr\u00e9s y al Barcelona, el Betis viaj\u00f3 con un solo portero. El t\u00e9cnico h\u00fangaro ten\u00eda, adem\u00e1s, depositadas muchas esperanzas en Chicharro. Su debut acaba de confirmarlo.<\/em><\/span><\/p>\n<ul>\n<li><span style=\"color: #008000\"><em>\u00bfPor qu\u00e9 no jug\u00f3 antes en el Betis?<\/em><\/span><\/li>\n<li><span style=\"color: #008000\"><em>El entrenador debi\u00f3 pensar que no estaba para jugar o que el equipo no estaba para que jugase yo<\/em><\/span><\/li>\n<li><span style=\"color: #008000\"><em>\u00bfQu\u00e9 ha supuesto su vuelta al Betis?<\/em><\/span><\/li>\n<li><span style=\"color: #008000\"><em>Una gran alegr\u00eda. He vuelto con tanta o mayor ilusi\u00f3n que cuando me ficharon <\/em><\/span><\/li>\n<li><span style=\"color: #008000\"><em>\u00bfC\u00f3mo juzga su estancia en el Rayo Vallecano?<\/em><\/span><\/li>\n<li><span style=\"color: #008000\"><em>Creo que cumpl\u00ed bien en los partidos que actu\u00e9<\/em><\/span><\/li>\n<li><span style=\"color: #008000\"><em>\u00bfDe cu\u00e1l sali\u00f3 m\u00e1s satisfecho?<\/em><\/span><\/li>\n<li><span style=\"color: #008000\"><em>Con el equipo madrile\u00f1o jugu\u00e9 tres partidos. L\u00f3gicamente el que me caus\u00f3 m\u00e1s alegr\u00eda fue el disputado al Tarragona, ya que vencimos por 4-0. Frente al Baracaldo empatamos a 2; pero donde creo que actu\u00e9 mejor fue en Pasar\u00f3n, contra el Pontevedra.<\/em><\/span><\/li>\n<\/ul>\n<p><span style=\"color: #008000\"><em>Un grato recuerdo para Chicharro su paso por el Rayo Vallecano, que le ha servido para debutar en el Betis.<\/em><\/span><\/p>\n<p><span style=\"color: #008000\"><em>Estamos en la recta final de la competici\u00f3n, en la que los verdiblancos deben salvar el peligro de descenso que a\u00fan les atenaza. El domingo acuden a Valencia, donde encontrar\u00e1n un adversario con absoluta necesidad de ganar. Despu\u00e9s pasar\u00e1n por el Benito Villamar\u00edn equipos como el Oviedo y el Celta, que determinar\u00e1n la suerte del Betis.<\/em><\/span><\/p>\n<ul>\n<li><span style=\"color: #008000\"><em>\u00bfC\u00f3mo prev\u00e9 el futuro de su equipo?<\/em><\/span><\/li>\n<li><span style=\"color: #008000\"><em>Tenemos papeletas dif\u00edciles, como las visitas del Oviedo y del Celta, adversarios directos, aunque creo que las salvaremos, y conf\u00edo en que logaremos la permanencia<\/em><\/span><\/li>\n<li><span style=\"color: #008000\"><em>\u00bfQu\u00e9 supuso el triunfo sobre el Coru\u00f1a?<\/em><\/span><\/li>\n<li><span style=\"color: #008000\"><em>Uno de los cuatro pasos importantes que ten\u00edamos que dar. Los otros son los del Oviedo, Celta y Burgos en su campo<\/em><\/span><\/li>\n<li><span style=\"color: #008000\"><em>\u00bfY el domingo en Valencia?<\/em><\/span><\/li>\n<li><span style=\"color: #008000\"><em>Es muy dif\u00edcil, porque no es normal que los de Mestalla se encuentren con tres negativos. Pese a todo, nosotros acudiremos con deseos de victoria<\/em><\/span><\/li>\n<li><span style=\"color: #008000\"><em>\u00bfEspera mantenerse en la titularidad?<\/em><\/span><\/li>\n<li><span style=\"color: #008000\"><em>Ser\u00e1 dif\u00edcil, porque tanto Campos como Pesudo son excelentes porteros, Por mi parte, sin embargo, no va a quedar<\/em><\/span><\/li>\n<li><span style=\"color: #008000\"><em>\u00bfQu\u00e9 diferencias encuentra entre Primera Divisi\u00f3n y las otras categor\u00edas?<\/em><\/span><\/li>\n<li><span style=\"color: #008000\"><em>La not\u00e9 m\u00e1s cuando vine del Calvo Sotelo que ahora, a mi vuelta del Rayo Vallecano. La principal diferencia est\u00e1 en los m\u00e9todos de entrenamiento, en los compa\u00f1eros. Es distinto. En cuanto a los partidos, los delanteros llegan con m\u00e1s peligro, aunque tambi\u00e9n las defensas son mucho m\u00e1s seguras.<\/em><\/span><\/li>\n<\/ul>\n<p><span style=\"color: #008000\"><em>Por el momento, Chicharro goza de la confianza de Szusza y el p\u00fablico, en general, aprob\u00f3 la actuaci\u00f3n del portero b\u00e9tico frente al Coru\u00f1a.<\/em><\/span><\/p>\n<p>&nbsp;<\/p>\n<p>Fuente: Mart\u00edn Benito en Marca 17 de marzo de 1973<\/p>\n","protected":false},"excerpt":{"rendered":"<p>Santiago Chicharro fich\u00f3 por el Betis en octubre de 1972 procedente del Calvo Sotelo de Puertollano. Se trataba de un guardameta joven y por el que tambi\u00e9n estaba interesado el Atl\u00e9tico de Madrid. Dada la competencia que ten\u00eda en la porter\u00eda verdiblanca, Campos y Pesudo, su presencia en el marco b\u00e9tico se limit\u00f3 a partidos&#8230;<\/p>\n","protected":false},"author":5,"featured_media":43476,"comment_status":"open","ping_status":"open","sticky":false,"template":"","format":"standard","meta":{"_kad_post_transparent":"","_kad_post_title":"","_kad_post_layout":"","_kad_post_sidebar_id":"","_kad_post_content_style":"","_kad_post_vertical_padding":"","_kad_post_feature":"","_kad_post_feature_position":"","_kad_post_header":false,"_kad_post_footer":false,"_kad_post_classname":"","_jetpack_memberships_contains_paid_content":false,"footnotes":"","jetpack_publicize_message":"","jetpack_publicize_feature_enabled":true,"jetpack_social_post_already_shared":true,"jetpack_social_options":{"image_generator_settings":{"template":"highway","default_image_id":0,"font":"","enabled":false},"version":2}},"categories":[903,893,1],"tags":[2309,56,13406,3276],"class_list":["post-43475","post","type-post","status-publish","format-standard","has-post-thumbnail","hentry","category-1970-1979","category-jugadores-temas","category-portada","tag-1972-73","tag-56","tag-martin-benito","tag-santiago-chicharro"],"jetpack_publicize_connections":[],"jetpack_featured_media_url":"https:\/\/i0.wp.com\/www.manquepierda.com\/historiarealbetis\/files\/2015\/08\/Chicharro.png?fit=132%2C162&ssl=1","jetpack_sharing_enabled":true,"jetpack_shortlink":"https:\/\/wp.me\/p1ij08-bjd","jetpack-related-posts":[],"_links":{"self":[{"href":"https:\/\/www.manquepierda.com\/historiarealbetis\/wp-json\/wp\/v2\/posts\/43475","targetHints":{"allow":["GET"]}}],"collection":[{"href":"https:\/\/www.manquepierda.com\/historiarealbetis\/wp-json\/wp\/v2\/posts"}],"about":[{"href":"https:\/\/www.manquepierda.com\/historiarealbetis\/wp-json\/wp\/v2\/types\/post"}],"author":[{"embeddable":true,"href":"https:\/\/www.manquepierda.com\/historiarealbetis\/wp-json\/wp\/v2\/users\/5"}],"replies":[{"embeddable":true,"href":"https:\/\/www.manquepierda.com\/historiarealbetis\/wp-json\/wp\/v2\/comments?post=43475"}],"version-history":[{"count":1,"href":"https:\/\/www.manquepierda.com\/historiarealbetis\/wp-json\/wp\/v2\/posts\/43475\/revisions"}],"predecessor-version":[{"id":100708,"href":"https:\/\/www.manquepierda.com\/historiarealbetis\/wp-json\/wp\/v2\/posts\/43475\/revisions\/100708"}],"wp:featuredmedia":[{"embeddable":true,"href":"https:\/\/www.manquepierda.com\/historiarealbetis\/wp-json\/wp\/v2\/media\/43476"}],"wp:attachment":[{"href":"https:\/\/www.manquepierda.com\/historiarealbetis\/wp-json\/wp\/v2\/media?parent=43475"}],"wp:term":[{"taxonomy":"category","embeddable":true,"href":"https:\/\/www.manquepierda.com\/historiarealbetis\/wp-json\/wp\/v2\/categories?post=43475"},{"taxonomy":"post_tag","embeddable":true,"href":"https:\/\/www.manquepierda.com\/historiarealbetis\/wp-json\/wp\/v2\/tags?post=43475"}],"curies":[{"name":"wp","href":"https:\/\/api.w.org\/{rel}","templated":true}]}}