{"id":43755,"date":"2015-09-23T07:08:40","date_gmt":"2015-09-23T05:08:40","guid":{"rendered":"http:\/\/www.manquepierda.com\/historiarealbetis\/?p=43755"},"modified":"2024-08-31T00:53:20","modified_gmt":"2024-08-30T22:53:20","slug":"betis-deportivo-liga-2005","status":"publish","type":"post","link":"https:\/\/www.manquepierda.com\/historiarealbetis\/betis-deportivo-liga-2005\/","title":{"rendered":"Betis-Deportivo Liga 2005"},"content":{"rendered":"<figure id=\"attachment_43756\" aria-describedby=\"caption-attachment-43756\" style=\"width: 342px\" class=\"wp-caption aligncenter\"><a href=\"https:\/\/i0.wp.com\/www.manquepierda.com\/historiarealbetis\/files\/2015\/09\/Betis-Deportivo-Liga-2005-NMP-EMD-21-02-2005.jpg?ssl=1\"><img data-recalc-dims=\"1\" loading=\"lazy\" decoding=\"async\" class=\"size-full wp-image-43756\" src=\"https:\/\/i0.wp.com\/www.manquepierda.com\/historiarealbetis\/files\/2015\/09\/Betis-Deportivo-Liga-2005-NMP-EMD-21-02-2005.jpg?resize=342%2C586&#038;ssl=1\" alt=\"Fuente: El Mundo Deportivo 21 de febrero de 2005\" width=\"342\" height=\"586\" srcset=\"https:\/\/i0.wp.com\/www.manquepierda.com\/historiarealbetis\/files\/2015\/09\/Betis-Deportivo-Liga-2005-NMP-EMD-21-02-2005.jpg?w=342&amp;ssl=1 342w, https:\/\/i0.wp.com\/www.manquepierda.com\/historiarealbetis\/files\/2015\/09\/Betis-Deportivo-Liga-2005-NMP-EMD-21-02-2005.jpg?resize=128%2C220&amp;ssl=1 128w\" sizes=\"auto, (max-width: 342px) 100vw, 342px\" \/><\/a><figcaption id=\"caption-attachment-43756\" class=\"wp-caption-text\">Fuente: El Mundo Deportivo 21 de febrero de 2005<\/figcaption><\/figure>\n<p>20 de febrero de 2005 en el Ruiz de Lopera \u00a0Betis 2 Deportivo 0; jornada 24 del campeonato de Liga de Primera Divisi\u00f3n.<\/p>\n<p>En la imagen Ricardo Oliveira felicita a Marcos Assun\u00e7ao despu\u00e9s de que \u00e9ste consiguiera el 2-0 en el lanzamiento de una falta en el minuto 56. \u00a0Antes, en el 38, Assun\u00e7ao ya hab\u00eda conseguido el 1 a 0.<\/p>\n<p>Con esta victoria el Betis se colocaba en tercera posici\u00f3n de la clasificaci\u00f3n.<\/p>\n<p>Lorenzo Serra entrenaba al Betis y Javier Irureta al Deportivo<\/p>\n","protected":false},"excerpt":{"rendered":"<p>20 de febrero de 2005 en el Ruiz de Lopera \u00a0Betis 2 Deportivo 0; jornada 24 del campeonato de Liga de Primera Divisi\u00f3n. En la imagen Ricardo Oliveira felicita a Marcos Assun\u00e7ao despu\u00e9s de que \u00e9ste consiguiera el 2-0 en el lanzamiento de una falta en el minuto 56. \u00a0Antes, en el 38, Assun\u00e7ao ya&#8230;<\/p>\n","protected":false},"author":5,"featured_media":43756,"comment_status":"open","ping_status":"open","sticky":false,"template":"","format":"standard","meta":{"_kad_post_transparent":"","_kad_post_title":"","_kad_post_layout":"","_kad_post_sidebar_id":"","_kad_post_content_style":"","_kad_post_vertical_padding":"","_kad_post_feature":"","_kad_post_feature_position":"","_kad_post_header":false,"_kad_post_footer":false,"_kad_post_classname":"","_jetpack_memberships_contains_paid_content":false,"footnotes":"","jetpack_publicize_message":"","jetpack_publicize_feature_enabled":true,"jetpack_social_post_already_shared":true,"jetpack_social_options":{"image_generator_settings":{"template":"highway","default_image_id":0,"font":"","enabled":false},"version":2}},"categories":[4823,1],"tags":[5910,1630,17906,563,16882,1046],"class_list":["post-43755","post","type-post","status-publish","format-standard","has-post-thumbnail","hentry","category-2000-2009","category-portada","tag-2004-05","tag-1630","tag-liga-primera-2004-05","tag-marcos-assuncao","tag-real-club-deportivo-la-coruna","tag-ricardo-oliveira"],"jetpack_publicize_connections":[],"jetpack_featured_media_url":"https:\/\/i0.wp.com\/www.manquepierda.com\/historiarealbetis\/files\/2015\/09\/Betis-Deportivo-Liga-2005-NMP-EMD-21-02-2005.jpg?fit=342%2C586&ssl=1","jetpack_sharing_enabled":true,"jetpack_shortlink":"https:\/\/wp.me\/p1ij08-bnJ","jetpack-related-posts":[],"_links":{"self":[{"href":"https:\/\/www.manquepierda.com\/historiarealbetis\/wp-json\/wp\/v2\/posts\/43755","targetHints":{"allow":["GET"]}}],"collection":[{"href":"https:\/\/www.manquepierda.com\/historiarealbetis\/wp-json\/wp\/v2\/posts"}],"about":[{"href":"https:\/\/www.manquepierda.com\/historiarealbetis\/wp-json\/wp\/v2\/types\/post"}],"author":[{"embeddable":true,"href":"https:\/\/www.manquepierda.com\/historiarealbetis\/wp-json\/wp\/v2\/users\/5"}],"replies":[{"embeddable":true,"href":"https:\/\/www.manquepierda.com\/historiarealbetis\/wp-json\/wp\/v2\/comments?post=43755"}],"version-history":[{"count":1,"href":"https:\/\/www.manquepierda.com\/historiarealbetis\/wp-json\/wp\/v2\/posts\/43755\/revisions"}],"predecessor-version":[{"id":98290,"href":"https:\/\/www.manquepierda.com\/historiarealbetis\/wp-json\/wp\/v2\/posts\/43755\/revisions\/98290"}],"wp:featuredmedia":[{"embeddable":true,"href":"https:\/\/www.manquepierda.com\/historiarealbetis\/wp-json\/wp\/v2\/media\/43756"}],"wp:attachment":[{"href":"https:\/\/www.manquepierda.com\/historiarealbetis\/wp-json\/wp\/v2\/media?parent=43755"}],"wp:term":[{"taxonomy":"category","embeddable":true,"href":"https:\/\/www.manquepierda.com\/historiarealbetis\/wp-json\/wp\/v2\/categories?post=43755"},{"taxonomy":"post_tag","embeddable":true,"href":"https:\/\/www.manquepierda.com\/historiarealbetis\/wp-json\/wp\/v2\/tags?post=43755"}],"curies":[{"name":"wp","href":"https:\/\/api.w.org\/{rel}","templated":true}]}}