{"id":43850,"date":"2015-10-08T07:20:04","date_gmt":"2015-10-08T05:20:04","guid":{"rendered":"http:\/\/www.manquepierda.com\/historiarealbetis\/?p=43850"},"modified":"2024-08-17T09:11:18","modified_gmt":"2024-08-17T07:11:18","slug":"merida-betis-liga-1992","status":"publish","type":"post","link":"https:\/\/www.manquepierda.com\/historiarealbetis\/merida-betis-liga-1992\/","title":{"rendered":"M\u00e9rida-Betis Liga 1992"},"content":{"rendered":"<figure id=\"attachment_43851\" aria-describedby=\"caption-attachment-43851\" style=\"width: 680px\" class=\"wp-caption aligncenter\"><a href=\"https:\/\/i0.wp.com\/www.manquepierda.com\/historiarealbetis\/files\/2015\/10\/M%C3%A9rida-Betis-Liga-1992-Gordillo-ante-Marreo-y-M%C3%A1gico-D%C3%ADaz-Diario-16-9-11-1992.jpg?ssl=1\"><img data-recalc-dims=\"1\" loading=\"lazy\" decoding=\"async\" class=\"size-medium wp-image-43851\" src=\"https:\/\/i0.wp.com\/www.manquepierda.com\/historiarealbetis\/files\/2015\/10\/M%C3%A9rida-Betis-Liga-1992-Gordillo-ante-Marreo-y-M%C3%A1gico-D%C3%ADaz-Diario-16-9-11-1992.jpg?resize=680%2C516&#038;ssl=1\" alt=\"Fuente: Diario 16 Andaluc\u00eda 9 de noviembre de 1992\" width=\"680\" height=\"516\" srcset=\"https:\/\/i0.wp.com\/www.manquepierda.com\/historiarealbetis\/files\/2015\/10\/M%C3%A9rida-Betis-Liga-1992-Gordillo-ante-Marreo-y-M%C3%A1gico-D%C3%ADaz-Diario-16-9-11-1992.jpg?resize=680%2C516&amp;ssl=1 680w, https:\/\/i0.wp.com\/www.manquepierda.com\/historiarealbetis\/files\/2015\/10\/M%C3%A9rida-Betis-Liga-1992-Gordillo-ante-Marreo-y-M%C3%A1gico-D%C3%ADaz-Diario-16-9-11-1992.jpg?resize=220%2C167&amp;ssl=1 220w, https:\/\/i0.wp.com\/www.manquepierda.com\/historiarealbetis\/files\/2015\/10\/M%C3%A9rida-Betis-Liga-1992-Gordillo-ante-Marreo-y-M%C3%A1gico-D%C3%ADaz-Diario-16-9-11-1992.jpg?w=834&amp;ssl=1 834w\" sizes=\"auto, (max-width: 680px) 100vw, 680px\" \/><\/a><figcaption id=\"caption-attachment-43851\" class=\"wp-caption-text\">Fuente: Diario 16 Andaluc\u00eda 9 de noviembre de 1992<\/figcaption><\/figure>\n<p>8 de noviembre de 1992 en el Municipal \u00a0M\u00e9rida 0 \u00a0 Betis 0; jornada 9 del campeonato de Liga de Segunda Divisi\u00f3n.<\/p>\n<p>En la imagen Rafael Gordillo \u00a0escapa del control de los emeritenses Marrero y M\u00e1gico D\u00edaz.<\/p>\n<p>Jos\u00e9 Armando Ufarte entrenaba al M\u00e9rida y Jorge D\u00b4Alessandro al Betis.<\/p>\n","protected":false},"excerpt":{"rendered":"<p>8 de noviembre de 1992 en el Municipal \u00a0M\u00e9rida 0 \u00a0 Betis 0; jornada 9 del campeonato de Liga de Segunda Divisi\u00f3n. En la imagen Rafael Gordillo \u00a0escapa del control de los emeritenses Marrero y M\u00e1gico D\u00edaz. Jos\u00e9 Armando Ufarte entrenaba al M\u00e9rida y Jorge D\u00b4Alessandro al Betis.<\/p>\n","protected":false},"author":5,"featured_media":43851,"comment_status":"open","ping_status":"open","sticky":false,"template":"","format":"standard","meta":{"_kad_post_transparent":"","_kad_post_title":"","_kad_post_layout":"","_kad_post_sidebar_id":"","_kad_post_content_style":"","_kad_post_vertical_padding":"","_kad_post_feature":"","_kad_post_feature_position":"","_kad_post_header":false,"_kad_post_footer":false,"_kad_post_classname":"","_jetpack_memberships_contains_paid_content":false,"footnotes":"","jetpack_publicize_message":"","jetpack_publicize_feature_enabled":true,"jetpack_social_post_already_shared":true,"jetpack_social_options":{"image_generator_settings":{"template":"highway","default_image_id":0,"font":"","enabled":false},"version":2}},"categories":[905,1],"tags":[5731,8377,17824,16862,1305],"class_list":["post-43850","post","type-post","status-publish","format-standard","has-post-thumbnail","hentry","category-1990-1999","category-portada","tag-5731","tag-1992-93","tag-liga-segunda-1992-93","tag-merida-club-polideportivo","tag-rafael-gordillo"],"jetpack_publicize_connections":[],"jetpack_featured_media_url":"https:\/\/i0.wp.com\/www.manquepierda.com\/historiarealbetis\/files\/2015\/10\/M%C3%A9rida-Betis-Liga-1992-Gordillo-ante-Marreo-y-M%C3%A1gico-D%C3%ADaz-Diario-16-9-11-1992.jpg?fit=834%2C633&ssl=1","jetpack_sharing_enabled":true,"jetpack_shortlink":"https:\/\/wp.me\/p1ij08-bpg","jetpack-related-posts":[],"_links":{"self":[{"href":"https:\/\/www.manquepierda.com\/historiarealbetis\/wp-json\/wp\/v2\/posts\/43850","targetHints":{"allow":["GET"]}}],"collection":[{"href":"https:\/\/www.manquepierda.com\/historiarealbetis\/wp-json\/wp\/v2\/posts"}],"about":[{"href":"https:\/\/www.manquepierda.com\/historiarealbetis\/wp-json\/wp\/v2\/types\/post"}],"author":[{"embeddable":true,"href":"https:\/\/www.manquepierda.com\/historiarealbetis\/wp-json\/wp\/v2\/users\/5"}],"replies":[{"embeddable":true,"href":"https:\/\/www.manquepierda.com\/historiarealbetis\/wp-json\/wp\/v2\/comments?post=43850"}],"version-history":[{"count":1,"href":"https:\/\/www.manquepierda.com\/historiarealbetis\/wp-json\/wp\/v2\/posts\/43850\/revisions"}],"predecessor-version":[{"id":96916,"href":"https:\/\/www.manquepierda.com\/historiarealbetis\/wp-json\/wp\/v2\/posts\/43850\/revisions\/96916"}],"wp:featuredmedia":[{"embeddable":true,"href":"https:\/\/www.manquepierda.com\/historiarealbetis\/wp-json\/wp\/v2\/media\/43851"}],"wp:attachment":[{"href":"https:\/\/www.manquepierda.com\/historiarealbetis\/wp-json\/wp\/v2\/media?parent=43850"}],"wp:term":[{"taxonomy":"category","embeddable":true,"href":"https:\/\/www.manquepierda.com\/historiarealbetis\/wp-json\/wp\/v2\/categories?post=43850"},{"taxonomy":"post_tag","embeddable":true,"href":"https:\/\/www.manquepierda.com\/historiarealbetis\/wp-json\/wp\/v2\/tags?post=43850"}],"curies":[{"name":"wp","href":"https:\/\/api.w.org\/{rel}","templated":true}]}}