{"id":43863,"date":"2015-10-05T07:30:52","date_gmt":"2015-10-05T05:30:52","guid":{"rendered":"http:\/\/www.manquepierda.com\/historiarealbetis\/?p=43863"},"modified":"2015-10-13T21:17:33","modified_gmt":"2015-10-13T19:17:33","slug":"entrevista-victorio-unamuno-1981","status":"publish","type":"post","link":"https:\/\/www.manquepierda.com\/historiarealbetis\/entrevista-victorio-unamuno-1981\/","title":{"rendered":"Entrevista Victorio Unamuno 1981"},"content":{"rendered":"<figure id=\"attachment_43864\" aria-describedby=\"caption-attachment-43864\" style=\"width: 680px\" class=\"wp-caption aligncenter\"><a href=\"https:\/\/i0.wp.com\/www.manquepierda.com\/historiarealbetis\/files\/2015\/10\/Entrevista-Victorio-Unamuno-1981.jpg?ssl=1\"><img data-recalc-dims=\"1\" loading=\"lazy\" decoding=\"async\" class=\"size-medium wp-image-43864\" src=\"https:\/\/i0.wp.com\/www.manquepierda.com\/historiarealbetis\/files\/2015\/10\/Entrevista-Victorio-Unamuno-1981.jpg?resize=680%2C484&#038;ssl=1\" alt=\"Victorio Unamuno a la izquierda de la imagen\" width=\"680\" height=\"484\" srcset=\"https:\/\/i0.wp.com\/www.manquepierda.com\/historiarealbetis\/files\/2015\/10\/Entrevista-Victorio-Unamuno-1981.jpg?resize=680%2C484&amp;ssl=1 680w, https:\/\/i0.wp.com\/www.manquepierda.com\/historiarealbetis\/files\/2015\/10\/Entrevista-Victorio-Unamuno-1981.jpg?resize=220%2C156&amp;ssl=1 220w, https:\/\/i0.wp.com\/www.manquepierda.com\/historiarealbetis\/files\/2015\/10\/Entrevista-Victorio-Unamuno-1981.jpg?resize=75%2C52&amp;ssl=1 75w, https:\/\/i0.wp.com\/www.manquepierda.com\/historiarealbetis\/files\/2015\/10\/Entrevista-Victorio-Unamuno-1981.jpg?w=852&amp;ssl=1 852w\" sizes=\"auto, (max-width: 680px) 100vw, 680px\" \/><\/a><figcaption id=\"caption-attachment-43864\" class=\"wp-caption-text\">Victorio Unamuno a la izquierda de la imagen<\/figcaption><\/figure>\n<p>Victorio Unamuno fue el delantero centro del Betis campe\u00f3n de Liga en 1935. Lleg\u00f3 al club verdiblanco en 1933 procedente del Athletic Club, equipo en el que hab\u00eda jugado 5 temporadas consiguiendo t\u00edtulos de Liga y Copa, y formando parte de una de las delanteras m\u00edticas del club bilba\u00edno.<\/p>\n<p>En el Betis jug\u00f3 3 temporadas, regresando a su club de origen en el que se retir\u00f3 en 1942 con 33 a\u00f1os, cuando otro mito llamado Zarra le desplaz\u00f3 del eje de la delantera rojiblanca. Antes, en 1940, fue el Pichichi de la Primera Divisi\u00f3n, marcando 20 goles en partidos.<\/p>\n<p>De 1981, cuando contaba con 72 a\u00f1os, es esta entrevista publicada en el semanario deportivo AS Color, en la que recuerda su carrera deportiva y las grandes figuras del f\u00fatbol con las que jug\u00f3, adem\u00e1s de tener un recuerdo muy especial y cari\u00f1oso hacia el Betis.<\/p>\n<p><em>S\u00ed, Unamuno. Victorio Unamuno, uno de los legendarios hombres de la furia espa\u00f1ola, que sigue luciendo la boina sobre su cabeza y pensando en el front\u00f3n. Le han cortado una pierna y tiene setenta y dos a\u00f1os, pero parece que va a salir al campo a jugar una final.<\/em><\/p>\n<ul>\n<li><em>\u00bfQu\u00e9 es la furia?<\/em><\/li>\n<li><em>De eso ya no queda; bueno, hay alg\u00fan jugador como Quini, Santillana, Dani y Pirri que a\u00fan pueden personificarla<\/em><\/li>\n<li><em>\u00bfY de los de antes?<\/em><\/li>\n<li><em>L\u00e1ngara, Gaspar Rubio y Campanal<\/em><\/li>\n<li><em>\u00bfY luego?<\/em><\/li>\n<li><em>Zarra<\/em><\/li>\n<li><em>\u00bfC\u00f3mo se\u00f1alar\u00eda la furia?<\/em><\/li>\n<li><em>Entregarse los noventa minutos por amor a unos colores y no dar un bal\u00f3n por perdido<\/em><\/li>\n<li><em>Algo as\u00ed me dijo un d\u00eda el gran Ricardo Zamora\u2026<\/em><\/li>\n<li><em>Zamora fue el mejor portero<\/em><\/li>\n<li><em>\u00bfSigue acudiendo a los estadios?<\/em><\/li>\n<li><em>Voy poco al f\u00fatbol<\/em><\/li>\n<li><em>\u00bfSe aburre?<\/em><\/li>\n<li><em>No, no me aburro, me gusta mucho como juega la Real Sociedad de San Sebasti\u00e1n<\/em><\/li>\n<li><em>\u00bfQu\u00e9 deporte sigue?<\/em><\/li>\n<li><em>La pelota; jugaba muy bien<\/em><\/li>\n<li><em>\u00bfFue rival de Iriondo?<\/em><\/li>\n<li><em>Yo jugaba mejor que Iriondo. Uno muy bueno era Macala<\/em><\/li>\n<li><em>\u00bfY el defensa que mejor le marc\u00f3?<\/em><\/li>\n<li><em>Quesada, en la final de Copa de 1930<\/em><\/li>\n<li><em>\u00bfCu\u00e1ntos t\u00edtulos?<\/em><\/li>\n<li><em>Tres Ligas y Tres Copas con el Athletic y una Liga con el Betis. El Betis es uno de los grandes clubs. Es un club se\u00f1or<\/em><\/li>\n<li><em>\u00bfRecuerda su mejor gol?<\/em><\/li>\n<li><em>S\u00ed, claro; fue un gol que le marqu\u00e9 al Murcia. A un centro de Cilaurren, yo cog\u00ed un empalme con la izquierda que no lo vio el portero. Bueno, no lo vi ni yo<\/em><\/li>\n<li><em>\u00bfLa mejor delantera de aquel Athletic?<\/em><\/li>\n<li><em>Lafuente, Iraragorri, Unamuno, Chirri y Gorostiza<\/em><\/li>\n<li><em>\u00bfNing\u00fan portero se le puede igualar a Zamora?<\/em><\/li>\n<li><em>Los hubo muy buenos, como Blasco y Eizaguirre hijo, pero Ricardo fue superior a todos<\/em><\/li>\n<li><em>\u00bfD\u00f3nde naci\u00f3?<\/em><\/li>\n<li><em>En Barriaga<\/em><\/li>\n<li><em>\u00bfD\u00f3nde fueron sus comienzos?<\/em><\/li>\n<li><em>En el Aberri de Vergara, en 1927; luego, al a\u00f1o siguiente, pas\u00e9 al Alav\u00e9s y de all\u00ed al Athletic Club hasta 1933<\/em><\/li>\n<li><em>\u00bfY al Betis?<\/em><\/li>\n<li><em>De 1933 hasta 1936. Terminada la guerra volv\u00ed al Athletic hasta que lleg\u00f3 Zarra<\/em><\/li>\n<li><em>\u00bfC\u00f3mo se juega ahora?<\/em><\/li>\n<li><em>Completamente distinto. Antes se jugaba a meter goles y ahora a que no te los metan<\/em><\/li>\n<li><em>\u00bfCu\u00e1l fue la mayor cifra que cobr\u00f3?<\/em><\/li>\n<li><em>Al pasarme al Betis me dieron veinticinco mil pesetas. Antes ya hab\u00eda cobrado en el Alav\u00e9s cuarenta duros<\/em><\/li>\n<li><em>\u00bfM\u00e1ximo goleador?<\/em><\/li>\n<li><em>S\u00ed, en 1941<\/em><\/li>\n<li><em>\u00bfQui\u00e9n le dio m\u00e1s \u201cle\u00f1a\u201d?<\/em><\/li>\n<li><em>Quesada y los defensas del Granada, Mill\u00e1n y Gonz\u00e1lez<\/em><\/li>\n<li><em>\u00bfEs usted partidario de que se televisen los partidos?<\/em><\/li>\n<li><em>S\u00ed, que se televisen, pero que no digan que es para que aprendan los ni\u00f1os, porque eso es un cuento. Ahora se va a ver ganar a su equipo sin preocuparse de c\u00f3mo se juega. Y eso que los precios actuales don prohibitivos. Yo no pago<\/em><\/li>\n<li><em>\u00bfD\u00f3nde vive?<\/em><\/li>\n<li><em>Tengo un bar restaurante en Eibar que se llama Chalcha<\/em><\/li>\n<li><em>\u00bfEl mejor delantero centro actual?<\/em><\/li>\n<li><em>Tal vez Satr\u00fastegui<\/em><\/li>\n<li><em>\u00bfC\u00f3mo ve usted a Espa\u00f1a de cara a nuestro Mundial?<\/em><\/li>\n<li><em>Mira, tal vez gane Espa\u00f1a, pero es fundamental el jugador n\u00famero doce. El p\u00fablico puede hacer ganar a nuestra selecci\u00f3n<\/em><\/li>\n<\/ul>\n<p><em>Nos pusimos a hablar de M\u00e9xico, de los hermanos Regueiro, de Emilio Alonso, Gregorio Blasco, Sabino Aguirre y me cont\u00f3 que hab\u00eda sido muy feliz cuando volvi\u00f3 a verles a todos. Curro, nuestro gran anfitri\u00f3n, volvi\u00f3 a escanciar un poco m\u00e1s de champ\u00e1n franc\u00e9s y termin\u00f3 la inolvidable jornada con deseos de suerte para Anto\u00f1ete, al que le esperaban, tres d\u00edas despu\u00e9s, los pablorromeros&#8230;\u00a0<\/em><\/p>\n<p>Fuente: Juli\u00e1n de Reoyo\u00a0en As Color 8 de Septiembre de 1981<\/p>\n","protected":false},"excerpt":{"rendered":"<p>Victorio Unamuno fue el delantero centro del Betis campe\u00f3n de Liga en 1935. Lleg\u00f3 al club verdiblanco en 1933 procedente del Athletic Club, equipo en el que hab\u00eda jugado 5 temporadas consiguiendo t\u00edtulos de Liga y Copa, y formando parte de una de las delanteras m\u00edticas del club bilba\u00edno. En el Betis jug\u00f3 3 temporadas,&#8230;<\/p>\n","protected":false},"author":5,"featured_media":43864,"comment_status":"open","ping_status":"open","sticky":false,"template":"","format":"standard","meta":{"_kad_post_transparent":"","_kad_post_title":"","_kad_post_layout":"","_kad_post_sidebar_id":"","_kad_post_content_style":"","_kad_post_vertical_padding":"","_kad_post_feature":"","_kad_post_feature_position":"","_kad_post_header":false,"_kad_post_footer":false,"_kad_post_classname":"","_jetpack_memberships_contains_paid_content":false,"footnotes":"","jetpack_publicize_message":"","jetpack_publicize_feature_enabled":true,"jetpack_social_post_already_shared":true,"jetpack_social_options":{"image_generator_settings":{"template":"highway","default_image_id":0,"font":"","enabled":false},"version":2}},"categories":[893,1],"tags":[1525,983],"class_list":["post-43863","post","type-post","status-publish","format-standard","has-post-thumbnail","hentry","category-jugadores-temas","category-portada","tag-1525","tag-victorio-unamuno"],"jetpack_publicize_connections":[],"jetpack_featured_media_url":"https:\/\/i0.wp.com\/www.manquepierda.com\/historiarealbetis\/files\/2015\/10\/Entrevista-Victorio-Unamuno-1981.jpg?fit=852%2C606&ssl=1","jetpack_sharing_enabled":true,"jetpack_shortlink":"https:\/\/wp.me\/p1ij08-bpt","jetpack-related-posts":[],"_links":{"self":[{"href":"https:\/\/www.manquepierda.com\/historiarealbetis\/wp-json\/wp\/v2\/posts\/43863","targetHints":{"allow":["GET"]}}],"collection":[{"href":"https:\/\/www.manquepierda.com\/historiarealbetis\/wp-json\/wp\/v2\/posts"}],"about":[{"href":"https:\/\/www.manquepierda.com\/historiarealbetis\/wp-json\/wp\/v2\/types\/post"}],"author":[{"embeddable":true,"href":"https:\/\/www.manquepierda.com\/historiarealbetis\/wp-json\/wp\/v2\/users\/5"}],"replies":[{"embeddable":true,"href":"https:\/\/www.manquepierda.com\/historiarealbetis\/wp-json\/wp\/v2\/comments?post=43863"}],"version-history":[{"count":0,"href":"https:\/\/www.manquepierda.com\/historiarealbetis\/wp-json\/wp\/v2\/posts\/43863\/revisions"}],"wp:featuredmedia":[{"embeddable":true,"href":"https:\/\/www.manquepierda.com\/historiarealbetis\/wp-json\/wp\/v2\/media\/43864"}],"wp:attachment":[{"href":"https:\/\/www.manquepierda.com\/historiarealbetis\/wp-json\/wp\/v2\/media?parent=43863"}],"wp:term":[{"taxonomy":"category","embeddable":true,"href":"https:\/\/www.manquepierda.com\/historiarealbetis\/wp-json\/wp\/v2\/categories?post=43863"},{"taxonomy":"post_tag","embeddable":true,"href":"https:\/\/www.manquepierda.com\/historiarealbetis\/wp-json\/wp\/v2\/tags?post=43863"}],"curies":[{"name":"wp","href":"https:\/\/api.w.org\/{rel}","templated":true}]}}