{"id":44234,"date":"2015-10-29T07:24:39","date_gmt":"2015-10-29T06:24:39","guid":{"rendered":"http:\/\/www.manquepierda.com\/historiarealbetis\/?p=44234"},"modified":"2024-11-05T07:43:59","modified_gmt":"2024-11-05T06:43:59","slug":"contrato-de-cesar-miguel-de-los-reyes-1928","status":"publish","type":"post","link":"https:\/\/www.manquepierda.com\/historiarealbetis\/contrato-de-cesar-miguel-de-los-reyes-1928\/","title":{"rendered":"Contrato de C\u00e9sar Miguel de los Reyes 1928"},"content":{"rendered":"<p><a href=\"https:\/\/i0.wp.com\/www.manquepierda.com\/historiarealbetis\/files\/2015\/10\/Contrato-de-C%C3%A9sar-Reyes-1928.jpg?ssl=1\"><img data-recalc-dims=\"1\" loading=\"lazy\" decoding=\"async\" class=\"aligncenter size-medium wp-image-44235\" src=\"https:\/\/i0.wp.com\/www.manquepierda.com\/historiarealbetis\/files\/2015\/10\/Contrato-de-C%C3%A9sar-Reyes-1928.jpg?resize=500%2C600&#038;ssl=1\" alt=\"Contrato de C\u00e9sar Reyes 1928\" width=\"500\" height=\"600\" srcset=\"https:\/\/i0.wp.com\/www.manquepierda.com\/historiarealbetis\/files\/2015\/10\/Contrato-de-C%C3%A9sar-Reyes-1928.jpg?resize=500%2C600&amp;ssl=1 500w, https:\/\/i0.wp.com\/www.manquepierda.com\/historiarealbetis\/files\/2015\/10\/Contrato-de-C%C3%A9sar-Reyes-1928.jpg?resize=183%2C220&amp;ssl=1 183w, https:\/\/i0.wp.com\/www.manquepierda.com\/historiarealbetis\/files\/2015\/10\/Contrato-de-C%C3%A9sar-Reyes-1928.jpg?resize=583%2C700&amp;ssl=1 583w, https:\/\/i0.wp.com\/www.manquepierda.com\/historiarealbetis\/files\/2015\/10\/Contrato-de-C%C3%A9sar-Reyes-1928.jpg?w=677&amp;ssl=1 677w\" sizes=\"auto, (max-width: 500px) 100vw, 500px\" \/><\/a><\/p>\n<p>C\u00e9sar Miguel de los Reyes fue el primer entrenador que tuvo el Betis con car\u00e1cter profesional. \u00a0Su primera temporada en el club b\u00e9tico fue la de 1926-27, la temporada en la que se aprob\u00f3 el profesionalismo en el f\u00fatbol espa\u00f1ol.<\/p>\n<p>Anteriormente eran los directivos habitualmente los encargados de conformar la alineaci\u00f3n, mientras que el capit\u00e1n del equipo era quien dirig\u00eda los entrenamientos de sus compa\u00f1eros. Era a\u00fan una \u00e9poca en la que entrenar y alinear no ten\u00edan por qu\u00e9 recaer en la misma persona.<\/p>\n<p>C\u00e9sar Miguel de los Reyes, nacido en Manila (Filipinas) en 1892, \u00a0cuando a\u00fan era una colonia espa\u00f1ola, tuvo un papel importante en el desarrollo de determinadas actividades deportivas en la Sevilla de los a\u00f1os 20, como la esgrima y el baloncesto.<\/p>\n<p>En el Betis estuvo 3 temporadas: la 1926-27, 1927-28 y parte de la 1928-29, ya que fue cesado en diciembre de 1928. Su m\u00e1ximo \u00e9xito fue el Campeonato de Andaluc\u00eda obtenido en enero de 1928.<\/p>\n<p>El documento que encabeza este art\u00edculo es una misiva dirigida por \u00a0el Real Betis Balompi\u00e9 al entrenador y en la que se estipulan las condiciones por el entrenamiento de la plantilla b\u00e9tica. Est\u00e1 firmada por el presidente b\u00e9tico Ignacio S\u00e1nchez Mej\u00edas.<\/p>\n","protected":false},"excerpt":{"rendered":"<p>C\u00e9sar Miguel de los Reyes fue el primer entrenador que tuvo el Betis con car\u00e1cter profesional. \u00a0Su primera temporada en el club b\u00e9tico fue la de 1926-27, la temporada en la que se aprob\u00f3 el profesionalismo en el f\u00fatbol espa\u00f1ol. Anteriormente eran los directivos habitualmente los encargados de conformar la alineaci\u00f3n, mientras que el capit\u00e1n&#8230;<\/p>\n","protected":false},"author":5,"featured_media":44235,"comment_status":"open","ping_status":"open","sticky":false,"template":"","format":"standard","meta":{"_kad_post_transparent":"","_kad_post_title":"","_kad_post_layout":"","_kad_post_sidebar_id":"","_kad_post_content_style":"","_kad_post_vertical_padding":"","_kad_post_feature":"","_kad_post_feature_position":"","_kad_post_header":false,"_kad_post_footer":false,"_kad_post_classname":"","_jetpack_memberships_contains_paid_content":false,"footnotes":"","jetpack_publicize_message":"","jetpack_publicize_feature_enabled":true,"jetpack_social_post_already_shared":true,"jetpack_social_options":{"image_generator_settings":{"template":"highway","default_image_id":0,"font":"","enabled":false},"version":2}},"categories":[898,892,1],"tags":[2499,2500,18176],"class_list":["post-44234","post","type-post","status-publish","format-standard","has-post-thumbnail","hentry","category-1920-1929","category-entrenadores-temas","category-portada","tag-2499","tag-1928-29","tag-cesar-miguel-de-los-reyes"],"jetpack_publicize_connections":[],"jetpack_featured_media_url":"https:\/\/i0.wp.com\/www.manquepierda.com\/historiarealbetis\/files\/2015\/10\/Contrato-de-C%C3%A9sar-Reyes-1928.jpg?fit=677%2C813&ssl=1","jetpack_sharing_enabled":true,"jetpack_shortlink":"https:\/\/wp.me\/p1ij08-bvs","jetpack-related-posts":[],"_links":{"self":[{"href":"https:\/\/www.manquepierda.com\/historiarealbetis\/wp-json\/wp\/v2\/posts\/44234","targetHints":{"allow":["GET"]}}],"collection":[{"href":"https:\/\/www.manquepierda.com\/historiarealbetis\/wp-json\/wp\/v2\/posts"}],"about":[{"href":"https:\/\/www.manquepierda.com\/historiarealbetis\/wp-json\/wp\/v2\/types\/post"}],"author":[{"embeddable":true,"href":"https:\/\/www.manquepierda.com\/historiarealbetis\/wp-json\/wp\/v2\/users\/5"}],"replies":[{"embeddable":true,"href":"https:\/\/www.manquepierda.com\/historiarealbetis\/wp-json\/wp\/v2\/comments?post=44234"}],"version-history":[{"count":1,"href":"https:\/\/www.manquepierda.com\/historiarealbetis\/wp-json\/wp\/v2\/posts\/44234\/revisions"}],"predecessor-version":[{"id":81697,"href":"https:\/\/www.manquepierda.com\/historiarealbetis\/wp-json\/wp\/v2\/posts\/44234\/revisions\/81697"}],"wp:featuredmedia":[{"embeddable":true,"href":"https:\/\/www.manquepierda.com\/historiarealbetis\/wp-json\/wp\/v2\/media\/44235"}],"wp:attachment":[{"href":"https:\/\/www.manquepierda.com\/historiarealbetis\/wp-json\/wp\/v2\/media?parent=44234"}],"wp:term":[{"taxonomy":"category","embeddable":true,"href":"https:\/\/www.manquepierda.com\/historiarealbetis\/wp-json\/wp\/v2\/categories?post=44234"},{"taxonomy":"post_tag","embeddable":true,"href":"https:\/\/www.manquepierda.com\/historiarealbetis\/wp-json\/wp\/v2\/tags?post=44234"}],"curies":[{"name":"wp","href":"https:\/\/api.w.org\/{rel}","templated":true}]}}