{"id":44337,"date":"2015-11-04T07:30:14","date_gmt":"2015-11-04T06:30:14","guid":{"rendered":"http:\/\/www.manquepierda.com\/historiarealbetis\/?p=44337"},"modified":"2024-09-04T19:43:43","modified_gmt":"2024-09-04T17:43:43","slug":"alineacion-betis-zaragoza-liga-1995","status":"publish","type":"post","link":"https:\/\/www.manquepierda.com\/historiarealbetis\/alineacion-betis-zaragoza-liga-1995\/","title":{"rendered":"Alineaci\u00f3n Betis-Zaragoza Liga 1995"},"content":{"rendered":"<p><a href=\"https:\/\/i0.wp.com\/www.manquepierda.com\/historiarealbetis\/files\/2015\/11\/Alineaci%C3%B3n-Betis-Zaragoza-Liga-1995.jpg?ssl=1\"><img data-recalc-dims=\"1\" loading=\"lazy\" decoding=\"async\" class=\"aligncenter size-full wp-image-44338\" src=\"https:\/\/i0.wp.com\/www.manquepierda.com\/historiarealbetis\/files\/2015\/11\/Alineaci%C3%B3n-Betis-Zaragoza-Liga-1995.jpg?resize=592%2C330&#038;ssl=1\" alt=\"Alineaci\u00f3n Betis-Zaragoza Liga 1995\" width=\"592\" height=\"330\" srcset=\"https:\/\/i0.wp.com\/www.manquepierda.com\/historiarealbetis\/files\/2015\/11\/Alineaci%C3%B3n-Betis-Zaragoza-Liga-1995.jpg?w=592&amp;ssl=1 592w, https:\/\/i0.wp.com\/www.manquepierda.com\/historiarealbetis\/files\/2015\/11\/Alineaci%C3%B3n-Betis-Zaragoza-Liga-1995.jpg?resize=220%2C123&amp;ssl=1 220w\" sizes=\"auto, (max-width: 592px) 100vw, 592px\" \/><\/a><\/p>\n<p>9 de septiembre de 1995 en el Villamar\u00edn Betis 3 \u00a0Zaragoza 1; jornada 2 del Campeonato de Liga de Primera Divisi\u00f3n.<\/p>\n<p>En la imagen arriba: Jaro, Vidakovic, Jarni, Pier, Stosic y Alexis; abajo: Josete, Ca\u00f1as, Alfonso, Ure\u00f1a y Jaime.<\/p>\n<p>Dos goles de Alfonso y uno de Pier dieron la victoria al Betis sobre el Zaragoza, que marc\u00f3 por mediaci\u00f3n de Morientes.<\/p>\n<p>Lorenzo Serra entrenaba al Betis y V\u00edctor Fern\u00e1ndez al Zaragoza.<\/p>\n","protected":false},"excerpt":{"rendered":"<p>9 de septiembre de 1995 en el Villamar\u00edn Betis 3 \u00a0Zaragoza 1; jornada 2 del Campeonato de Liga de Primera Divisi\u00f3n. En la imagen arriba: Jaro, Vidakovic, Jarni, Pier, Stosic y Alexis; abajo: Josete, Ca\u00f1as, Alfonso, Ure\u00f1a y Jaime. Dos goles de Alfonso y uno de Pier dieron la victoria al Betis sobre el Zaragoza,&#8230;<\/p>\n","protected":false},"author":5,"featured_media":44338,"comment_status":"open","ping_status":"open","sticky":false,"template":"","format":"standard","meta":{"_kad_post_transparent":"","_kad_post_title":"","_kad_post_layout":"","_kad_post_sidebar_id":"","_kad_post_content_style":"","_kad_post_vertical_padding":"","_kad_post_feature":"","_kad_post_feature_position":"","_kad_post_header":false,"_kad_post_footer":false,"_kad_post_classname":"","_jetpack_memberships_contains_paid_content":false,"footnotes":"","jetpack_publicize_message":"","jetpack_publicize_feature_enabled":true,"jetpack_social_post_already_shared":true,"jetpack_social_options":{"image_generator_settings":{"template":"highway","default_image_id":0,"font":"","enabled":false},"version":2}},"categories":[905,1],"tags":[2459,3046,1328,1441,1332,1054,15494,2290,17879,2461,1047,719,16845,1333,2462],"class_list":["post-44337","post","type-post","status-publish","format-standard","has-post-thumbnail","hentry","category-1990-1999","category-portada","tag-2459","tag-1995-96","tag-alexis-trujillo","tag-alfonso-perez","tag-jaime-quesada","tag-jose-tomas-josete","tag-juan-antonio-urena","tag-juan-jose-canas","tag-liga-primera-1995-96","tag-pedro-jaro","tag-pier-luigi-cherubino","tag-real-zaragoza","tag-risto-vidakovic","tag-robert-jarni","tag-vlada-stosic"],"jetpack_publicize_connections":[],"jetpack_featured_media_url":"https:\/\/i0.wp.com\/www.manquepierda.com\/historiarealbetis\/files\/2015\/11\/Alineaci%C3%B3n-Betis-Zaragoza-Liga-1995.jpg?fit=592%2C330&ssl=1","jetpack_sharing_enabled":true,"jetpack_shortlink":"https:\/\/wp.me\/p1ij08-bx7","jetpack-related-posts":[],"_links":{"self":[{"href":"https:\/\/www.manquepierda.com\/historiarealbetis\/wp-json\/wp\/v2\/posts\/44337","targetHints":{"allow":["GET"]}}],"collection":[{"href":"https:\/\/www.manquepierda.com\/historiarealbetis\/wp-json\/wp\/v2\/posts"}],"about":[{"href":"https:\/\/www.manquepierda.com\/historiarealbetis\/wp-json\/wp\/v2\/types\/post"}],"author":[{"embeddable":true,"href":"https:\/\/www.manquepierda.com\/historiarealbetis\/wp-json\/wp\/v2\/users\/5"}],"replies":[{"embeddable":true,"href":"https:\/\/www.manquepierda.com\/historiarealbetis\/wp-json\/wp\/v2\/comments?post=44337"}],"version-history":[{"count":1,"href":"https:\/\/www.manquepierda.com\/historiarealbetis\/wp-json\/wp\/v2\/posts\/44337\/revisions"}],"predecessor-version":[{"id":97884,"href":"https:\/\/www.manquepierda.com\/historiarealbetis\/wp-json\/wp\/v2\/posts\/44337\/revisions\/97884"}],"wp:featuredmedia":[{"embeddable":true,"href":"https:\/\/www.manquepierda.com\/historiarealbetis\/wp-json\/wp\/v2\/media\/44338"}],"wp:attachment":[{"href":"https:\/\/www.manquepierda.com\/historiarealbetis\/wp-json\/wp\/v2\/media?parent=44337"}],"wp:term":[{"taxonomy":"category","embeddable":true,"href":"https:\/\/www.manquepierda.com\/historiarealbetis\/wp-json\/wp\/v2\/categories?post=44337"},{"taxonomy":"post_tag","embeddable":true,"href":"https:\/\/www.manquepierda.com\/historiarealbetis\/wp-json\/wp\/v2\/tags?post=44337"}],"curies":[{"name":"wp","href":"https:\/\/api.w.org\/{rel}","templated":true}]}}