{"id":44340,"date":"2015-11-06T07:50:55","date_gmt":"2015-11-06T06:50:55","guid":{"rendered":"http:\/\/www.manquepierda.com\/historiarealbetis\/?p=44340"},"modified":"2024-08-23T17:32:55","modified_gmt":"2024-08-23T15:32:55","slug":"alineacion-malaga-betis-liga-1974","status":"publish","type":"post","link":"https:\/\/www.manquepierda.com\/historiarealbetis\/alineacion-malaga-betis-liga-1974\/","title":{"rendered":"Alineaci\u00f3n M\u00e1laga-Betis Liga 1974"},"content":{"rendered":"<p><a href=\"https:\/\/i0.wp.com\/www.manquepierda.com\/historiarealbetis\/files\/2015\/11\/Alineaci%C3%B3n-M%C3%A1laga-Betis-Liga-1974.jpg?ssl=1\"><img data-recalc-dims=\"1\" loading=\"lazy\" decoding=\"async\" class=\"aligncenter size-full wp-image-44342\" src=\"https:\/\/i0.wp.com\/www.manquepierda.com\/historiarealbetis\/files\/2015\/11\/Alineaci%C3%B3n-M%C3%A1laga-Betis-Liga-1974.jpg?resize=643%2C450&#038;ssl=1\" alt=\"Alineaci\u00f3n M\u00e1laga-Betis Liga 1974\" width=\"643\" height=\"450\" srcset=\"https:\/\/i0.wp.com\/www.manquepierda.com\/historiarealbetis\/files\/2015\/11\/Alineaci%C3%B3n-M%C3%A1laga-Betis-Liga-1974.jpg?w=643&amp;ssl=1 643w, https:\/\/i0.wp.com\/www.manquepierda.com\/historiarealbetis\/files\/2015\/11\/Alineaci%C3%B3n-M%C3%A1laga-Betis-Liga-1974.jpg?resize=220%2C154&amp;ssl=1 220w, https:\/\/i0.wp.com\/www.manquepierda.com\/historiarealbetis\/files\/2015\/11\/Alineaci%C3%B3n-M%C3%A1laga-Betis-Liga-1974.jpg?resize=75%2C52&amp;ssl=1 75w\" sizes=\"auto, (max-width: 643px) 100vw, 643px\" \/><\/a><\/p>\n<p>15 de diciembre de 1974 en La Rosaleda \u00a0M\u00e1laga 1 \u00a0Betis 0; jornada 12 del campeonato de Liga de Primera divisi\u00f3n.<\/p>\n<p>En la imagen arriba: Esnaola, Bizcocho, Biosca, Sabat\u00e9, L\u00f3pez y Cobo; abajo: Del Pozo, Alabanda, Rogelio, Carde\u00f1osa y Ben\u00edtez.<\/p>\n<p>Un tanto de Mart\u00ednez en el minuto 76 sirvi\u00f3 al conjunto malacitano para derrotar al Betis.<\/p>\n<p>Marcel Domingo entrenaba al CD M\u00e1laga y Ferenc Szusza al Betis.<\/p>\n","protected":false},"excerpt":{"rendered":"<p>15 de diciembre de 1974 en La Rosaleda \u00a0M\u00e1laga 1 \u00a0Betis 0; jornada 12 del campeonato de Liga de Primera divisi\u00f3n. En la imagen arriba: Esnaola, Bizcocho, Biosca, Sabat\u00e9, L\u00f3pez y Cobo; abajo: Del Pozo, Alabanda, Rogelio, Carde\u00f1osa y Ben\u00edtez. Un tanto de Mart\u00ednez en el minuto 76 sirvi\u00f3 al conjunto malacitano para derrotar al&#8230;<\/p>\n","protected":false},"author":5,"featured_media":44342,"comment_status":"open","ping_status":"open","sticky":false,"template":"","format":"standard","meta":{"_kad_post_transparent":"","_kad_post_title":"","_kad_post_layout":"","_kad_post_sidebar_id":"","_kad_post_content_style":"","_kad_post_vertical_padding":"","_kad_post_feature":"","_kad_post_feature_position":"","_kad_post_header":false,"_kad_post_footer":false,"_kad_post_classname":"","_jetpack_memberships_contains_paid_content":false,"footnotes":"","jetpack_publicize_message":"","jetpack_publicize_feature_enabled":true,"jetpack_social_post_already_shared":true,"jetpack_social_options":{"image_generator_settings":{"template":"highway","default_image_id":0,"font":"","enabled":false},"version":2}},"categories":[903,1],"tags":[57,2507,1120,1157,1497,1245,1304,1178,1302,1181,1155,17877,1123,1396,1164],"class_list":["post-44340","post","type-post","status-publish","format-standard","has-post-thumbnail","hentry","category-1970-1979","category-portada","tag-57","tag-1974-75","tag-antonio-benitez","tag-antonio-biosca","tag-cd-malaga","tag-francisco-bizcocho","tag-jaume-sabate","tag-javier-lopez","tag-jose-ramon-esnaola","tag-juan-manuel-cobo","tag-julio-cardenosa","tag-liga-primera-1974-75","tag-rafael-del-pozo","tag-rogelio-sosa","tag-sebastian-alabanda"],"jetpack_publicize_connections":[],"jetpack_featured_media_url":"https:\/\/i0.wp.com\/www.manquepierda.com\/historiarealbetis\/files\/2015\/11\/Alineaci%C3%B3n-M%C3%A1laga-Betis-Liga-1974.jpg?fit=643%2C450&ssl=1","jetpack_sharing_enabled":true,"jetpack_shortlink":"https:\/\/wp.me\/p1ij08-bxa","jetpack-related-posts":[],"_links":{"self":[{"href":"https:\/\/www.manquepierda.com\/historiarealbetis\/wp-json\/wp\/v2\/posts\/44340","targetHints":{"allow":["GET"]}}],"collection":[{"href":"https:\/\/www.manquepierda.com\/historiarealbetis\/wp-json\/wp\/v2\/posts"}],"about":[{"href":"https:\/\/www.manquepierda.com\/historiarealbetis\/wp-json\/wp\/v2\/types\/post"}],"author":[{"embeddable":true,"href":"https:\/\/www.manquepierda.com\/historiarealbetis\/wp-json\/wp\/v2\/users\/5"}],"replies":[{"embeddable":true,"href":"https:\/\/www.manquepierda.com\/historiarealbetis\/wp-json\/wp\/v2\/comments?post=44340"}],"version-history":[{"count":1,"href":"https:\/\/www.manquepierda.com\/historiarealbetis\/wp-json\/wp\/v2\/posts\/44340\/revisions"}],"predecessor-version":[{"id":97692,"href":"https:\/\/www.manquepierda.com\/historiarealbetis\/wp-json\/wp\/v2\/posts\/44340\/revisions\/97692"}],"wp:featuredmedia":[{"embeddable":true,"href":"https:\/\/www.manquepierda.com\/historiarealbetis\/wp-json\/wp\/v2\/media\/44342"}],"wp:attachment":[{"href":"https:\/\/www.manquepierda.com\/historiarealbetis\/wp-json\/wp\/v2\/media?parent=44340"}],"wp:term":[{"taxonomy":"category","embeddable":true,"href":"https:\/\/www.manquepierda.com\/historiarealbetis\/wp-json\/wp\/v2\/categories?post=44340"},{"taxonomy":"post_tag","embeddable":true,"href":"https:\/\/www.manquepierda.com\/historiarealbetis\/wp-json\/wp\/v2\/tags?post=44340"}],"curies":[{"name":"wp","href":"https:\/\/api.w.org\/{rel}","templated":true}]}}