{"id":44527,"date":"2015-11-12T07:31:32","date_gmt":"2015-11-12T06:31:32","guid":{"rendered":"http:\/\/www.manquepierda.com\/historiarealbetis\/?p=44527"},"modified":"2025-04-09T12:55:24","modified_gmt":"2025-04-09T10:55:24","slug":"alineacion-betis-murcia-liguilla-1942","status":"publish","type":"post","link":"https:\/\/www.manquepierda.com\/historiarealbetis\/alineacion-betis-murcia-liguilla-1942\/","title":{"rendered":"Alineaci\u00f3n Betis-Murcia Liguilla 1942"},"content":{"rendered":"<p><a href=\"https:\/\/i0.wp.com\/www.manquepierda.com\/historiarealbetis\/files\/2015\/11\/Alineaci%C3%B3n-Betis-Murcia-Liguilla-1942.jpg?ssl=1\"><img data-recalc-dims=\"1\" loading=\"lazy\" decoding=\"async\" class=\"aligncenter size-medium wp-image-44528\" src=\"https:\/\/i0.wp.com\/www.manquepierda.com\/historiarealbetis\/files\/2015\/11\/Alineaci%C3%B3n-Betis-Murcia-Liguilla-1942.jpg?resize=680%2C454&#038;ssl=1\" alt=\"Alineaci\u00f3n Betis-Murcia Liguilla 1942\" width=\"680\" height=\"454\" srcset=\"https:\/\/i0.wp.com\/www.manquepierda.com\/historiarealbetis\/files\/2015\/11\/Alineaci%C3%B3n-Betis-Murcia-Liguilla-1942.jpg?resize=680%2C454&amp;ssl=1 680w, https:\/\/i0.wp.com\/www.manquepierda.com\/historiarealbetis\/files\/2015\/11\/Alineaci%C3%B3n-Betis-Murcia-Liguilla-1942.jpg?resize=220%2C147&amp;ssl=1 220w, https:\/\/i0.wp.com\/www.manquepierda.com\/historiarealbetis\/files\/2015\/11\/Alineaci%C3%B3n-Betis-Murcia-Liguilla-1942.jpg?resize=960%2C641&amp;ssl=1 960w, https:\/\/i0.wp.com\/www.manquepierda.com\/historiarealbetis\/files\/2015\/11\/Alineaci%C3%B3n-Betis-Murcia-Liguilla-1942.jpg?w=1115&amp;ssl=1 1115w\" sizes=\"auto, (max-width: 680px) 100vw, 680px\" \/><\/a><\/p>\n<p>15 de febrero de 1942 en Heli\u00f3polis \u00a0Betis 3 Murcia 0; jornada 4 de la Liguilla de Ascenso a Primera Divisi\u00f3n.<\/p>\n<p>En la imagen arriba: Paquillo, Jap\u00f3n, Saro, Cabezas, Guillermo, Coll, Ant\u00fanez y Besc\u00f3s; abajo: Paquirri, G\u00f3mez y Pardo.<\/p>\n<p>Paquirri a los 15 minutos, Guillermo a los 20 y Jap\u00f3n a los 70 certificaron la rotunda victoria b\u00e9tica que le serv\u00eda para alcanzar la primera posici\u00f3n del grupo de ascenso.<\/p>\n<p>Patrick O\u00b4Connell entrenaba al Betis y Jos\u00e9 Planas al Murcia.<\/p>\n","protected":false},"excerpt":{"rendered":"<p>15 de febrero de 1942 en Heli\u00f3polis \u00a0Betis 3 Murcia 0; jornada 4 de la Liguilla de Ascenso a Primera Divisi\u00f3n. En la imagen arriba: Paquillo, Jap\u00f3n, Saro, Cabezas, Guillermo, Coll, Ant\u00fanez y Besc\u00f3s; abajo: Paquirri, G\u00f3mez y Pardo. Paquirri a los 15 minutos, Guillermo a los 20 y Jap\u00f3n a los 70 certificaron la&#8230;<\/p>\n","protected":false},"author":5,"featured_media":44528,"comment_status":"open","ping_status":"open","sticky":false,"template":"","format":"standard","meta":{"_kad_post_transparent":"","_kad_post_title":"","_kad_post_layout":"","_kad_post_sidebar_id":"","_kad_post_content_style":"","_kad_post_vertical_padding":"","_kad_post_feature":"","_kad_post_feature_position":"","_kad_post_header":false,"_kad_post_footer":false,"_kad_post_classname":"","_jetpack_memberships_contains_paid_content":false,"footnotes":"","jetpack_publicize_message":"","jetpack_publicize_feature_enabled":true,"jetpack_social_post_already_shared":true,"jetpack_social_options":{"image_generator_settings":{"template":"highway","default_image_id":0,"font":"","enabled":false},"version":2}},"categories":[900,1],"tags":[2222,50,1057,1934,1118,1930,1170,1575,18614,1932,1931,1463,17934,2532,16574],"class_list":["post-44527","post","type-post","status-publish","format-standard","has-post-thumbnail","hentry","category-1940-1949","category-portada","tag-1941-42","tag-50","tag-angel-martin-saro","tag-enrique-bescos","tag-francisco-antunez","tag-francisco-carmona-paquillo","tag-francisco-gomez","tag-francisco-gonzalez-paquirri","tag-guillermo-castell","tag-guillermo-coll","tag-jose-pardo","tag-jose-suarez-japon","tag-liga-segunda-1941-42","tag-luis-garcia-cabezas","tag-real-murcia-cf"],"jetpack_publicize_connections":[],"jetpack_featured_media_url":"https:\/\/i0.wp.com\/www.manquepierda.com\/historiarealbetis\/files\/2015\/11\/Alineaci%C3%B3n-Betis-Murcia-Liguilla-1942.jpg?fit=1115%2C745&ssl=1","jetpack_sharing_enabled":true,"jetpack_shortlink":"https:\/\/wp.me\/p1ij08-bAb","jetpack-related-posts":[],"_links":{"self":[{"href":"https:\/\/www.manquepierda.com\/historiarealbetis\/wp-json\/wp\/v2\/posts\/44527","targetHints":{"allow":["GET"]}}],"collection":[{"href":"https:\/\/www.manquepierda.com\/historiarealbetis\/wp-json\/wp\/v2\/posts"}],"about":[{"href":"https:\/\/www.manquepierda.com\/historiarealbetis\/wp-json\/wp\/v2\/types\/post"}],"author":[{"embeddable":true,"href":"https:\/\/www.manquepierda.com\/historiarealbetis\/wp-json\/wp\/v2\/users\/5"}],"replies":[{"embeddable":true,"href":"https:\/\/www.manquepierda.com\/historiarealbetis\/wp-json\/wp\/v2\/comments?post=44527"}],"version-history":[{"count":1,"href":"https:\/\/www.manquepierda.com\/historiarealbetis\/wp-json\/wp\/v2\/posts\/44527\/revisions"}],"predecessor-version":[{"id":96714,"href":"https:\/\/www.manquepierda.com\/historiarealbetis\/wp-json\/wp\/v2\/posts\/44527\/revisions\/96714"}],"wp:featuredmedia":[{"embeddable":true,"href":"https:\/\/www.manquepierda.com\/historiarealbetis\/wp-json\/wp\/v2\/media\/44528"}],"wp:attachment":[{"href":"https:\/\/www.manquepierda.com\/historiarealbetis\/wp-json\/wp\/v2\/media?parent=44527"}],"wp:term":[{"taxonomy":"category","embeddable":true,"href":"https:\/\/www.manquepierda.com\/historiarealbetis\/wp-json\/wp\/v2\/categories?post=44527"},{"taxonomy":"post_tag","embeddable":true,"href":"https:\/\/www.manquepierda.com\/historiarealbetis\/wp-json\/wp\/v2\/tags?post=44527"}],"curies":[{"name":"wp","href":"https:\/\/api.w.org\/{rel}","templated":true}]}}