{"id":44588,"date":"2022-07-15T10:30:00","date_gmt":"2022-07-15T08:30:00","guid":{"rendered":"http:\/\/www.manquepierda.com\/historiarealbetis\/?p=44588"},"modified":"2022-07-15T08:01:39","modified_gmt":"2022-07-15T06:01:39","slug":"telechia-el-capitan-de-aquel-betis-ascensor","status":"publish","type":"post","link":"https:\/\/www.manquepierda.com\/historiarealbetis\/telechia-el-capitan-de-aquel-betis-ascensor\/","title":{"rendered":"Telech\u00eda, el capit\u00e1n de aquel Betis ascensor, de Manolo Rodr\u00edguez"},"content":{"rendered":"<p><a href=\"https:\/\/i0.wp.com\/www.manquepierda.com\/historiarealbetis\/files\/2015\/11\/Telech%C3%ADa.jpg?ssl=1\"><img data-recalc-dims=\"1\" loading=\"lazy\" decoding=\"async\" class=\"alignleft wp-image-44589\" src=\"https:\/\/i0.wp.com\/www.manquepierda.com\/historiarealbetis\/files\/2015\/11\/Telech%C3%ADa.jpg?resize=321%2C515&#038;ssl=1\" alt=\"Telech\u00eda\" width=\"321\" height=\"515\" srcset=\"https:\/\/i0.wp.com\/www.manquepierda.com\/historiarealbetis\/files\/2015\/11\/Telech%C3%ADa.jpg?resize=374%2C600&amp;ssl=1 374w, https:\/\/i0.wp.com\/www.manquepierda.com\/historiarealbetis\/files\/2015\/11\/Telech%C3%ADa.jpg?resize=137%2C220&amp;ssl=1 137w, https:\/\/i0.wp.com\/www.manquepierda.com\/historiarealbetis\/files\/2015\/11\/Telech%C3%ADa.jpg?resize=436%2C700&amp;ssl=1 436w, https:\/\/i0.wp.com\/www.manquepierda.com\/historiarealbetis\/files\/2015\/11\/Telech%C3%ADa.jpg?w=538&amp;ssl=1 538w\" sizes=\"auto, (max-width: 321px) 100vw, 321px\" \/><\/a><\/p>\n<p>Francisco Telech\u00eda jug\u00f3 en la primera plantilla del Betis durante 9 temporadas entre 1966 y 1975. Procedente &nbsp;del filial b\u00e9tico de los 60, el Triana Balompi\u00e9, es el ejemplo fiel de una hornada canterana de jugadores que llegaron a la primera plantilla para suceder a la generaci\u00f3n que consolid\u00f3 al club en los &nbsp;a\u00f1os anteriores, y que dio paso a comienzos de los 70 a otra que alcanzar\u00eda grandes \u00e9xitos.<\/p>\n<p>Telech\u00eda no fue un virtuoso t\u00e9cnico ni un fino estilista, pero s\u00ed el ejemplo de un futbolista rocoso, cumplidor y entregado al cien por cien a la causa. A\u00f1o tras a\u00f1o llegaban jugadores a cubrir su puesto de central, pero al final era Paco Telech\u00eda el que terminaba jugando. Alcanz\u00f3 la capitan\u00eda del equipo y le represent\u00f3 con honor y dedicaci\u00f3n en aquel Betis ascensor de finales de los 60 y comienzos de los 70. Procedente de familia b\u00e9tica, su t\u00edo Antonio jug\u00f3 en el Betis tras la guerra civil, transmiti\u00f3 a sus hijos &nbsp;ese beticismo del que es depositario.<\/p>\n<p>A esa entrega noble y apasionada dedic\u00f3 el periodista Manolo Rodr\u00edguez este relato en ABC en 1988.<\/p>\n<p>&nbsp;<\/p>\n<p><span style=\"color: #008000\">Paco Telech\u00eda, aun cuando vivi\u00f3 en el Betis a\u00f1os relativamente modernos, fue quiz\u00e1 un futbolista m\u00e1s a la medida de los pioneros. Fue, como se dijo de Peral, un esp\u00edritu batallador, inquieto y caliente. Uno de esos prototipos, de los que tambi\u00e9n dio muchos el beticismo, que se gan\u00f3 el sustento a base de casta, a golpe de coraz\u00f3n, y mordiendo en la disputa de cada pelota. Paco Telech\u00eda, que, evidentemente no fue nunca un jugador de lujo, s\u00ed fue siempre, durante las diez temporadas que se visti\u00f3 de verdiblanco, un luchador, un sacrificado pe\u00f3n de brega, que vio desfilar ante sus ojos tardes gloriosas de ascensos, y d\u00edas dram\u00e1ticos de llanto; que despidi\u00f3 a una generaci\u00f3n de nombres mitol\u00f3gicos y que salud\u00f3 al llegar a ese grupo de j\u00f3venes que, a\u00f1os m\u00e1s tarde, le dar\u00edan vida a la \u201cd\u00e9cada prodigiosa\u201d. Con unos&nbsp; y con otros convivi\u00f3 bajo el techo celeste de Heli\u00f3polis haciendo cada domingo su trabajo: marcar al delantero m\u00e1s peligroso del rival, y achicar balones. Ese fue su destino. Defender la porter\u00eda de los que llevaban sobre el pecho el escudo de las trece barras.<\/span><\/p>\n<p><span style=\"color: #008000\">Y as\u00ed, gan\u00e1ndose la titularidad de un d\u00eda para otro, consigui\u00f3 ser muchas cosas que se propuso ser cuando jugaba en los descampados de Los Remedios. Lleg\u00f3 a ser capit\u00e1n del Betis, se hizo conocido y familiar en el grader\u00edo de Heli\u00f3polis, se le asoci\u00f3 con los valores de cantera m\u00e1s s\u00f3lidos que ha dado la entidad, y, sobre todo, hizo feliz a los que le rodeaban, a esa familia que era b\u00e9tica desde mucho antes de que Paco Telech\u00eda naciera.<\/span><\/p>\n<p><span style=\"color: #008000\">Un nacimiento que tuvo lugar en Sevilla en agosto del 45, justo cuando el Betis viv\u00eda sus peores a\u00f1os en Segunda Divisi\u00f3n. Hijo de un sargento de la Polic\u00eda Armada, enraizado con el f\u00fatbol a trav\u00e9s de dos de sus t\u00edos, comenz\u00f3 a dar sus primeras patadas en lo que hoy es la calle Asunci\u00f3n. Un solar que entonces era s\u00f3lo campo, donde comenz\u00f3 a alimentar sus primeras inquietudes. Desde all\u00ed se proyect\u00f3 a ese terreno de los Salesianos de Triana que tan dentro est\u00e1 del coraz\u00f3n del beticismo, y en los infantiles del Colspe empez\u00f3 a demostrar que podr\u00eda ser futbolista.<\/span><\/p>\n<p><span style=\"color: #008000\">Y lo comenz\u00f3 a ser cuando, con quince a\u00f1os, lo llam\u00f3 el Betis para una prueba. La salv\u00f3 con \u00e9xito y le dio un nuevo rumbo a su vida. Pas\u00f3 a ser el central de los juveniles del Betis, a las \u00f3rdenes de Santiago Tejera, y all\u00ed conoci\u00f3 a nuevos amigos que, con el tiempo, llegar\u00edan a ser viejos y entra\u00f1ables camaradas. Es el caso, por ejemplo, de Pepe Gonz\u00e1lez, con quien vivi\u00f3 tan cerca que hasta debut\u00f3 en el Betis el mismo d\u00eda, y de otros futbolistas que entonces pugnaban por ser figuras. Unos y otros, los que llegaron y los que no, pasaron m\u00e1s tarde por el banco de pruebas de aquel querido Triana, donde Paco Telech\u00eda pas\u00f3 tres a\u00f1os inolvidables. Por los campos de Regional y de Tercera Divisi\u00f3n , aquel defensa corpulento dio la exacta medida de sus posibilidades. Era, como lo recuerdan quienes lo vieron crecer, un defensor roque\u00f1o, de buen salto, con facilidad para el marcaje, y con una capacidad de trabajo que le confer\u00edan un papel imprescindible. En el Triana lleg\u00f3 a ser capit\u00e1n, y desde ah\u00ed proyect\u00f3 sus posibilidades hacia el primer equipo. Y, como es l\u00f3gico, le lleg\u00f3 la hora\u2026<\/span><\/p>\n<ul>\n<li><span style=\"color: #008000\">Yo debut\u00e9 en el Betis el 27 de noviembre de 1966. Hab\u00eda jurado bandera apenas veinti\u00fan d\u00edas antes, y mi primer partido lo jugu\u00e9 contra el Levante marcando a H\u00e9ctor N\u00fa\u00f1ez. Esa temporada jugu\u00e9 diecis\u00e9is partidos de Liga.<\/span><\/li>\n<\/ul>\n<p><span style=\"color: #008000\">Ese fue el principio. Un primer acto marcado por el \u00e9xito, ya que aquella temporada el Betis consigui\u00f3 ascender a Primera Divisi\u00f3n despu\u00e9s de ganarle una promoci\u00f3n apote\u00f3sica al Granada. En el banquillo hab\u00eda iniciado la temporada Luis Bell\u00f3, pero al inicio de la segunda vuelta volvi\u00f3 a Heli\u00f3polis el entrenador de los milagros. Ese castellano seco llamado Antonio Barrios con el que los verdiblancos dieron por tres veces el salto hacia la m\u00e1xima categor\u00eda. Telech\u00eda, desde su juventud, vivi\u00f3 las mieles de aquel ascenso del 66\/67 e incluso estuvo a punto de jugar el primer partido contra los granadinos, \u201cya que Barrios me llev\u00f3 concentrado a Oromana, pero, en la misma ma\u00f1ana del partido, Eusebio R\u00edos pas\u00f3 la prueba a la que fue sometido\u201d.<\/span><\/p>\n<p><span style=\"color: #008000\">Precisamente ese verano de miel y ascenso recibi\u00f3 su homenaje en Heli\u00f3polis Eusebio R\u00edos. Se iba un mito, y llegaba un joven que quer\u00eda comerse el mundo. En el foso tambi\u00e9n hubo relevo, y a Barrios lo supli\u00f3 C\u00e9sar. A Telech\u00eda le cost\u00f3 trabajo asentarse en la titularidad pero, finalmente, la obtuvo. Se la dio ese \u201cpadre\u201d del beticismo que fue y es Pepe Valera, y encajado en ese equipo sabore\u00f3 por primera vez el agradable aroma de la victoria ante el eterno rival al vencer en Nervi\u00f3n cuando agonizaba la primera vuelta. Sin embargo, esa temporada hubo pocas satisfacciones. El Betis se precipit\u00f3 en Segunda acompa\u00f1ado por el Sevilla, y volvi\u00f3 a empezar una historia que ser\u00eda casi una constante en aquella \u00e9poca. Era el s\u00edndrome del Betis ascensor, del equipo que se hac\u00eda y se deshac\u00eda cada temporada, y que atravesaba, otra vez, malos momentos en lo deportivo y en lo econ\u00f3mico.<\/span><\/p>\n<ul>\n<li><span style=\"color: #008000\">S\u00ed, aquellos fueron a\u00f1os dif\u00edciles. Estuvimos tres temporadas en Segunda Divisi\u00f3n, y recuerdo que se vivi\u00f3 una \u00e9poca en la que parec\u00eda que el club se resquebrajaba. En lo econ\u00f3mico se pasaron apuros, y en lo deportivo hubo que recurrir a la cantera. Pero, como ha ocurrido tantas veces, el Betis fue capaz de salir adelante<\/span><\/li>\n<\/ul>\n<p><span style=\"color: #008000\">S\u00ed, el Betis se reflot\u00f3, como ocurre c\u00edclicamente en Heli\u00f3polis, pero a costa del trabajo de mucha gente que dio mucho a cambio de muy poco,&nbsp; y que pele\u00f3 por esos campos a sangre y fuego a fin de que los sufrimientos no fueran mayores. Por entonces, Telech\u00eda ya era titular indiscutible. Era un futbolista que jugaba una media de cuarenta partidos, y que le daba empaque a una zaga en la que cada a\u00f1o, como antes le ocurriera a Portu, le tra\u00edan caras nuevas.<\/span><\/p>\n<ul>\n<li><span style=\"color: #008000\">Es cierto. Mira, desde que yo empec\u00e9 a jugar llegaron Pach\u00edn, Manolo D\u00edaz, Frigols, Torr\u00e9ns, Biosca, Vicente L\u00f3pez, Iglesias y Sabat\u00e9.<\/span><\/li>\n<\/ul>\n<p><span style=\"color: #008000\">A pesar de los pesares, Telech\u00eda jugaba. Y lo hac\u00eda aun cuando el grader\u00edo le discuti\u00f3 muchas veces sus cualidades \u201ccomo si eternamente se me estuviera comparando con Eusebio R\u00edos\u201d.<\/span><\/p>\n<ul>\n<li><span style=\"color: #008000\">\u00bfUsted piensa que fue un buen futbolista?<\/span><\/li>\n<li><span style=\"color: #008000\">Yo s\u00e9 que t\u00e9cnicamente era limitado, pero a m\u00ed se me utilizaba para otra cosa. Yo era un futbolista t\u00edpico de marcaje que derrochaba entrega en el campo.<\/span><\/li>\n<\/ul>\n<p><span style=\"color: #008000\">De sus cualidades para secar contrarios, y de su tes\u00f3n espartano sobre la yerba pueden dar fe algunos de los grandes mitos de la \u00e9poca. Telech\u00eda se las que tuvo que ver tiesas con Amancio, con Vav\u00e1, con Zald\u00faa, con G\u00e1rate, \u201cque era un excelente futbolista y una mejor persona\u201d y, afortunadamente, tuvo que contender muy pocas veces con un futbolista que para \u00e9l ha sido uno de los m\u00e1s grandes. Un futbolista llamado Joaqu\u00edn Sierra.<\/span><\/p>\n<ul>\n<li><span style=\"color: #008000\">S\u00ed, Quino era un fen\u00f3meno. Ten\u00eda un talento impresionante, y una facilidad para el gol que lo hac\u00edan peligros\u00edsimo. Menos mal que era de nuestro equipo<\/span><\/li>\n<li><span style=\"color: #008000\">Por cierto, hablando de Quino, \u00bfc\u00f3mo encaj\u00f3 la plantilla que Quino abandonara el Betis el a\u00f1o del ascenso, el tercero, con Barrios?<\/span><\/li>\n<li><span style=\"color: #008000\">Pues yo creo que la plantilla lo entendi\u00f3, ya que al pobre lo ten\u00edan harto. El quer\u00eda mejorar y el Betis no lo dejaba. Fue una situaci\u00f3n en la que entonces se pod\u00eda ver cualquier futbolista<\/span><\/li>\n<\/ul>\n<p><span style=\"color: #008000\">Esa temporada del \u201caffaire Quino\u201d, la 70\/71, el Betis alcanza de nuevo la Primera Divisi\u00f3n, y al a\u00f1o siguiente consigue mantener la categor\u00eda. Pero en esa campa\u00f1a ocurre algo que, de alguna manera, marc\u00f3 la carrera de Paco Telech\u00eda. Fue el 19 de marzo del 72. Jugaban en el Villamar\u00edn Betis y Sevilla. Era un partido decisivo para ambos. Ya en la segunda mitad, los verdiblancos ganaban por uno a cero gracias a un tanto de Macario. Entonces, se pita falta contra la porter\u00eda de Pesudo. Es a la altura de los fosos, y la lanza Pazos. El bal\u00f3n viene muerto a la cabeza de Telech\u00eda, pero \u00e9ste, sorpresivamente, se agacha. La pelota queda a los pies de Acosta que fusila el empate.<\/span><\/p>\n<ul>\n<li><span style=\"color: #008000\">\u00bfPor qu\u00e9 la dej\u00f3 usted pasar?<\/span><\/li>\n<li><span style=\"color: #008000\">Porque Pesudo me grit\u00f3 por detr\u00e1s \u201cfuera, fuera\u201d<\/span><\/li>\n<li><span style=\"color: #008000\">\u00bfPesudo o Acosta?<\/span><\/li>\n<li><span style=\"color: #008000\">Es m\u00e1s, al acabar el partido lo hablamos en la caseta, y \u00e9l me dijo que lo que hab\u00eda querido indicarme es que la despejara. Yo no entend\u00ed eso, porque tuve que hacer un esfuerzo para dejarla pasar\u2026 \u00a1pero si no hubiera tenido ni que saltar para darle\u00a1<\/span><\/li>\n<\/ul>\n<p><span style=\"color: #008000\">Esta historia dice Telech\u00eda que no lo traumatiz\u00f3, pero es cierto que se la han recordado mil veces. Fue un lance de mala fortuna con el que camin\u00f3 desde entonces hasta que en 1975 se fue del f\u00fatbol. Ten\u00eda apenas treinta a\u00f1os, y prefiri\u00f3 no andar por esos campos a costa de una dudosa rentabilidad econ\u00f3mica. Prefiri\u00f3 irse tras aquel homenaje que le tribut\u00f3 Heli\u00f3polis en un partido contra el M\u00f3naco. Al final, hab\u00eda tenido algunos problemillas con Szusza, y no quiso que las cosas fuesen a mayores. Se march\u00f3 con la cabeza alta, con la dignidad inmaculada, y con una hoja de servicios que, sin ser brillant\u00edsima, s\u00ed fue lo suficientemente importante como para que el beticismo no olvide a este defensa central que durante una d\u00e9cada defendi\u00f3 su camiseta.<\/span><\/p>\n<p>&nbsp;<\/p>\n<p>Fuente: Manolo Rodr\u00edguez en ABC 21 de febrero de 1988<\/p>\n","protected":false},"excerpt":{"rendered":"<p>Francisco Telech\u00eda jug\u00f3 en la primera plantilla del Betis durante 9 temporadas entre 1966 y 1975. Procedente &nbsp;del filial b\u00e9tico de los 60, el Triana Balompi\u00e9, es el ejemplo fiel de una hornada canterana de jugadores que llegaron a la primera plantilla para suceder a la generaci\u00f3n que consolid\u00f3 al club en los &nbsp;a\u00f1os anteriores,&#8230;<\/p>\n","protected":false},"author":5,"featured_media":44589,"comment_status":"open","ping_status":"open","sticky":false,"template":"","format":"standard","meta":{"_kad_post_transparent":"","_kad_post_title":"","_kad_post_layout":"","_kad_post_sidebar_id":"","_kad_post_content_style":"","_kad_post_vertical_padding":"","_kad_post_feature":"","_kad_post_feature_position":"","_kad_post_header":false,"_kad_post_footer":false,"_kad_post_classname":"","_jetpack_memberships_contains_paid_content":false,"footnotes":"","jetpack_publicize_message":"","jetpack_publicize_feature_enabled":true,"jetpack_social_post_already_shared":true,"jetpack_social_options":{"image_generator_settings":{"template":"highway","default_image_id":0,"font":"","enabled":false},"version":2}},"categories":[1,1176],"tags":[2086,3570],"class_list":["post-44588","post","type-post","status-publish","format-standard","has-post-thumbnail","hentry","category-portada","category-relatos-de-futbol","tag-francisco-telechia","tag-manolo-rodriguez"],"jetpack_publicize_connections":[],"jetpack_featured_media_url":"https:\/\/i0.wp.com\/www.manquepierda.com\/historiarealbetis\/files\/2015\/11\/Telech%C3%ADa.jpg?fit=538%2C863&ssl=1","jetpack_sharing_enabled":true,"jetpack_shortlink":"https:\/\/wp.me\/p1ij08-bBa","jetpack-related-posts":[],"_links":{"self":[{"href":"https:\/\/www.manquepierda.com\/historiarealbetis\/wp-json\/wp\/v2\/posts\/44588","targetHints":{"allow":["GET"]}}],"collection":[{"href":"https:\/\/www.manquepierda.com\/historiarealbetis\/wp-json\/wp\/v2\/posts"}],"about":[{"href":"https:\/\/www.manquepierda.com\/historiarealbetis\/wp-json\/wp\/v2\/types\/post"}],"author":[{"embeddable":true,"href":"https:\/\/www.manquepierda.com\/historiarealbetis\/wp-json\/wp\/v2\/users\/5"}],"replies":[{"embeddable":true,"href":"https:\/\/www.manquepierda.com\/historiarealbetis\/wp-json\/wp\/v2\/comments?post=44588"}],"version-history":[{"count":1,"href":"https:\/\/www.manquepierda.com\/historiarealbetis\/wp-json\/wp\/v2\/posts\/44588\/revisions"}],"predecessor-version":[{"id":85278,"href":"https:\/\/www.manquepierda.com\/historiarealbetis\/wp-json\/wp\/v2\/posts\/44588\/revisions\/85278"}],"wp:featuredmedia":[{"embeddable":true,"href":"https:\/\/www.manquepierda.com\/historiarealbetis\/wp-json\/wp\/v2\/media\/44589"}],"wp:attachment":[{"href":"https:\/\/www.manquepierda.com\/historiarealbetis\/wp-json\/wp\/v2\/media?parent=44588"}],"wp:term":[{"taxonomy":"category","embeddable":true,"href":"https:\/\/www.manquepierda.com\/historiarealbetis\/wp-json\/wp\/v2\/categories?post=44588"},{"taxonomy":"post_tag","embeddable":true,"href":"https:\/\/www.manquepierda.com\/historiarealbetis\/wp-json\/wp\/v2\/tags?post=44588"}],"curies":[{"name":"wp","href":"https:\/\/api.w.org\/{rel}","templated":true}]}}