{"id":4460,"date":"2010-11-18T09:23:00","date_gmt":"2010-11-18T09:23:00","guid":{"rendered":"http:\/\/www.manquepierda.com\/?p=4460"},"modified":"2021-06-11T23:55:50","modified_gmt":"2021-06-11T21:55:50","slug":"visitamos-al-fc-cartagena","status":"publish","type":"post","link":"https:\/\/www.manquepierda.com\/historiarealbetis\/visitamos-al-fc-cartagena\/","title":{"rendered":"Visitamos al FC Cartagena"},"content":{"rendered":"<p><a class=\"lightbox\" title=\"Cartagena-Betis 2010\" href=\"https:\/\/i0.wp.com\/www.manquepierda.com\/historiarealbetis\/files\/2010\/11\/Cartagena-Betis-20101.jpg?ssl=1\"><img data-recalc-dims=\"1\" loading=\"lazy\" decoding=\"async\" class=\" wp-image-4466 aligncenter\" src=\"https:\/\/i0.wp.com\/www.manquepierda.com\/wordpress\/wp-content\/uploads\/2010\/11\/Cartagena-Betis-20101-300x217.jpg?resize=437%2C316\" alt=\"Fuente: Al Final de la Palmera\" width=\"437\" height=\"316\" srcset=\"https:\/\/i0.wp.com\/www.manquepierda.com\/historiarealbetis\/files\/2010\/11\/Cartagena-Betis-20101.jpg?resize=300%2C217&amp;ssl=1 300w, https:\/\/i0.wp.com\/www.manquepierda.com\/historiarealbetis\/files\/2010\/11\/Cartagena-Betis-20101.jpg?w=737&amp;ssl=1 737w\" sizes=\"auto, (max-width: 437px) 100vw, 437px\" \/><\/a><\/p>\n<p>El pr\u00f3ximo s\u00e1bado\u00a0\u00a0 visitaremos por segunda vez en nuestra historia al F\u00fatbol Club Cartagena, un equipo muy joven, fundado en 1995, y que en esta temporada cumple su segundo a\u00f1o en Segunda Divisi\u00f3n, adem\u00e1s de 11 temporadas en Segunda B y 2 en Tercera.<\/p>\n<p>El \u00fanico partido jugado por el Betis en su estadio de Cartagonova se disput\u00f3 el 28 de Febrero de 2010 y concluy\u00f3 con victoria b\u00e9tica por 1-2.<\/p>\n<p>El \u00fanico jugador com\u00fan a los dos clubs es Francisco Jos\u00e9 Maldonado, que este a\u00f1o ha fichado por el conjunto cartagin\u00e9s. Felipe Mesones es el \u00fanico entrenador que ha dirigido a los dos clubs.<\/p>\n<p>El Betis s\u00ed ha jugado hist\u00f3ricamente con el otro club de Cartagena: el Cartagena F\u00fatbol Club ( el popular efese), club fundado en 1919 y con el que el Betis jug\u00f3 en Cartagena por primera vez un encuentro amistoso el 1 de Noviembre de 1924 que concluy\u00f3 con empate a 0.<\/p>\n<p>El Betis ha disputado en los\u00a0 campos del Cartagena FC (Alfonso XIII y El Almarjal) 2 partidos de Liga de Segunda ( 1 victoris y 1 derrota), 2 de Copa ( 1 victoria y 1 derrota) y 4 amistosos ( 1 victoria, 2 empates y 1 derrota).<\/p>\n<p>La \u00faltima vez que el Betis jug\u00f3 contra este equipo fue un amistoso disputado en El Almarjal en Agosto de 1982, y del que acompa\u00f1amos la informaci\u00f3n period\u00edstica de entonces.<\/p>\n<figure id=\"attachment_4461\" aria-describedby=\"caption-attachment-4461\" style=\"width: 168px\" class=\"wp-caption aligncenter\"><a class=\"lightbox\" title=\"Cartagena-Betis 1982\" href=\"https:\/\/i0.wp.com\/www.manquepierda.com\/historiarealbetis\/files\/2010\/11\/Cartagena-Betis-1982.jpg?ssl=1\"><img data-recalc-dims=\"1\" loading=\"lazy\" decoding=\"async\" class=\"size-medium wp-image-4461\" src=\"https:\/\/i0.wp.com\/www.manquepierda.com\/wordpress\/wp-content\/uploads\/2010\/11\/Cartagena-Betis-1982-168x300.jpg?resize=168%2C300\" alt=\"Fuente: ABC 8 de Agosto de 1982\" width=\"168\" height=\"300\" srcset=\"https:\/\/i0.wp.com\/www.manquepierda.com\/historiarealbetis\/files\/2010\/11\/Cartagena-Betis-1982.jpg?resize=168%2C300&amp;ssl=1 168w, https:\/\/i0.wp.com\/www.manquepierda.com\/historiarealbetis\/files\/2010\/11\/Cartagena-Betis-1982.jpg?w=542&amp;ssl=1 542w\" sizes=\"auto, (max-width: 168px) 100vw, 168px\" \/><\/a><figcaption id=\"caption-attachment-4461\" class=\"wp-caption-text\">Fuente: ABC 8 de Agosto de 1982<\/figcaption><\/figure>\n\n\n<p><\/p>\n","protected":false},"excerpt":{"rendered":"<p>El pr\u00f3ximo s\u00e1bado\u00a0\u00a0 visitaremos por segunda vez en nuestra historia al F\u00fatbol Club Cartagena, un equipo muy joven, fundado en 1995, y que en esta temporada cumple su segundo a\u00f1o en Segunda Divisi\u00f3n, adem\u00e1s de 11 temporadas en Segunda B y 2 en Tercera. El \u00fanico partido jugado por el Betis en su estadio de&#8230;<\/p>\n","protected":false},"author":5,"featured_media":4466,"comment_status":"open","ping_status":"open","sticky":false,"template":"","format":"standard","meta":{"_kad_post_transparent":"","_kad_post_title":"","_kad_post_layout":"","_kad_post_sidebar_id":"","_kad_post_content_style":"","_kad_post_vertical_padding":"","_kad_post_feature":"","_kad_post_feature_position":"","_kad_post_header":false,"_kad_post_footer":false,"_kad_post_classname":"","_jetpack_memberships_contains_paid_content":false,"footnotes":"","jetpack_publicize_message":"","jetpack_publicize_feature_enabled":true,"jetpack_social_post_already_shared":false,"jetpack_social_options":{"image_generator_settings":{"template":"highway","default_image_id":0,"font":"","enabled":false},"version":2}},"categories":[895,1],"tags":[1188,1186,1187],"class_list":["post-4460","post","type-post","status-publish","format-standard","has-post-thumbnail","hentry","category-los-rivales","category-portada","tag-cartagena-fc","tag-fc-cartagena","tag-francisco-jose-maldonado"],"jetpack_publicize_connections":[],"jetpack_featured_media_url":"https:\/\/i0.wp.com\/www.manquepierda.com\/historiarealbetis\/files\/2010\/11\/Cartagena-Betis-20101.jpg?fit=737%2C535&ssl=1","jetpack_sharing_enabled":true,"jetpack_shortlink":"https:\/\/wp.me\/p1ij08-19W","jetpack-related-posts":[],"_links":{"self":[{"href":"https:\/\/www.manquepierda.com\/historiarealbetis\/wp-json\/wp\/v2\/posts\/4460","targetHints":{"allow":["GET"]}}],"collection":[{"href":"https:\/\/www.manquepierda.com\/historiarealbetis\/wp-json\/wp\/v2\/posts"}],"about":[{"href":"https:\/\/www.manquepierda.com\/historiarealbetis\/wp-json\/wp\/v2\/types\/post"}],"author":[{"embeddable":true,"href":"https:\/\/www.manquepierda.com\/historiarealbetis\/wp-json\/wp\/v2\/users\/5"}],"replies":[{"embeddable":true,"href":"https:\/\/www.manquepierda.com\/historiarealbetis\/wp-json\/wp\/v2\/comments?post=4460"}],"version-history":[{"count":0,"href":"https:\/\/www.manquepierda.com\/historiarealbetis\/wp-json\/wp\/v2\/posts\/4460\/revisions"}],"wp:featuredmedia":[{"embeddable":true,"href":"https:\/\/www.manquepierda.com\/historiarealbetis\/wp-json\/wp\/v2\/media\/4466"}],"wp:attachment":[{"href":"https:\/\/www.manquepierda.com\/historiarealbetis\/wp-json\/wp\/v2\/media?parent=4460"}],"wp:term":[{"taxonomy":"category","embeddable":true,"href":"https:\/\/www.manquepierda.com\/historiarealbetis\/wp-json\/wp\/v2\/categories?post=4460"},{"taxonomy":"post_tag","embeddable":true,"href":"https:\/\/www.manquepierda.com\/historiarealbetis\/wp-json\/wp\/v2\/tags?post=4460"}],"curies":[{"name":"wp","href":"https:\/\/api.w.org\/{rel}","templated":true}]}}