{"id":44612,"date":"2015-11-18T07:25:46","date_gmt":"2015-11-18T06:25:46","guid":{"rendered":"http:\/\/www.manquepierda.com\/historiarealbetis\/?p=44612"},"modified":"2024-09-07T17:00:31","modified_gmt":"2024-09-07T15:00:31","slug":"alineacion-betis-dinamo-bucarest-amistoso-1992","status":"publish","type":"post","link":"https:\/\/www.manquepierda.com\/historiarealbetis\/alineacion-betis-dinamo-bucarest-amistoso-1992\/","title":{"rendered":"Alineaci\u00f3n Betis-Dinamo Bucarest Amistoso 1992"},"content":{"rendered":"<p><a href=\"https:\/\/i0.wp.com\/www.manquepierda.com\/historiarealbetis\/files\/2015\/11\/Alineaci%C3%B3n-Betis-Dinamo-Bucarest-Amistoso-1992.jpg?ssl=1\"><img data-recalc-dims=\"1\" loading=\"lazy\" decoding=\"async\" class=\"aligncenter size-medium wp-image-44613\" src=\"https:\/\/i0.wp.com\/www.manquepierda.com\/historiarealbetis\/files\/2015\/11\/Alineaci%C3%B3n-Betis-Dinamo-Bucarest-Amistoso-1992.jpg?resize=680%2C424&#038;ssl=1\" alt=\"Alineaci\u00f3n Betis-Dinamo Bucarest Amistoso 1992\" width=\"680\" height=\"424\" srcset=\"https:\/\/i0.wp.com\/www.manquepierda.com\/historiarealbetis\/files\/2015\/11\/Alineaci%C3%B3n-Betis-Dinamo-Bucarest-Amistoso-1992.jpg?resize=680%2C424&amp;ssl=1 680w, https:\/\/i0.wp.com\/www.manquepierda.com\/historiarealbetis\/files\/2015\/11\/Alineaci%C3%B3n-Betis-Dinamo-Bucarest-Amistoso-1992.jpg?resize=220%2C137&amp;ssl=1 220w, https:\/\/i0.wp.com\/www.manquepierda.com\/historiarealbetis\/files\/2015\/11\/Alineaci%C3%B3n-Betis-Dinamo-Bucarest-Amistoso-1992.jpg?resize=960%2C598&amp;ssl=1 960w, https:\/\/i0.wp.com\/www.manquepierda.com\/historiarealbetis\/files\/2015\/11\/Alineaci%C3%B3n-Betis-Dinamo-Bucarest-Amistoso-1992.jpg?resize=400%2C250&amp;ssl=1 400w, https:\/\/i0.wp.com\/www.manquepierda.com\/historiarealbetis\/files\/2015\/11\/Alineaci%C3%B3n-Betis-Dinamo-Bucarest-Amistoso-1992.jpg?w=1000&amp;ssl=1 1000w\" sizes=\"auto, (max-width: 680px) 100vw, 680px\" \/><\/a><\/p>\n<p>12 de agosto de 1992 en el Benito Villamar\u00edn Betis 0 Dinamo de Bucarest 1; partido de amistoso de presentaci\u00f3n.<\/p>\n<p>En la imagen arriba: Ivanov, Monreal, M\u00e1rquez, Merino, Requena y Kukleta; abajo: Ure\u00f1a, Mel, Gabino, Cu\u00e9llar y Tab Ramos.<\/p>\n<p>Un gol de Cheregi en el minuto 48 le sirvi\u00f3 al equipo rumano para hacerse con la victoria.<\/p>\n<p>Jorge D\u00b4Alessandro entrenaba al Betis y Florin Halagian al Dinamo de Bucarest<\/p>\n<p>&nbsp;<\/p>\n","protected":false},"excerpt":{"rendered":"<p>12 de agosto de 1992 en el Benito Villamar\u00edn Betis 0 Dinamo de Bucarest 1; partido de amistoso de presentaci\u00f3n. En la imagen arriba: Ivanov, Monreal, M\u00e1rquez, Merino, Requena y Kukleta; abajo: Ure\u00f1a, Mel, Gabino, Cu\u00e9llar y Tab Ramos. Un gol de Cheregi en el minuto 48 le sirvi\u00f3 al equipo rumano para hacerse con&#8230;<\/p>\n","protected":false},"author":5,"featured_media":44613,"comment_status":"open","ping_status":"open","sticky":false,"template":"","format":"standard","meta":{"_kad_post_transparent":"","_kad_post_title":"","_kad_post_layout":"","_kad_post_sidebar_id":"","_kad_post_content_style":"","_kad_post_vertical_padding":"","_kad_post_feature":"","_kad_post_feature_position":"","_kad_post_header":false,"_kad_post_footer":false,"_kad_post_classname":"","_jetpack_memberships_contains_paid_content":false,"footnotes":"","jetpack_publicize_message":"","jetpack_publicize_feature_enabled":true,"jetpack_social_post_already_shared":true,"jetpack_social_options":{"image_generator_settings":{"template":"highway","default_image_id":0,"font":"","enabled":false},"version":2}},"categories":[905,1],"tags":[5731,8377,1309,3922,12889,1129,5467,15494,1420,1369,655,8378,12371,9363],"class_list":["post-44612","post","type-post","status-publish","format-standard","has-post-thumbnail","hentry","category-1990-1999","category-portada","tag-5731","tag-1992-93","tag-angel-cuellar","tag-antonio-monreal","tag-dinamo-bucarest","tag-gabino-rodriguez","tag-jose-salvador-requena","tag-juan-antonio-urena","tag-juan-merino","tag-luis-marquez","tag-pepe-mel","tag-roman-kukleta","tag-tab-ramos","tag-trifon-ivanov"],"jetpack_publicize_connections":[],"jetpack_featured_media_url":"https:\/\/i0.wp.com\/www.manquepierda.com\/historiarealbetis\/files\/2015\/11\/Alineaci%C3%B3n-Betis-Dinamo-Bucarest-Amistoso-1992.jpg?fit=1000%2C623&ssl=1","jetpack_sharing_enabled":true,"jetpack_shortlink":"https:\/\/wp.me\/p1ij08-bBy","jetpack-related-posts":[],"_links":{"self":[{"href":"https:\/\/www.manquepierda.com\/historiarealbetis\/wp-json\/wp\/v2\/posts\/44612","targetHints":{"allow":["GET"]}}],"collection":[{"href":"https:\/\/www.manquepierda.com\/historiarealbetis\/wp-json\/wp\/v2\/posts"}],"about":[{"href":"https:\/\/www.manquepierda.com\/historiarealbetis\/wp-json\/wp\/v2\/types\/post"}],"author":[{"embeddable":true,"href":"https:\/\/www.manquepierda.com\/historiarealbetis\/wp-json\/wp\/v2\/users\/5"}],"replies":[{"embeddable":true,"href":"https:\/\/www.manquepierda.com\/historiarealbetis\/wp-json\/wp\/v2\/comments?post=44612"}],"version-history":[{"count":1,"href":"https:\/\/www.manquepierda.com\/historiarealbetis\/wp-json\/wp\/v2\/posts\/44612\/revisions"}],"predecessor-version":[{"id":98615,"href":"https:\/\/www.manquepierda.com\/historiarealbetis\/wp-json\/wp\/v2\/posts\/44612\/revisions\/98615"}],"wp:featuredmedia":[{"embeddable":true,"href":"https:\/\/www.manquepierda.com\/historiarealbetis\/wp-json\/wp\/v2\/media\/44613"}],"wp:attachment":[{"href":"https:\/\/www.manquepierda.com\/historiarealbetis\/wp-json\/wp\/v2\/media?parent=44612"}],"wp:term":[{"taxonomy":"category","embeddable":true,"href":"https:\/\/www.manquepierda.com\/historiarealbetis\/wp-json\/wp\/v2\/categories?post=44612"},{"taxonomy":"post_tag","embeddable":true,"href":"https:\/\/www.manquepierda.com\/historiarealbetis\/wp-json\/wp\/v2\/tags?post=44612"}],"curies":[{"name":"wp","href":"https:\/\/api.w.org\/{rel}","templated":true}]}}