{"id":44862,"date":"2015-11-26T07:29:43","date_gmt":"2015-11-26T06:29:43","guid":{"rendered":"http:\/\/www.manquepierda.com\/historiarealbetis\/?p=44862"},"modified":"2024-08-13T10:17:49","modified_gmt":"2024-08-13T08:17:49","slug":"levante-betis-liga-2007-2","status":"publish","type":"post","link":"https:\/\/www.manquepierda.com\/historiarealbetis\/levante-betis-liga-2007-2\/","title":{"rendered":"Levante-Betis Liga 2007"},"content":{"rendered":"<figure id=\"attachment_44863\" aria-describedby=\"caption-attachment-44863\" style=\"width: 426px\" class=\"wp-caption aligncenter\"><a href=\"https:\/\/i0.wp.com\/www.manquepierda.com\/historiarealbetis\/files\/2015\/11\/Levante-Betis-Liga-2007-Marca-26-11-2007.jpg?ssl=1\"><img data-recalc-dims=\"1\" loading=\"lazy\" decoding=\"async\" class=\"size-full wp-image-44863\" src=\"https:\/\/i0.wp.com\/www.manquepierda.com\/historiarealbetis\/files\/2015\/11\/Levante-Betis-Liga-2007-Marca-26-11-2007.jpg?resize=426%2C422&#038;ssl=1\" alt=\"Fuente: Marca 26 de noviembre de 2007\" width=\"426\" height=\"422\" srcset=\"https:\/\/i0.wp.com\/www.manquepierda.com\/historiarealbetis\/files\/2015\/11\/Levante-Betis-Liga-2007-Marca-26-11-2007.jpg?w=426&amp;ssl=1 426w, https:\/\/i0.wp.com\/www.manquepierda.com\/historiarealbetis\/files\/2015\/11\/Levante-Betis-Liga-2007-Marca-26-11-2007.jpg?resize=220%2C218&amp;ssl=1 220w, https:\/\/i0.wp.com\/www.manquepierda.com\/historiarealbetis\/files\/2015\/11\/Levante-Betis-Liga-2007-Marca-26-11-2007.jpg?resize=150%2C150&amp;ssl=1 150w\" sizes=\"auto, (max-width: 426px) 100vw, 426px\" \/><\/a><figcaption id=\"caption-attachment-44863\" class=\"wp-caption-text\">Fuente: Marca 26 de noviembre de 2007<\/figcaption><\/figure>\n<p>25 de noviembre de 2007 en el Ciutat de Valencia \u00a0Levante 4 \u00a0 Betis 3; jornada 13 del Campeonato de Liga de Primera Divisi\u00f3n.<\/p>\n<p>En la imagen el delantero b\u00e9tico Sobis controla el bal\u00f3n ante el defensa levantinista Serrano.<\/p>\n<p>Un partido desperdiciado por el equipo b\u00e9tico que a los 25 minutos venc\u00eda 0-2 con goles de Arzu y Edu, pero que se dej\u00f3 remontar por los locales con tantos de Tommasi y 2 de Riga en 11 minutos tan solo. El empate a 3 de Pavone en el minuto 51 no sirvi\u00f3 de nada, dado que Javi Fuego en el 80 hizo el 4-3 definitivo.<\/p>\n<p>Giovanni De Biasi entrenaba al Levante y H\u00e9ctor C\u00faper al Betis.<\/p>\n","protected":false},"excerpt":{"rendered":"<p>25 de noviembre de 2007 en el Ciutat de Valencia \u00a0Levante 4 \u00a0 Betis 3; jornada 13 del Campeonato de Liga de Primera Divisi\u00f3n. En la imagen el delantero b\u00e9tico Sobis controla el bal\u00f3n ante el defensa levantinista Serrano. Un partido desperdiciado por el equipo b\u00e9tico que a los 25 minutos venc\u00eda 0-2 con goles&#8230;<\/p>\n","protected":false},"author":5,"featured_media":44863,"comment_status":"open","ping_status":"open","sticky":false,"template":"","format":"standard","meta":{"_kad_post_transparent":"","_kad_post_title":"","_kad_post_layout":"","_kad_post_sidebar_id":"","_kad_post_content_style":"","_kad_post_vertical_padding":"","_kad_post_feature":"","_kad_post_feature_position":"","_kad_post_header":false,"_kad_post_footer":false,"_kad_post_classname":"","_jetpack_memberships_contains_paid_content":false,"footnotes":"","jetpack_publicize_message":"","jetpack_publicize_feature_enabled":true,"jetpack_social_post_already_shared":true,"jetpack_social_options":{"image_generator_settings":{"template":"highway","default_image_id":0,"font":"","enabled":false},"version":2}},"categories":[4823,1],"tags":[8674,6620,9616,17817,11701],"class_list":["post-44862","post","type-post","status-publish","format-standard","has-post-thumbnail","hentry","category-2000-2009","category-portada","tag-8674","tag-2007-08","tag-levante-ud","tag-liga-primera-2007-08","tag-rafael-sobis"],"jetpack_publicize_connections":[],"jetpack_featured_media_url":"https:\/\/i0.wp.com\/www.manquepierda.com\/historiarealbetis\/files\/2015\/11\/Levante-Betis-Liga-2007-Marca-26-11-2007.jpg?fit=426%2C422&ssl=1","jetpack_sharing_enabled":true,"jetpack_shortlink":"https:\/\/wp.me\/p1ij08-bFA","jetpack-related-posts":[],"_links":{"self":[{"href":"https:\/\/www.manquepierda.com\/historiarealbetis\/wp-json\/wp\/v2\/posts\/44862","targetHints":{"allow":["GET"]}}],"collection":[{"href":"https:\/\/www.manquepierda.com\/historiarealbetis\/wp-json\/wp\/v2\/posts"}],"about":[{"href":"https:\/\/www.manquepierda.com\/historiarealbetis\/wp-json\/wp\/v2\/types\/post"}],"author":[{"embeddable":true,"href":"https:\/\/www.manquepierda.com\/historiarealbetis\/wp-json\/wp\/v2\/users\/5"}],"replies":[{"embeddable":true,"href":"https:\/\/www.manquepierda.com\/historiarealbetis\/wp-json\/wp\/v2\/comments?post=44862"}],"version-history":[{"count":1,"href":"https:\/\/www.manquepierda.com\/historiarealbetis\/wp-json\/wp\/v2\/posts\/44862\/revisions"}],"predecessor-version":[{"id":96487,"href":"https:\/\/www.manquepierda.com\/historiarealbetis\/wp-json\/wp\/v2\/posts\/44862\/revisions\/96487"}],"wp:featuredmedia":[{"embeddable":true,"href":"https:\/\/www.manquepierda.com\/historiarealbetis\/wp-json\/wp\/v2\/media\/44863"}],"wp:attachment":[{"href":"https:\/\/www.manquepierda.com\/historiarealbetis\/wp-json\/wp\/v2\/media?parent=44862"}],"wp:term":[{"taxonomy":"category","embeddable":true,"href":"https:\/\/www.manquepierda.com\/historiarealbetis\/wp-json\/wp\/v2\/categories?post=44862"},{"taxonomy":"post_tag","embeddable":true,"href":"https:\/\/www.manquepierda.com\/historiarealbetis\/wp-json\/wp\/v2\/tags?post=44862"}],"curies":[{"name":"wp","href":"https:\/\/api.w.org\/{rel}","templated":true}]}}