{"id":44876,"date":"2015-11-24T15:54:43","date_gmt":"2015-11-24T14:54:43","guid":{"rendered":"http:\/\/www.manquepierda.com\/historiarealbetis\/?p=44876"},"modified":"2024-08-23T11:07:39","modified_gmt":"2024-08-23T09:07:39","slug":"1966-noviembre-49aniversario","status":"publish","type":"post","link":"https:\/\/www.manquepierda.com\/historiarealbetis\/1966-noviembre-49aniversario\/","title":{"rendered":"1967-Noviembre 24.-El trofeo AMBERES-grata sorpresa para el Betis.-48Aniversario."},"content":{"rendered":"<p style=\"text-align: center\"><a href=\"https:\/\/www.manquepierda.com\/historiarealbetis\/44876-1966-noviembre-49aniversario\/trofeo-amberes-3\/\" rel=\"attachment wp-att-44877\"><img data-recalc-dims=\"1\" loading=\"lazy\" decoding=\"async\" class=\"aligncenter size-full wp-image-44877\" src=\"https:\/\/i0.wp.com\/www.manquepierda.com\/historiarealbetis\/files\/2015\/11\/Trofeo-Amberes.jpg?resize=396%2C596&#038;ssl=1\" alt=\"Trofeo-Amberes\" width=\"396\" height=\"596\" srcset=\"https:\/\/i0.wp.com\/www.manquepierda.com\/historiarealbetis\/files\/2015\/11\/Trofeo-Amberes.jpg?w=396&amp;ssl=1 396w, https:\/\/i0.wp.com\/www.manquepierda.com\/historiarealbetis\/files\/2015\/11\/Trofeo-Amberes.jpg?resize=146%2C220&amp;ssl=1 146w\" sizes=\"auto, (max-width: 396px) 100vw, 396px\" \/><\/a><em><strong>\u00abLa concesi\u00f3n del \u00abPremio Amberes\u00bb al Real Betis Balompi\u00e9 ha causado grata sorpresa. <\/strong><\/em><\/p>\n<p style=\"text-align: left\"><em><strong>La verdad es que nadie esperaba este galard\u00f3n,\u00a0 que,\u00a0 por otra parte,\u00a0 justiprecia exactamente la realidad de cu\u00e1nto trabaj\u00f3 el club hispalense en pro del deporte nacional.<\/strong><\/em><\/p>\n<p style=\"text-align: center\"><em><strong>No es nueva la tarea.\u00a0\u00a0 Y siempre ha sido famosa la escuela sevillana.\u00a0\u00a0 <\/strong><\/em><\/p>\n<p style=\"text-align: left\"><em><strong>S\u00f3lo en essta ocasi\u00f3n,\u00a0 quiz\u00e1 porque las circunstancias obligan y tambi\u00e9n porque est\u00e1n en masa posotivos valores de la cantera sevillana (en el Betis Balompi\u00e9,\u00a0 por ejemplo,\u00a0 la mayor parte de su plantilla titular profesional de hoy es peoducto de ese trabajo),\u00a0 tal reconocimiento se ha traducido en la concesi\u00f3n nada menos que del \u00abPremio Amberes\u00bb.<\/strong><\/em><\/p>\n<p style=\"text-align: center\"><em><strong>Dos galardones de tipo nacional ha recibido en toda su historia el Real Betis Balompi\u00e9:<\/strong><\/em><\/p>\n<p style=\"text-align: center\"><em><strong>El \u00abPremio a la Deportividad\u00bb,\u00a0 hace escasas temporadas,\u00a0 por ser equipo que no sufri\u00f3 sanci\u00f3n alguna.<\/strong><\/em><\/p>\n<p style=\"text-align: center\"><em><strong>Y ahora este del \u00abPremio Amberes\u00bb,\u00a0 fruto de ocho a\u00f1os de trabajos en pro de su cantera.<\/strong><\/em><\/p>\n<p style=\"text-align: left\"><em><strong>En realidad son galardones que significan el aut\u00e9ntico que persigue la sociedad verdiblanca:\u00a0 hacer deportistas y mantener y enaltecer la caballerosidad y nobleza en las canchas de juego.<\/strong><\/em><\/p>\n<p style=\"text-align: center\"><em><strong>La labor de la actual cantera b\u00e9tica se resume en las siguientes cifras:<\/strong><\/em><\/p>\n<p style=\"text-align: left\"><a href=\"https:\/\/www.manquepierda.com\/historiarealbetis\/44876-1966-noviembre-49aniversario\/benitovillamarinprieto-14\/\" rel=\"attachment wp-att-44878\"><img data-recalc-dims=\"1\" loading=\"lazy\" decoding=\"async\" class=\"aligncenter size-thumbnail wp-image-44878\" src=\"https:\/\/i0.wp.com\/www.manquepierda.com\/historiarealbetis\/files\/2015\/11\/BenitoVILLAMAR%C3%8DNprieto.jpg?resize=128%2C220&#038;ssl=1\" alt=\"BenitoVILLAMAR\u00cdNprieto\" width=\"128\" height=\"220\" srcset=\"https:\/\/i0.wp.com\/www.manquepierda.com\/historiarealbetis\/files\/2015\/11\/BenitoVILLAMAR%C3%8DNprieto.jpg?resize=128%2C220&amp;ssl=1 128w, https:\/\/i0.wp.com\/www.manquepierda.com\/historiarealbetis\/files\/2015\/11\/BenitoVILLAMAR%C3%8DNprieto.jpg?resize=349%2C600&amp;ssl=1 349w, https:\/\/i0.wp.com\/www.manquepierda.com\/historiarealbetis\/files\/2015\/11\/BenitoVILLAMAR%C3%8DNprieto.jpg?resize=407%2C700&amp;ssl=1 407w, https:\/\/i0.wp.com\/www.manquepierda.com\/historiarealbetis\/files\/2015\/11\/BenitoVILLAMAR%C3%8DNprieto.jpg?w=1273&amp;ssl=1 1273w\" sizes=\"auto, (max-width: 128px) 100vw, 128px\" \/><\/a><em><strong>En menos de ocho a\u00f1os de trabajo iniciado bajo el mando del inolvidable don Benito Villamar\u00edn Prieto,\u00a0 cuando ostentaba la presidencia,\u00a0<\/strong><\/em><\/p>\n<p style=\"text-align: left\"><a href=\"https:\/\/www.manquepierda.com\/historiarealbetis\/44876-1966-noviembre-49aniversario\/jose-valera-nocera-entrenador-3\/\" rel=\"attachment wp-att-44879\"><img data-recalc-dims=\"1\" loading=\"lazy\" decoding=\"async\" class=\"aligncenter size-thumbnail wp-image-44879\" src=\"https:\/\/i0.wp.com\/www.manquepierda.com\/historiarealbetis\/files\/2015\/11\/Jos%C3%A9-VALERA-Nocera-Entrenador-149x220.jpg?resize=149%2C220&#038;ssl=1\" alt=\"Jos\u00e9 VALERA Nocera-Entrenador\" width=\"149\" height=\"220\" srcset=\"https:\/\/i0.wp.com\/www.manquepierda.com\/historiarealbetis\/files\/2015\/11\/Jos%C3%A9-VALERA-Nocera-Entrenador.jpg?resize=149%2C220&amp;ssl=1 149w, https:\/\/i0.wp.com\/www.manquepierda.com\/historiarealbetis\/files\/2015\/11\/Jos%C3%A9-VALERA-Nocera-Entrenador.jpg?w=153&amp;ssl=1 153w\" sizes=\"auto, (max-width: 149px) 100vw, 149px\" \/><\/a><em><strong>y que tuvo desde el comienzo como rector de la organizaci\u00f3n al que hoy es preparador del titular,\u00a0 Jos\u00e9 Valera Nocera,\u00a0 el Club ha lanzado a m\u00e1s de seiscientos jugadores.<\/strong><\/em><\/p>\n<p style=\"text-align: center\"><em><strong>Hoy mismo,\u00a0 la mayor\u00eda son elementos sacados de la cantera propia,\u00a0 como por ejemplo:<\/strong><\/em><\/p>\n<p style=\"text-align: center\"><a href=\"https:\/\/www.manquepierda.com\/historiarealbetis\/44876-1966-noviembre-49aniversario\/anton-1964-3\/\" rel=\"attachment wp-att-44880\"><img data-recalc-dims=\"1\" loading=\"lazy\" decoding=\"async\" class=\"aligncenter size-full wp-image-44880\" src=\"https:\/\/i0.wp.com\/www.manquepierda.com\/historiarealbetis\/files\/2015\/11\/ANT%C3%93N-1964.jpg?resize=127%2C188&#038;ssl=1\" alt=\"ANT\u00d3N-1964\" width=\"127\" height=\"188\" \/><\/a><em><strong>Antonio Manuel Mart\u00ednez Morales (a) \u00abANT\u00d3N\u00bb.<\/strong><\/em><\/p>\n<p style=\"text-align: center\"><a href=\"https:\/\/www.manquepierda.com\/historiarealbetis\/44876-1966-noviembre-49aniversario\/frasco-franciscoortizvazquez-2\/\" rel=\"attachment wp-att-44881\"><img data-recalc-dims=\"1\" loading=\"lazy\" decoding=\"async\" class=\"aligncenter size-thumbnail wp-image-44881\" src=\"https:\/\/i0.wp.com\/www.manquepierda.com\/historiarealbetis\/files\/2015\/11\/FRASCO-FranciscoOrtizV%C3%A1zquez.jpg?resize=152%2C220&#038;ssl=1\" alt=\"FRASCO-FranciscoOrtizV\u00e1zquez\" width=\"152\" height=\"220\" srcset=\"https:\/\/i0.wp.com\/www.manquepierda.com\/historiarealbetis\/files\/2015\/11\/FRASCO-FranciscoOrtizV%C3%A1zquez.jpg?resize=152%2C220&amp;ssl=1 152w, https:\/\/i0.wp.com\/www.manquepierda.com\/historiarealbetis\/files\/2015\/11\/FRASCO-FranciscoOrtizV%C3%A1zquez.jpg?resize=414%2C600&amp;ssl=1 414w, https:\/\/i0.wp.com\/www.manquepierda.com\/historiarealbetis\/files\/2015\/11\/FRASCO-FranciscoOrtizV%C3%A1zquez.jpg?resize=483%2C700&amp;ssl=1 483w, https:\/\/i0.wp.com\/www.manquepierda.com\/historiarealbetis\/files\/2015\/11\/FRASCO-FranciscoOrtizV%C3%A1zquez.jpg?w=1612&amp;ssl=1 1612w\" sizes=\"auto, (max-width: 152px) 100vw, 152px\" \/><\/a><em><strong>Francisco Ort\u00edz V\u00e1zquez (a) \u00abFRASCO\u00bb.<\/strong><\/em><\/p>\n<p style=\"text-align: center\"><a href=\"https:\/\/www.manquepierda.com\/historiarealbetis\/44876-1966-noviembre-49aniversario\/ezequiel-3\/\" rel=\"attachment wp-att-44882\"><img data-recalc-dims=\"1\" loading=\"lazy\" decoding=\"async\" class=\"aligncenter size-thumbnail wp-image-44882\" src=\"https:\/\/i0.wp.com\/www.manquepierda.com\/historiarealbetis\/files\/2015\/11\/EZEQUIEL.jpg?resize=176%2C220&#038;ssl=1\" alt=\"EZEQUIEL\" width=\"176\" height=\"220\" srcset=\"https:\/\/i0.wp.com\/www.manquepierda.com\/historiarealbetis\/files\/2015\/11\/EZEQUIEL.jpg?resize=176%2C220&amp;ssl=1 176w, https:\/\/i0.wp.com\/www.manquepierda.com\/historiarealbetis\/files\/2015\/11\/EZEQUIEL.jpg?w=267&amp;ssl=1 267w\" sizes=\"auto, (max-width: 176px) 100vw, 176px\" \/><\/a><em><strong>Antonio EZEQUIEL Manuente Pinto.<\/strong><\/em><\/p>\n<p style=\"text-align: center\"><a href=\"https:\/\/www.manquepierda.com\/historiarealbetis\/44876-1966-noviembre-49aniversario\/dionisio-gomez-alfaro-11\/\" rel=\"attachment wp-att-44884\"><img data-recalc-dims=\"1\" loading=\"lazy\" decoding=\"async\" class=\"aligncenter size-thumbnail wp-image-44884\" src=\"https:\/\/i0.wp.com\/www.manquepierda.com\/historiarealbetis\/files\/2015\/11\/DIONIsio-G%C3%B3mez-Alfaro.png?resize=188%2C220&#038;ssl=1\" alt=\"DIONIsio G\u00f3mez Alfaro\" width=\"188\" height=\"220\" srcset=\"https:\/\/i0.wp.com\/www.manquepierda.com\/historiarealbetis\/files\/2015\/11\/DIONIsio-G%C3%B3mez-Alfaro.png?resize=188%2C220&amp;ssl=1 188w, https:\/\/i0.wp.com\/www.manquepierda.com\/historiarealbetis\/files\/2015\/11\/DIONIsio-G%C3%B3mez-Alfaro.png?w=191&amp;ssl=1 191w\" sizes=\"auto, (max-width: 188px) 100vw, 188px\" \/><\/a><em><strong>Dionisio G\u00f3mez Alfaro (a) \u00abDIONI\u00bb.<\/strong><br \/>\n<\/em><\/p>\n<p style=\"text-align: center\"><a href=\"https:\/\/www.manquepierda.com\/historiarealbetis\/44876-1966-noviembre-49aniversario\/macario-manuel-perez-orihuela-3\/\" rel=\"attachment wp-att-44887\"><img data-recalc-dims=\"1\" loading=\"lazy\" decoding=\"async\" class=\"aligncenter size-thumbnail wp-image-44887\" src=\"https:\/\/i0.wp.com\/www.manquepierda.com\/historiarealbetis\/files\/2015\/11\/MACARIO-Manuel-P%C3%A9rez-Orihuela.jpg?resize=164%2C220&#038;ssl=1\" alt=\"MACARIO-Manuel P\u00e9rez Orihuela\" width=\"164\" height=\"220\" srcset=\"https:\/\/i0.wp.com\/www.manquepierda.com\/historiarealbetis\/files\/2015\/11\/MACARIO-Manuel-P%C3%A9rez-Orihuela.jpg?resize=164%2C220&amp;ssl=1 164w, https:\/\/i0.wp.com\/www.manquepierda.com\/historiarealbetis\/files\/2015\/11\/MACARIO-Manuel-P%C3%A9rez-Orihuela.jpg?w=395&amp;ssl=1 395w\" sizes=\"auto, (max-width: 164px) 100vw, 164px\" \/><\/a><em><strong>Manuel P\u00e9rez Orihuela (a) \u00abMACARIO\u00bb.<\/strong><\/em><\/p>\n<p style=\"text-align: center\"><a href=\"https:\/\/www.manquepierda.com\/historiarealbetis\/44876-1966-noviembre-49aniversario\/josegonzalezgonzalez-10\/\" rel=\"attachment wp-att-44889\"><img data-recalc-dims=\"1\" loading=\"lazy\" decoding=\"async\" class=\"aligncenter size-thumbnail wp-image-44889\" src=\"https:\/\/i0.wp.com\/www.manquepierda.com\/historiarealbetis\/files\/2015\/11\/Jos%C3%A9GONZ%C3%81LEZgonz%C3%A1lez.jpg?resize=212%2C220&#038;ssl=1\" alt=\"Jos\u00e9GONZ\u00c1LEZgonz\u00e1lez\" width=\"212\" height=\"220\" srcset=\"https:\/\/i0.wp.com\/www.manquepierda.com\/historiarealbetis\/files\/2015\/11\/Jos%C3%A9GONZ%C3%81LEZgonz%C3%A1lez.jpg?resize=212%2C220&amp;ssl=1 212w, https:\/\/i0.wp.com\/www.manquepierda.com\/historiarealbetis\/files\/2015\/11\/Jos%C3%A9GONZ%C3%81LEZgonz%C3%A1lez.jpg?w=578&amp;ssl=1 578w\" sizes=\"auto, (max-width: 212px) 100vw, 212px\" \/><\/a><em><strong>Jos\u00e9 GONZ\u00c1LEZ Gonz\u00e1lez.<\/strong><\/em><\/p>\n<p style=\"text-align: center\"><a href=\"https:\/\/www.manquepierda.com\/historiarealbetis\/44876-1966-noviembre-49aniversario\/quino-joaquin-sierra-vallejo-5\/\" rel=\"attachment wp-att-44890\"><img data-recalc-dims=\"1\" loading=\"lazy\" decoding=\"async\" class=\"aligncenter size-thumbnail wp-image-44890\" src=\"https:\/\/i0.wp.com\/www.manquepierda.com\/historiarealbetis\/files\/2015\/11\/QUINO-Joaqu%C3%ADn-Sierra-Vallejo.jpg?resize=98%2C220&#038;ssl=1\" alt=\"QUINO-Joaqu\u00edn Sierra Vallejo\" width=\"98\" height=\"220\" srcset=\"https:\/\/i0.wp.com\/www.manquepierda.com\/historiarealbetis\/files\/2015\/11\/QUINO-Joaqu%C3%ADn-Sierra-Vallejo.jpg?resize=98%2C220&amp;ssl=1 98w, https:\/\/i0.wp.com\/www.manquepierda.com\/historiarealbetis\/files\/2015\/11\/QUINO-Joaqu%C3%ADn-Sierra-Vallejo.jpg?resize=268%2C600&amp;ssl=1 268w, https:\/\/i0.wp.com\/www.manquepierda.com\/historiarealbetis\/files\/2015\/11\/QUINO-Joaqu%C3%ADn-Sierra-Vallejo.jpg?resize=312%2C700&amp;ssl=1 312w, https:\/\/i0.wp.com\/www.manquepierda.com\/historiarealbetis\/files\/2015\/11\/QUINO-Joaqu%C3%ADn-Sierra-Vallejo.jpg?w=966&amp;ssl=1 966w\" sizes=\"auto, (max-width: 98px) 100vw, 98px\" \/><\/a><em><strong>Joaqu\u00edn Sierra Vallejo (a) \u00abQUINO\u00bb.<\/strong><\/em><\/p>\n<p style=\"text-align: center\"><a href=\"https:\/\/www.manquepierda.com\/historiarealbetis\/44876-1966-noviembre-49aniversario\/cristo-4\/\" rel=\"attachment wp-att-44891\"><img data-recalc-dims=\"1\" loading=\"lazy\" decoding=\"async\" class=\"aligncenter size-thumbnail wp-image-44891\" src=\"https:\/\/i0.wp.com\/www.manquepierda.com\/historiarealbetis\/files\/2015\/11\/Cristo.jpg?resize=148%2C220&#038;ssl=1\" alt=\"Cristo\" width=\"148\" height=\"220\" srcset=\"https:\/\/i0.wp.com\/www.manquepierda.com\/historiarealbetis\/files\/2015\/11\/Cristo.jpg?resize=148%2C220&amp;ssl=1 148w, https:\/\/i0.wp.com\/www.manquepierda.com\/historiarealbetis\/files\/2015\/11\/Cristo.jpg?w=282&amp;ssl=1 282w\" sizes=\"auto, (max-width: 148px) 100vw, 148px\" \/><\/a><em><strong>Jos\u00e9 CRISTO V\u00e1zquez.<\/strong><\/em><\/p>\n<p style=\"text-align: center\"><a href=\"https:\/\/www.manquepierda.com\/historiarealbetis\/44876-1966-noviembre-49aniversario\/rogelio-sosa-ramirez-9\/\" rel=\"attachment wp-att-44892\"><img data-recalc-dims=\"1\" loading=\"lazy\" decoding=\"async\" class=\"aligncenter size-thumbnail wp-image-44892\" src=\"https:\/\/i0.wp.com\/www.manquepierda.com\/historiarealbetis\/files\/2015\/11\/ROGELIO-sosa-ram%C3%ADrez.jpg?resize=128%2C220&#038;ssl=1\" alt=\"ROGELIO sosa ram\u00edrez\" width=\"128\" height=\"220\" srcset=\"https:\/\/i0.wp.com\/www.manquepierda.com\/historiarealbetis\/files\/2015\/11\/ROGELIO-sosa-ram%C3%ADrez.jpg?resize=128%2C220&amp;ssl=1 128w, https:\/\/i0.wp.com\/www.manquepierda.com\/historiarealbetis\/files\/2015\/11\/ROGELIO-sosa-ram%C3%ADrez.jpg?resize=348%2C600&amp;ssl=1 348w, https:\/\/i0.wp.com\/www.manquepierda.com\/historiarealbetis\/files\/2015\/11\/ROGELIO-sosa-ram%C3%ADrez.jpg?resize=406%2C700&amp;ssl=1 406w, https:\/\/i0.wp.com\/www.manquepierda.com\/historiarealbetis\/files\/2015\/11\/ROGELIO-sosa-ram%C3%ADrez.jpg?w=1281&amp;ssl=1 1281w\" sizes=\"auto, (max-width: 128px) 100vw, 128px\" \/><\/a><em><strong>ROGELIO Sosa Ram\u00edrez.<\/strong><\/em><\/p>\n<p style=\"text-align: center\"><a href=\"https:\/\/www.manquepierda.com\/historiarealbetis\/44876-1966-noviembre-49aniversario\/demetrio-7\/\" rel=\"attachment wp-att-44893\"><img data-recalc-dims=\"1\" loading=\"lazy\" decoding=\"async\" class=\"aligncenter size-full wp-image-44893\" src=\"https:\/\/i0.wp.com\/www.manquepierda.com\/historiarealbetis\/files\/2015\/11\/Demetrio.jpg?resize=145%2C210&#038;ssl=1\" alt=\"Demetrio\" width=\"145\" height=\"210\" \/><\/a><em><strong>DEMETRIO Oliver S\u00e1nchez.<\/strong><\/em><\/p>\n<p style=\"text-align: center\"><a href=\"https:\/\/www.manquepierda.com\/historiarealbetis\/44876-1966-noviembre-49aniversario\/telechia-3\/\" rel=\"attachment wp-att-44895\"><img data-recalc-dims=\"1\" loading=\"lazy\" decoding=\"async\" class=\"aligncenter size-thumbnail wp-image-44895\" src=\"https:\/\/i0.wp.com\/www.manquepierda.com\/historiarealbetis\/files\/2015\/11\/Telech%C3%ADa1.jpg?resize=137%2C220&#038;ssl=1\" alt=\"Telech\u00eda\" width=\"137\" height=\"220\" srcset=\"https:\/\/i0.wp.com\/www.manquepierda.com\/historiarealbetis\/files\/2015\/11\/Telech%C3%ADa1.jpg?resize=137%2C220&amp;ssl=1 137w, https:\/\/i0.wp.com\/www.manquepierda.com\/historiarealbetis\/files\/2015\/11\/Telech%C3%ADa1.jpg?w=321&amp;ssl=1 321w\" sizes=\"auto, (max-width: 137px) 100vw, 137px\" \/><\/a><em><strong>Francisco Labrado TELECH\u00cdA.<\/strong><\/em><\/p>\n<p style=\"text-align: center\"><a href=\"https:\/\/www.manquepierda.com\/historiarealbetis\/44876-1966-noviembre-49aniversario\/pachon-gallego-jose-manuel-2\/\" rel=\"attachment wp-att-44900\"><img data-recalc-dims=\"1\" loading=\"lazy\" decoding=\"async\" class=\"aligncenter size-thumbnail wp-image-44900\" src=\"https:\/\/i0.wp.com\/www.manquepierda.com\/historiarealbetis\/files\/2015\/11\/PACH%C3%93N-Gallego-Jos%C3%A9-Manuel.png?resize=188%2C220&#038;ssl=1\" alt=\"PACH\u00d3N Gallego-Jos\u00e9 Manuel\" width=\"188\" height=\"220\" srcset=\"https:\/\/i0.wp.com\/www.manquepierda.com\/historiarealbetis\/files\/2015\/11\/PACH%C3%93N-Gallego-Jos%C3%A9-Manuel.png?resize=188%2C220&amp;ssl=1 188w, https:\/\/i0.wp.com\/www.manquepierda.com\/historiarealbetis\/files\/2015\/11\/PACH%C3%93N-Gallego-Jos%C3%A9-Manuel.png?w=191&amp;ssl=1 191w\" sizes=\"auto, (max-width: 188px) 100vw, 188px\" \/><\/a>Jos\u00e9 Manuel PACH\u00d3N Gallego;\u00a0 entre otros.<\/p>\n<p style=\"text-align: left\"><em><strong>La cantera actual del Real Betis Balompi\u00e9 la integran,\u00a0 en total,\u00a0 seiscientos (600) jugadores,\u00a0 distribuidos en cinco\u00a0 equipos infantiles,\u00a0 seis juveniles,\u00a0 tres de categor\u00eda regional <\/strong><\/em><\/p>\n<p style=\"text-align: left\"><a href=\"https:\/\/www.manquepierda.com\/historiarealbetis\/44876-1966-noviembre-49aniversario\/escudo-triana-balompie-5\/\" rel=\"attachment wp-att-44903\"><img data-recalc-dims=\"1\" loading=\"lazy\" decoding=\"async\" class=\"aligncenter size-thumbnail wp-image-44903\" src=\"https:\/\/i0.wp.com\/www.manquepierda.com\/historiarealbetis\/files\/2015\/11\/Escudo-Triana-Balompi%C3%A9.jpeg?resize=201%2C220&#038;ssl=1\" alt=\"Escudo-Triana-Balompi\u00e9\" width=\"201\" height=\"220\" srcset=\"https:\/\/i0.wp.com\/www.manquepierda.com\/historiarealbetis\/files\/2015\/11\/Escudo-Triana-Balompi%C3%A9.jpeg?resize=201%2C220&amp;ssl=1 201w, https:\/\/i0.wp.com\/www.manquepierda.com\/historiarealbetis\/files\/2015\/11\/Escudo-Triana-Balompi%C3%A9.jpeg?w=210&amp;ssl=1 210w\" sizes=\"auto, (max-width: 201px) 100vw, 201px\" \/><\/a><em><strong>y un filial&#8211;el \u00abTriana Balompi\u00e9\u00bb&#8211;que milita en la 34\u00aa Edici\u00f3n-Campeonato Nacional Liga Tercera Divisi\u00f3n-Grupo XI-Temporada 1967-1968.\u00a0\u00a0<\/strong><\/em><\/p>\n<p style=\"text-align: left\"><em><strong> Todos estos equipos se encuentran en plena actividad,\u00a0 participando en todas las competiciones de car\u00e1cter oficial implantadas por la Federaci\u00f3n Andaluza.<br \/>\n<\/strong><\/em><\/p>\n<p style=\"text-align: left\"><em><strong>Tambi\u00e9n tiene distribu\u00eddos jugadores para su total formaci\u00f3n en dieciocho clubes nacionales de Segunda y de Tercera Divisi\u00f3n y otros muchos clubes de categor\u00eda regional.\u00a0\u00a0 Todo a expensas de la econom\u00eda b\u00e9tica.<\/strong><\/em><\/p>\n<p style=\"text-align: left\"><em><strong>La concesi\u00f3n del \u00abTrofeo Amberes\u00bb al Real Betis Balompi\u00e9 viene a ser,\u00a0 por tanto,\u00a0 un t\u00e1cito reconocimiento a los valores del f\u00fatbol hispalense.\u00a0\u00a0 Valores que no son nuevos.\u00a0\u00a0 Son m\u00e1s bien fruto de los tiempos de paciencia,\u00a0 de sacrificio y de una mejor concepci\u00f3n de lo que debe ser el deporte.<\/strong><\/em><\/p>\n<p style=\"text-align: left\"><em><strong>El Betis Balompi\u00e9 ha tenido,\u00a0 por su parte,\u00a0 la gran coyuntura de conseguir que estos esfuerzos se vean compensados en bloque,\u00a0 reuniendo en menos de dos a\u00f1os una plantilla popular formada a sus expensas.<\/strong><\/em><\/p>\n<p style=\"text-align: left\"><em><strong>La concesi\u00f3n del trofeo en verdad ha sorprendido.\u00a0\u00a0 S\u00ed,\u00a0 ha sorprendido muy gratamente a los sevillanos\u00bb.<\/strong><\/em><\/p>\n<p style=\"text-align: center\">Fuente.-\u00abMARCA\u00bb-Madrid-s\u00e1bado 25-11-1967.-<strong>\u00abLos Premios \u00abArriba\u00bb y \u00abMarca\u00bb:<\/strong><\/p>\n<p style=\"text-align: center\"><em><strong>\u00abEL TROFEO AMBERES-GRATA SORPRESA PARA EL BETIS\u00bb.-\u00abSeiscientos jugadores-en formaci\u00f3n a expensas del club\u00bb.-<\/strong><\/em>SEVILLA 24 (Por tel\u00e9fono.-De nuestro corresponsal-BORMUJO).<\/p>\n<p style=\"text-align: center\">\n","protected":false},"excerpt":{"rendered":"<p>\u00abLa concesi\u00f3n del \u00abPremio Amberes\u00bb al Real Betis Balompi\u00e9 ha causado grata sorpresa. La verdad es que nadie esperaba este galard\u00f3n,\u00a0 que,\u00a0 por otra parte,\u00a0 justiprecia exactamente la realidad de cu\u00e1nto trabaj\u00f3 el club hispalense en pro del deporte nacional. No es nueva la tarea.\u00a0\u00a0 Y siempre ha sido famosa la escuela sevillana.\u00a0\u00a0 S\u00f3lo en&#8230;<\/p>\n","protected":false},"author":48,"featured_media":44877,"comment_status":"open","ping_status":"open","sticky":false,"template":"","format":"standard","meta":{"_kad_post_transparent":"","_kad_post_title":"","_kad_post_layout":"","_kad_post_sidebar_id":"","_kad_post_content_style":"","_kad_post_vertical_padding":"","_kad_post_feature":"","_kad_post_feature_position":"","_kad_post_header":false,"_kad_post_footer":false,"_kad_post_classname":"","_jetpack_memberships_contains_paid_content":false,"footnotes":"","jetpack_publicize_message":"","jetpack_publicize_feature_enabled":true,"jetpack_social_post_already_shared":true,"jetpack_social_options":{"image_generator_settings":{"template":"highway","default_image_id":0,"font":"","enabled":false},"version":2}},"categories":[902,1,2064],"tags":[1247,2084],"class_list":["post-44876","post","type-post","status-publish","format-standard","has-post-thumbnail","hentry","category-1960-1969","category-portada","category-trofeos-de-verano","tag-1247","tag-trofeo-amberes"],"jetpack_publicize_connections":[],"jetpack_featured_media_url":"https:\/\/i0.wp.com\/www.manquepierda.com\/historiarealbetis\/files\/2015\/11\/Trofeo-Amberes.jpg?fit=396%2C596&ssl=1","jetpack_sharing_enabled":true,"jetpack_shortlink":"https:\/\/wp.me\/p1ij08-bFO","jetpack-related-posts":[],"_links":{"self":[{"href":"https:\/\/www.manquepierda.com\/historiarealbetis\/wp-json\/wp\/v2\/posts\/44876","targetHints":{"allow":["GET"]}}],"collection":[{"href":"https:\/\/www.manquepierda.com\/historiarealbetis\/wp-json\/wp\/v2\/posts"}],"about":[{"href":"https:\/\/www.manquepierda.com\/historiarealbetis\/wp-json\/wp\/v2\/types\/post"}],"author":[{"embeddable":true,"href":"https:\/\/www.manquepierda.com\/historiarealbetis\/wp-json\/wp\/v2\/users\/48"}],"replies":[{"embeddable":true,"href":"https:\/\/www.manquepierda.com\/historiarealbetis\/wp-json\/wp\/v2\/comments?post=44876"}],"version-history":[{"count":1,"href":"https:\/\/www.manquepierda.com\/historiarealbetis\/wp-json\/wp\/v2\/posts\/44876\/revisions"}],"predecessor-version":[{"id":97579,"href":"https:\/\/www.manquepierda.com\/historiarealbetis\/wp-json\/wp\/v2\/posts\/44876\/revisions\/97579"}],"wp:featuredmedia":[{"embeddable":true,"href":"https:\/\/www.manquepierda.com\/historiarealbetis\/wp-json\/wp\/v2\/media\/44877"}],"wp:attachment":[{"href":"https:\/\/www.manquepierda.com\/historiarealbetis\/wp-json\/wp\/v2\/media?parent=44876"}],"wp:term":[{"taxonomy":"category","embeddable":true,"href":"https:\/\/www.manquepierda.com\/historiarealbetis\/wp-json\/wp\/v2\/categories?post=44876"},{"taxonomy":"post_tag","embeddable":true,"href":"https:\/\/www.manquepierda.com\/historiarealbetis\/wp-json\/wp\/v2\/tags?post=44876"}],"curies":[{"name":"wp","href":"https:\/\/api.w.org\/{rel}","templated":true}]}}