{"id":44982,"date":"2015-11-28T08:45:04","date_gmt":"2015-11-28T07:45:04","guid":{"rendered":"http:\/\/www.manquepierda.com\/historiarealbetis\/?p=44982"},"modified":"2024-09-27T07:58:10","modified_gmt":"2024-09-27T05:58:10","slug":"banquete-homen-al-betis-1935","status":"publish","type":"post","link":"https:\/\/www.manquepierda.com\/historiarealbetis\/banquete-homen-al-betis-1935\/","title":{"rendered":"Banquete homenaje al Betis 1935 (I)"},"content":{"rendered":"<p><a href=\"https:\/\/i0.wp.com\/www.manquepierda.com\/historiarealbetis\/files\/2015\/11\/Fiestas-en-Sevilla-17-7-1935.jpg?ssl=1\"><img data-recalc-dims=\"1\" loading=\"lazy\" decoding=\"async\" class=\"aligncenter size-medium wp-image-44983\" src=\"https:\/\/i0.wp.com\/www.manquepierda.com\/historiarealbetis\/files\/2015\/11\/Fiestas-en-Sevilla-17-7-1935.jpg?resize=680%2C289&#038;ssl=1\" alt=\"Fiestas en Sevilla 17-7-1935\" width=\"680\" height=\"289\" srcset=\"https:\/\/i0.wp.com\/www.manquepierda.com\/historiarealbetis\/files\/2015\/11\/Fiestas-en-Sevilla-17-7-1935.jpg?resize=680%2C289&amp;ssl=1 680w, https:\/\/i0.wp.com\/www.manquepierda.com\/historiarealbetis\/files\/2015\/11\/Fiestas-en-Sevilla-17-7-1935.jpg?resize=220%2C93&amp;ssl=1 220w, https:\/\/i0.wp.com\/www.manquepierda.com\/historiarealbetis\/files\/2015\/11\/Fiestas-en-Sevilla-17-7-1935.jpg?resize=960%2C408&amp;ssl=1 960w\" sizes=\"auto, (max-width: 680px) 100vw, 680px\" \/><\/a><\/p>\n<p>Como finalizaci\u00f3n de la brillante temporada 1934-35 tras jugar un amistoso en Oporto del que ya hablamos <strong><a href=\"https:\/\/www.manquepierda.com\/historiarealbetis\/31471-oporto-betis-amistoso-1935\/\">aqu\u00ed<\/a>, <\/strong>el 10 de julio de 1935 se celebr\u00f3 un banquete de homenaje al equipo verdiblanco.<\/p>\n<p>D\u00edas antes de su celebraci\u00f3n la prensa sevillana da detalles del acto a celebrar, informando a los simpatizantes la posibilidad de inscribirse en la secretar\u00eda del club, sita en la calle Bilbao n\u00famero 2.<\/p>\n<p>El mismo d\u00eda 10 en El Liberal encontramos la siguiente rese\u00f1a del acto a celebrar:<\/p>\n<p><a href=\"https:\/\/i0.wp.com\/www.manquepierda.com\/historiarealbetis\/files\/2015\/11\/10-Banquete-homenaje-al-Betis.jpg?ssl=1\"><img data-recalc-dims=\"1\" loading=\"lazy\" decoding=\"async\" class=\"aligncenter wp-image-44985\" src=\"https:\/\/i0.wp.com\/www.manquepierda.com\/historiarealbetis\/files\/2015\/11\/10-Banquete-homenaje-al-Betis.jpg?resize=364%2C737&#038;ssl=1\" alt=\"10 Banquete homenaje al Betis\" width=\"364\" height=\"737\" srcset=\"https:\/\/i0.wp.com\/www.manquepierda.com\/historiarealbetis\/files\/2015\/11\/10-Banquete-homenaje-al-Betis.jpg?resize=296%2C600&amp;ssl=1 296w, https:\/\/i0.wp.com\/www.manquepierda.com\/historiarealbetis\/files\/2015\/11\/10-Banquete-homenaje-al-Betis.jpg?resize=109%2C220&amp;ssl=1 109w, https:\/\/i0.wp.com\/www.manquepierda.com\/historiarealbetis\/files\/2015\/11\/10-Banquete-homenaje-al-Betis.jpg?w=327&amp;ssl=1 327w\" sizes=\"auto, (max-width: 364px) 100vw, 364px\" \/><\/a><\/p>\n<p>&nbsp;<\/p>\n<p>&nbsp;<\/p>\n<p>El sitio en que se celebra el homenaje es el Hotel Majestic, el actual Hotel Col\u00f3n, uno de los grandes establecimientos hoteleros de la Sevilla del momento.<\/p>\n<p>La cr\u00f3nica de El Liberal del d\u00eda siguiente nos informa sobre los detalles del evento: \u00ab<span style=\"color: #008000\"><em>Anoche, a las diez, seg\u00fan estaba anunciado, tuvo lugar en la terraza del Hotel Majestic, art\u00edsticamente exornada con flores naturales y farolillos a la veneciana, el banquete con que la Directiva del Betis Balompi\u00e9 obsequiaba a sus jugadores por la brillante campa\u00f1a llevada a cabo durante la temporada \u00faltima, que culmin\u00f3 con la obtenci\u00f3n del t\u00edtulo de campe\u00f3n de la Divisi\u00f3n de Honor de la Liga.<\/em><\/span><\/p>\n<p><span style=\"color: #008000\"><em>A pesar del car\u00e1cter \u00edntimo que la Directiva pretendi\u00f3 dar al acto, fueron numerosos los b\u00e9ticos que se adhirieron al mismo, sin que por ello perdiese el tono de sencillez, cordialidad y simpat\u00eda que caracteriz\u00f3 al agasajo.<\/em><\/span><\/p>\n<p><span style=\"color: #008000\"><em>En la mesa principal, en la que figuraba la Copa de la Liga, ocuparon asientos el presidente del Betis, don Antonio Moreno Sevillano, el alcalde, don Isacio Contreras, el capit\u00e1n del equipo, Unamuno, el secretario del club, don Carlos Fern\u00e1ndez de Pando, presidente de la Tertulia B\u00e9tica, se\u00f1or Boh\u00f3rquez, los entrenadores de los equipos profesional y amateur, se\u00f1ores O\u00b4Connell y Aranda, otros directivos y la totalidad de los jugadores, incluso Lecue y Areso.<\/em><\/span><\/p>\n<p><span style=\"color: #008000\"><em>A los postres ofreci\u00f3 el agasajo de despedida el presidente del club, don Antonio Moreno Sevillano, diciendo que la Directiva b\u00e9tica no pod\u00eda consentir que se marchasen los jugadores, unos definitivamente y otros por corta vacaci\u00f3n, sin recibir el parabi\u00e9n de la afici\u00f3n b\u00e9tica por el \u00e9xito alcanzado. <\/em><\/span><\/p>\n<p><span style=\"color: #008000\"><em>Afirm\u00f3 que, a pesar del car\u00e1cter \u00edntimo del acto, no deb\u00eda dejar de dedicar unas palabras a los jugadores y entrenador de gratitud, en nombre de toda la Directiva y de toda la afici\u00f3n sevillana, a cuyo cari\u00f1o se han hecho acreedores.<\/em><\/span><\/p>\n<p><span style=\"color: #008000\"><em>Se refiri\u00f3 al calificativo de vasco-andaluz que, con cierto retint\u00edn, ha venido aplic\u00e1ndose al equipo del Betis, para declarar que el Betis se siente orgulloso de la colaboraci\u00f3n de los entusiastas elementos vascos que, por el solo hecho de defender los colores de un club sevillano, si no influyese la consideraci\u00f3n de ser en Sevilla en donde se han formado y se han hecho jugadores, son tan sevillanos futbol\u00edsticamente como los dem\u00e1s compa\u00f1eros.<\/em><\/span><\/p>\n<p><span style=\"color: #008000\"><em>A los jugadores que se marchan definitivamente, les pide que no se olviden que siempre tuvo para con ellos un comportamiento correcto y caballeroso, y a los dem\u00e1s que contin\u00faen laborando por los triunfos del club.<\/em><\/span><\/p>\n<p><span style=\"color: #008000\"><em>Por \u00faltimo brind\u00f3 por la prosperidad de los muchachos b\u00e9ticos.<\/em><\/span><\/p>\n<p><span style=\"color: #008000\"><em>El alcalde, don Isacio Contreras, se levant\u00f3 para hablar, diciendo que, como b\u00e9tico, entend\u00eda que no era hora de hablar, sino de pensar en emprender nuevas rutas de triunfos.<\/em><\/span><\/p>\n<p><span style=\"color: #008000\"><em>Se refiri\u00f3 al atractivo de la reuni\u00f3n por la sinceridad que predominaba en ella y por su car\u00e1cter \u00edntimo, para afirmar que, si es b\u00e9tico, se debe a ser el club el prototipo de los equipos modestos y sencillos, en el cual, jugadores, directivos y aficionados lo dan todo por la causa del deporte y del club.<\/em><\/span><\/p>\n<p><span style=\"color: #008000\"><em>Dedic\u00f3 un saludo a los que, por circunstancias l\u00f3gicas de la vida, abandonan el club, pidi\u00e9ndoles que cuando jueguen frente a su ya antiguo equipo tengan para el mismo un recuerdo de gratitud \u00a0y emoci\u00f3n. A los que se marchan para descansar, les rog\u00f3 que cuando vuelvan contin\u00faen luchando con el entusiasmo que hasta aqu\u00ed, para conseguir el trofeo de Liga en propiedad.<\/em><\/span><\/p>\n<p><span style=\"color: #008000\"><em>Brind\u00f3 por los jugadores y termin\u00f3 con un viva el Betis contestado un\u00e1nimamente.<\/em><\/span><\/p>\n<p><span style=\"color: #008000\"><em>Adolfo, como capit\u00e1n interino del equipo que ha sido en los \u00faltimos partidos, dio las gracias con sencillas y emocionadas frases, en nombre de todos los jugadores, por el homenaje de despedida que se les tributaba.<\/em><\/span><\/p>\n<p><span style=\"color: #008000\"><em>Don Diego L\u00f3pez, en nombre de los antiguos aficionados b\u00e9ticos, record\u00f3 los tiempos heroicos del club y las vicisitudes por que se atraves\u00f3 desde su fundaci\u00f3n, felicit\u00e1ndose del lugar preeminente alcanzado en los \u00faltimos tiempos, y haciendo votos por que la serie de sus resonantes triunfos no se vea interrumpida.<\/em><\/span><\/p>\n<p><span style=\"color: #008000\"><em>Por \u00faltimo habl\u00f3 el secretario del club, don Carlos Fern\u00e1ndez de Pando. Comenz\u00f3 diciendo que el Betis Balompi\u00e9 representa un caso de inter\u00e9s en el f\u00fatbol nacional, y que a pesar de no ser antigua su pertenencia al club, conoce lo que el Betis representa y las dificultades que ha tenido que vencer para alcanzar el puesto primer\u00edsimo que hoy ocupa.<\/em><\/span><\/p>\n<p><span style=\"color: #008000\"><em>Afirm\u00f3 que los diferentes elementos b\u00e9ticos, diseminados, apenas representan fuerza alguna, mientras que con todos esos elementos unidos puede formarse un organismo de gran potencia, puesto al servicio de un ideal y una ilusi\u00f3n com\u00fan.<\/em><\/span><\/p>\n<p><span style=\"color: #008000\"><em>Pide, pues, la uni\u00f3n de todos esos elementos, b\u00e9ticos antiguos y modernos, jugadores y directivos, para que el Betis pueda continuar siendo uno de los mejores clubs de Espa\u00f1a y Europa.<\/em><\/span><\/p>\n<p><span style=\"color: #008000\"><em>Dedic\u00f3 un elogio al entrenador O\u00b4Connell, del que dice que es el mejor que hay hoy en Espa\u00f1a, como lo demuestra el hecho de que haya sido captado por uno de los \u00abhist\u00f3ricos\u00bb espa\u00f1oles que m\u00e1s saben de f\u00fatbol para preparar a su equipo. Le dese\u00f3 los mayores triunfos e incluso que cuando el Betis \u00a0se enfrente con su nuevo equipo, triunfen los b\u00e9ticos, porque ello demostrar\u00e1 que sus ense\u00f1anzas han sido fruct\u00edferas y duraderas.<\/em><\/span><\/p>\n<p><span style=\"color: #008000\"><em>A los jugadores que se marchan del Club les dese\u00f3 \u00e9xitos sin l\u00edmites, pidi\u00e9ndoles que se acuerden del Betis, en el que se formaron, y el cual se ha atribuido a su \u00a0vez el \u00e9xito de que sea entre sus jugadores entre los que busquen refuerzos los mejores clubs de Espa\u00f1a.<\/em><\/span><\/p>\n<p><span style=\"color: #008000\"><em>Dedic\u00f3 un sentido recuerdo al malogrado S\u00e1nchez Mej\u00edas y al primer presidente de la Tertulia B\u00e9tica, don Gerardo Pedr\u00f3s, recientemente fallecido.<\/em><\/span><\/p>\n<p><span style=\"color: #008000\"><em>Por \u00faltimo, propugn\u00f3 nuevamente la uni\u00f3n de todos los elementos b\u00e9ticos para mantener al Club en la brillante posici\u00f3n conquistada.<\/em><\/span><\/p>\n<p><span style=\"color: #008000\"><em>Todos los oradores fueron aplaudid\u00edsimos al final de sus respectivos discursos, y el simp\u00e1tico acto termin\u00f3 en medio de la mayor confraternidad y entusiasmo\u00bb.<\/em><\/span><\/p>\n<p>En la imagen que encabeza esta informaci\u00f3n podemos ver a los asistentes al acto posando en la terraza del Hotel Majestic con el trofeo de campe\u00f3n de Liga. En al fila superior y con traje blanco podemos identificar a Manuel Sim\u00f3 y junto a \u00e9l Manuel Ruiz Rodr\u00edguez, quien presidir\u00eda el club entre 1952 y 1955. A la derecha dos j\u00f3venes jugadores: Jos\u00e9 Gonz\u00e1lez Caballero y Pepe Valera, quien a\u00f1os despu\u00e9s de su retirada dirigir\u00eda los escalafones inferiores, convirti\u00e9ndose en uno de los valores primordiales del club en su renacimiento en los a\u00f1os 50.<\/p>\n<p>A la izquierda en la segunda fila un grupo de directivos entre los que reconocemos a Valent\u00edn P\u00e9rez, contador de la directiva del momento, y que ser\u00eda presidente la temporada 1940-41. A continuaci\u00f3n los jugadores Angel Mart\u00edn \u00abSaro\u00bb y Francisco G\u00f3mez y \u00a0el entrenador Patrick O\u00b4Connell.<\/p>\n<p>El alcalde Isacio Contreras, Victorio Unamuno y \u00a0el presidente b\u00e9tico Antonio Moreno rodean la copa de campe\u00f3n de Liga, el magn\u00edfico trofeo que se conserva hoy en d\u00eda en el museo del Athletic Club.<\/p>\n<p>A su izquierda se encuentra Diego L\u00f3pez, uno de los fundadores del Sevilla Balompi\u00e9. Junto a \u00e9l el jugador Adolfo Mart\u00edn, el secretario Carlos Fern\u00e1ndez de Pando y Seraf\u00edn Aedo.<\/p>\n<p>Debajo de la Copa los jugadores Jos\u00e9 Su\u00e1rez \u00abPeral\u00bb y Jos\u00e9 Luis Espinosa, el antiguo directivo Gil G\u00f3mez Bajuelo, y los jugadores Pedro Gonz\u00e1lez \u00abTimimi\u00bb, Jes\u00fas Bern\u00e1ldez y Adolfo Sancha \u00abAdolfito\u00bb. \u00a0En primer t\u00e9rmino el utillero Felipe Palacios.<\/p>\n<p>&nbsp;<\/p>\n<p>&nbsp;<\/p>\n<p>&nbsp;<\/p>\n","protected":false},"excerpt":{"rendered":"<p>Como finalizaci\u00f3n de la brillante temporada 1934-35 tras jugar un amistoso en Oporto del que ya hablamos aqu\u00ed, el 10 de julio de 1935 se celebr\u00f3 un banquete de homenaje al equipo verdiblanco. D\u00edas antes de su celebraci\u00f3n la prensa sevillana da detalles del acto a celebrar, informando a los simpatizantes la posibilidad de inscribirse&#8230;<\/p>\n","protected":false},"author":5,"featured_media":44983,"comment_status":"open","ping_status":"open","sticky":false,"template":"","format":"standard","meta":{"_kad_post_transparent":"","_kad_post_title":"","_kad_post_layout":"","_kad_post_sidebar_id":"","_kad_post_content_style":"","_kad_post_vertical_padding":"","_kad_post_feature":"","_kad_post_feature_position":"","_kad_post_header":false,"_kad_post_footer":false,"_kad_post_classname":"","_jetpack_memberships_contains_paid_content":false,"footnotes":"","jetpack_publicize_message":"","jetpack_publicize_feature_enabled":true,"jetpack_social_post_already_shared":true,"jetpack_social_options":{"image_generator_settings":{"template":"highway","default_image_id":0,"font":"","enabled":false},"version":2}},"categories":[899,1],"tags":[2267,45,7758,9482,1057,1732,1663,1715,12360,1170,1716,12997,1775,1473,1363,17913,17928,1236,944,642,1113,2020,1017,1672,983],"class_list":["post-44982","post","type-post","status-publish","format-standard","has-post-thumbnail","hentry","category-1930-1939","category-portada","tag-1934-35","tag-45","tag-adolfo-martin","tag-adolfo-sancho-adolfito","tag-angel-martin-saro","tag-antonio-moreno-sevillano","tag-carlos-fernandez-de-pando","tag-diego-lopez-jimenez","tag-felipe-palacios","tag-francisco-gomez","tag-gil-gomez-bajuelo","tag-homenaje-1935","tag-isacio-contreras-rodriguez","tag-jesus-bernaldez","tag-jose-luis-espinosa","tag-jose-suarez-peral","tag-liga-primera-1934-35","tag-manuel-ruiz-rodriguez","tag-manuel-simo","tag-patrick-oconnell","tag-pedro-gonzalez-timimi","tag-pepe-valera","tag-serafin-aedo","tag-valentin-perez-martinez","tag-victorio-unamuno"],"jetpack_publicize_connections":[],"jetpack_featured_media_url":"https:\/\/i0.wp.com\/www.manquepierda.com\/historiarealbetis\/files\/2015\/11\/Fiestas-en-Sevilla-17-7-1935.jpg?fit=2166%2C920&ssl=1","jetpack_sharing_enabled":true,"jetpack_shortlink":"https:\/\/wp.me\/p1ij08-bHw","jetpack-related-posts":[],"_links":{"self":[{"href":"https:\/\/www.manquepierda.com\/historiarealbetis\/wp-json\/wp\/v2\/posts\/44982","targetHints":{"allow":["GET"]}}],"collection":[{"href":"https:\/\/www.manquepierda.com\/historiarealbetis\/wp-json\/wp\/v2\/posts"}],"about":[{"href":"https:\/\/www.manquepierda.com\/historiarealbetis\/wp-json\/wp\/v2\/types\/post"}],"author":[{"embeddable":true,"href":"https:\/\/www.manquepierda.com\/historiarealbetis\/wp-json\/wp\/v2\/users\/5"}],"replies":[{"embeddable":true,"href":"https:\/\/www.manquepierda.com\/historiarealbetis\/wp-json\/wp\/v2\/comments?post=44982"}],"version-history":[{"count":1,"href":"https:\/\/www.manquepierda.com\/historiarealbetis\/wp-json\/wp\/v2\/posts\/44982\/revisions"}],"predecessor-version":[{"id":96983,"href":"https:\/\/www.manquepierda.com\/historiarealbetis\/wp-json\/wp\/v2\/posts\/44982\/revisions\/96983"}],"wp:featuredmedia":[{"embeddable":true,"href":"https:\/\/www.manquepierda.com\/historiarealbetis\/wp-json\/wp\/v2\/media\/44983"}],"wp:attachment":[{"href":"https:\/\/www.manquepierda.com\/historiarealbetis\/wp-json\/wp\/v2\/media?parent=44982"}],"wp:term":[{"taxonomy":"category","embeddable":true,"href":"https:\/\/www.manquepierda.com\/historiarealbetis\/wp-json\/wp\/v2\/categories?post=44982"},{"taxonomy":"post_tag","embeddable":true,"href":"https:\/\/www.manquepierda.com\/historiarealbetis\/wp-json\/wp\/v2\/tags?post=44982"}],"curies":[{"name":"wp","href":"https:\/\/api.w.org\/{rel}","templated":true}]}}