{"id":45028,"date":"2015-11-29T09:52:45","date_gmt":"2015-11-29T08:52:45","guid":{"rendered":"http:\/\/www.manquepierda.com\/historiarealbetis\/?p=45028"},"modified":"2015-11-28T11:18:25","modified_gmt":"2015-11-28T10:18:25","slug":"la-copa-de-lostonio-valencia","status":"publish","type":"post","link":"https:\/\/www.manquepierda.com\/historiarealbetis\/la-copa-de-lostonio-valencia\/","title":{"rendered":"La Copa de los mi\u00e9rcoles, de Antonio Valencia"},"content":{"rendered":"<figure id=\"attachment_45029\" aria-describedby=\"caption-attachment-45029\" style=\"width: 680px\" class=\"wp-caption aligncenter\"><a href=\"https:\/\/i0.wp.com\/www.manquepierda.com\/historiarealbetis\/files\/2015\/11\/Copa-de-1944.jpg?ssl=1\"><img data-recalc-dims=\"1\" loading=\"lazy\" decoding=\"async\" class=\"size-medium wp-image-45029\" src=\"https:\/\/i0.wp.com\/www.manquepierda.com\/historiarealbetis\/files\/2015\/11\/Copa-de-1944.jpg?resize=680%2C382&#038;ssl=1\" alt=\"El Athletic Club celebra la victoria en la final de Copa de 1944 frente al Valencia \" width=\"680\" height=\"382\" srcset=\"https:\/\/i0.wp.com\/www.manquepierda.com\/historiarealbetis\/files\/2015\/11\/Copa-de-1944.jpg?resize=680%2C382&amp;ssl=1 680w, https:\/\/i0.wp.com\/www.manquepierda.com\/historiarealbetis\/files\/2015\/11\/Copa-de-1944.jpg?resize=220%2C124&amp;ssl=1 220w, https:\/\/i0.wp.com\/www.manquepierda.com\/historiarealbetis\/files\/2015\/11\/Copa-de-1944.jpg?w=699&amp;ssl=1 699w\" sizes=\"auto, (max-width: 680px) 100vw, 680px\" \/><\/a><figcaption id=\"caption-attachment-45029\" class=\"wp-caption-text\">El Athletic Club celebra la victoria en la final de Copa de 1944 frente al Valencia<\/figcaption><\/figure>\n<p>Con la entrada en la competici\u00f3n copera del Betis el pr\u00f3ximo mi\u00e9rcoles contra el Sporting de Gij\u00f3n vuelve a tomar protagonismo para la afici\u00f3n verdiblanca el torneo copero. Un torneo que, no lo olvidemos, es la competici\u00f3n oficial m\u00e1s antigua y la que a los b\u00e9ticos nos ha proporcionado m\u00e1s alegr\u00edas.<\/p>\n<p>Pero la Copa pasa hist\u00f3ricamente por muy malos momentos. A\u00f1o tras a\u00f1o la competici\u00f3n se deval\u00faa cada vez m\u00e1s, relegada a un tercer plano para muchos clubs por dar m\u00e1s importancia al torneo liguero y a las competiciones europeas, mientras que para otros es un trago que hay que pasar y cuanto antes pase y se sea eliminado de ella mejor.<\/p>\n<p>Cuando no son las competiciones de la selecci\u00f3n las que la relegan a jugarse a\u00fan m\u00e1s clandestinamente, lleg\u00e1ndose en a\u00f1os de Mundial o Eurocopa a disputarse la final incluso un mi\u00e9rcoles.<\/p>\n<p>Este proceso de degradaci\u00f3n de la Copa no es cosa de hoy en d\u00eda, aunque es ahora cuando podemos ver c\u00f3mo se acelera a\u00f1o tras a\u00f1o, pero ya hace 40 a\u00f1os el periodista Antonio Valencia en el diario deportivo Marca lo denunci\u00f3 a trav\u00e9s del art\u00edculo \u00abLa Copa de los mi\u00e9rcoles\u00bb que hoy traemos.<\/p>\n<p>Competici\u00f3n jugada en mi\u00e9rcoles, equipos que entran a participar s\u00f3lo en las \u00faltimas rondas, favoritismo para la Liga y la selecci\u00f3n, etc, Todo eso sigue vigente hoy en d\u00eda desgraciadamente.<\/p>\n<p>&nbsp;<\/p>\n<p><em>La Copa de los mi\u00e9rcoles<\/em><\/p>\n<p><em>El entrenador del M\u00e1laga, Marcel Domingo, dec\u00eda al t\u00e9rmino de su partido de Copa contra el Oviedo, terminado en La Rosaleda con empate a cero, que estaba en completo desacuerdo con la manera de que se est\u00e1 jugando la Copa de S.E. el General\u00edsimo este a\u00f1o. \u201cNo hay derecho, dec\u00eda textualmente, a que los equipos grandes est\u00e9n descansando en sus pedestales mientras que a nosotros nos tienen en danza\u201d. Marcel Domingo tiene m\u00e1s raz\u00f3n que un santo y nos complace se\u00f1alarlo.<\/em><\/p>\n<p><em>La verdad es que la Copa en la organizaci\u00f3n del f\u00fatbol espa\u00f1ol tiene toda la desgracia posible pues a elle le van a parar todos los golpes, como al chico tonto del colegio. En cuanto hay que hacer el menor retoque en el calendario futbol\u00edstico del a\u00f1o en beneficio de la selecci\u00f3n (que cada vez necesita, o dicen que necesita, mayores antesalas), la Liga resulta casi intocable, mientras que la Copa carga con todas las abreviaturas y los encogimientos de apretarse el cintur\u00f3n.<\/em><\/p>\n<p><em>Como haya suerte de que la selecci\u00f3n espa\u00f1ola elimine a la yugoslava en Francfort dentro de once d\u00edas, la Copa quedar\u00e1 convertida en una competici\u00f3n de mi\u00e9rcoles. En el hablar bonaerense parece que cuando se dice que algo es de mi\u00e9rcoles se dice con intenci\u00f3n no precisamente enaltecedora. Bueno, pues la Copa que se jugar\u00e1 los mi\u00e9rcoles con solo el domingo 19 de mayo para la final va a ser una Copa digna de tal sentido.<\/em><\/p>\n<p><em>Pero, en fin, si al menos lloviese para todos igual, la cosa ser\u00eda m\u00e1s soportable. Como en el f\u00fatbol espa\u00f1ol se atreven al sistema de Copa con toda clase de tropel\u00edas, esta temporada se ha pensado en la incorporaci\u00f3n gradual, dejando intactos para el final a los ocho clubs mejores. \u00bfY cu\u00e1les son los mejores? Pues los que en la temporada de Liga anterior quedaron en los ocho primeros lugares. O sea, que la Copa tiene que tragarse no solo la invasi\u00f3n dominical de la Liga, sino que la Liga les dicte sus valoraciones. Hubiese sido mucho m\u00e1s l\u00f3gico que los ocho clubs exentos hasta la \u00faltima eliminatoria hubiesen sido los que jugaron los cuartos de final de Copa la temporada \u00faltima.<\/em><\/p>\n<p><em>Esto no es m\u00e1s que una demostraci\u00f3n pr\u00e1ctica de que la Copa en el f\u00fatbol espa\u00f1ol se considera como un complemento que, en lugar de ser telonero y oficioso como los torneos de verano, es un fin de fiesta prescindible o abreviable. No es nueva esta actitud restacuera de nuestro f\u00fatbol hacia una competici\u00f3n digna de mejor suerte. Y de ello nacen los desprop\u00f3sitos y las desconsideraciones. Si uno fuese Comit\u00e9 de Competici\u00f3n con jurisdicci\u00f3n a estos efectos, la desconsideraci\u00f3n constante y patente a la Copa que determina pensar que en ella y no en Granada \u201ctodo es posible\u201d, la castigar\u00eda m\u00e1s gravemente que la desconsideraci\u00f3n al \u00e1rbitro en el terreno.<\/em><\/p>\n<p><em>Domingo tiene raz\u00f3n. Resulta que hay unos clubs que est\u00e1n jugando hace tiempo a la britania, a la dura, \u00a0Liga y Copa a la vez, y otros que evitar\u00e1n hasta el fin posible esta sobrecarga que, de existir, deber\u00eda haber sido igualitaria. Cuando en el f\u00fatbol brit\u00e1nico entran en Copa los primeras o los segundas lo hacen todos y a la vez. Y luego, desde el sorteo hasta las exenciones si hay caso, decide la suerte y el juego, y al que dios se la d\u00e9, San Pedro se la bendiga. Y es que all\u00ed se respeta a la Copa, porque el p\u00fablico la respeta tambi\u00e9n (le vienen ense\u00f1ando a respetarla hace un siglo), y la Liga no tiene nada que ver en ella, porque la Copa es la competici\u00f3n de m\u00e1s gancho, y se le ha cuidado.<\/em><\/p>\n<p><em>Y aqu\u00ed todo son golpes, recortes y adulteraciones en esta Copa de mi\u00e9rcoles que padecemos esta temporada, porque a la Copa s\u00f3lo le toca padecer a poco que se tercie, ya que el f\u00fatbol espa\u00f1ol, hijo de pap\u00e1 de la Liga, no reparte entre las dos competiciones el sacrificio y piensa que si hay v\u00edctimas \u201cafortunadamente\u201d son de Tercera, de Segunda y hasta de Primera, pero sin exagerar, y en fin, s\u00f3lo guarda para la Copa, como dec\u00eda Sancho, \u201clas pu\u00f1adas y los candilazos\u201d. Tiene raz\u00f3n Domingo, tiene much\u00edsima raz\u00f3n. Tanta o m\u00e1s que el c\u00e9lebre don Sebasti\u00e1n. \u00a0\u00a0\u00a0\u00a0<\/em><\/p>\n<p>&nbsp;<\/p>\n<p>Fuente: Antonio Valencia en Marca 2 de febrero de 1974<\/p>\n","protected":false},"excerpt":{"rendered":"<p>Con la entrada en la competici\u00f3n copera del Betis el pr\u00f3ximo mi\u00e9rcoles contra el Sporting de Gij\u00f3n vuelve a tomar protagonismo para la afici\u00f3n verdiblanca el torneo copero. Un torneo que, no lo olvidemos, es la competici\u00f3n oficial m\u00e1s antigua y la que a los b\u00e9ticos nos ha proporcionado m\u00e1s alegr\u00edas. Pero la Copa pasa&#8230;<\/p>\n","protected":false},"author":5,"featured_media":45029,"comment_status":"open","ping_status":"open","sticky":false,"template":"","format":"standard","meta":{"_kad_post_transparent":"","_kad_post_title":"","_kad_post_layout":"","_kad_post_sidebar_id":"","_kad_post_content_style":"","_kad_post_vertical_padding":"","_kad_post_feature":"","_kad_post_feature_position":"","_kad_post_header":false,"_kad_post_footer":false,"_kad_post_classname":"","_jetpack_memberships_contains_paid_content":false,"footnotes":"","jetpack_publicize_message":"","jetpack_publicize_feature_enabled":true,"jetpack_social_post_already_shared":true,"jetpack_social_options":{"image_generator_settings":{"template":"highway","default_image_id":0,"font":"","enabled":false},"version":2}},"categories":[1,1176],"tags":[8013],"class_list":["post-45028","post","type-post","status-publish","format-standard","has-post-thumbnail","hentry","category-portada","category-relatos-de-futbol","tag-antonio-valencia"],"jetpack_publicize_connections":[],"jetpack_featured_media_url":"https:\/\/i0.wp.com\/www.manquepierda.com\/historiarealbetis\/files\/2015\/11\/Copa-de-1944.jpg?fit=699%2C393&ssl=1","jetpack_sharing_enabled":true,"jetpack_shortlink":"https:\/\/wp.me\/p1ij08-bIg","jetpack-related-posts":[],"_links":{"self":[{"href":"https:\/\/www.manquepierda.com\/historiarealbetis\/wp-json\/wp\/v2\/posts\/45028","targetHints":{"allow":["GET"]}}],"collection":[{"href":"https:\/\/www.manquepierda.com\/historiarealbetis\/wp-json\/wp\/v2\/posts"}],"about":[{"href":"https:\/\/www.manquepierda.com\/historiarealbetis\/wp-json\/wp\/v2\/types\/post"}],"author":[{"embeddable":true,"href":"https:\/\/www.manquepierda.com\/historiarealbetis\/wp-json\/wp\/v2\/users\/5"}],"replies":[{"embeddable":true,"href":"https:\/\/www.manquepierda.com\/historiarealbetis\/wp-json\/wp\/v2\/comments?post=45028"}],"version-history":[{"count":0,"href":"https:\/\/www.manquepierda.com\/historiarealbetis\/wp-json\/wp\/v2\/posts\/45028\/revisions"}],"wp:featuredmedia":[{"embeddable":true,"href":"https:\/\/www.manquepierda.com\/historiarealbetis\/wp-json\/wp\/v2\/media\/45029"}],"wp:attachment":[{"href":"https:\/\/www.manquepierda.com\/historiarealbetis\/wp-json\/wp\/v2\/media?parent=45028"}],"wp:term":[{"taxonomy":"category","embeddable":true,"href":"https:\/\/www.manquepierda.com\/historiarealbetis\/wp-json\/wp\/v2\/categories?post=45028"},{"taxonomy":"post_tag","embeddable":true,"href":"https:\/\/www.manquepierda.com\/historiarealbetis\/wp-json\/wp\/v2\/tags?post=45028"}],"curies":[{"name":"wp","href":"https:\/\/api.w.org\/{rel}","templated":true}]}}