{"id":45075,"date":"2015-11-29T18:27:19","date_gmt":"2015-11-29T17:27:19","guid":{"rendered":"http:\/\/www.manquepierda.com\/historiarealbetis\/?p=45075"},"modified":"2024-09-02T18:42:14","modified_gmt":"2024-09-02T16:42:14","slug":"1964-noviembre-29-primera-real-oviedo-1real-betis-balompie-2-51aniversario","status":"publish","type":"post","link":"https:\/\/www.manquepierda.com\/historiarealbetis\/1964-noviembre-29-primera-real-oviedo-1real-betis-balompie-2-51aniversario\/","title":{"rendered":"1964-Noviembre 29-Primera.-Real Oviedo-1Real Betis Balompi\u00e9-2.-51Aniversario."},"content":{"rendered":"<p style=\"text-align: center\"><a href=\"https:\/\/www.manquepierda.com\/historiarealbetis\/45075-1964-noviembre-29-primera-real-oviedo-1real-betis-balompie-2-51aniversario\/19641129ro1rbb2\/\" rel=\"attachment wp-att-45076\"><img data-recalc-dims=\"1\" loading=\"lazy\" decoding=\"async\" class=\"aligncenter size-medium wp-image-45076\" src=\"https:\/\/i0.wp.com\/www.manquepierda.com\/historiarealbetis\/files\/2015\/11\/19641129ro1rbb2.jpg?resize=680%2C508&#038;ssl=1\" alt=\"19641129ro1rbb2\" width=\"680\" height=\"508\" srcset=\"https:\/\/i0.wp.com\/www.manquepierda.com\/historiarealbetis\/files\/2015\/11\/19641129ro1rbb2.jpg?resize=680%2C508&amp;ssl=1 680w, https:\/\/i0.wp.com\/www.manquepierda.com\/historiarealbetis\/files\/2015\/11\/19641129ro1rbb2.jpg?resize=220%2C164&amp;ssl=1 220w, https:\/\/i0.wp.com\/www.manquepierda.com\/historiarealbetis\/files\/2015\/11\/19641129ro1rbb2.jpg?resize=937%2C700&amp;ssl=1 937w, https:\/\/i0.wp.com\/www.manquepierda.com\/historiarealbetis\/files\/2015\/11\/19641129ro1rbb2.jpg?w=1441&amp;ssl=1 1441w\" sizes=\"auto, (max-width: 680px) 100vw, 680px\" \/><\/a><em>\u00abAs\u00ed consigui\u00f3 ANSOLA el primer gol b\u00e9tico en la puerta asturiana-a pesar del esfuerzo del guardameta del Real Oviedo\u00bb.-<\/em>Telefoto Europa Press.-\u00abHoja del Lunes\u00bb-Sevilla 30-11-1964.<\/p>\n<p style=\"text-align: center\"><strong>XXXIV EDICI\u00d3N-CAMPEONATO NACIONAL LIGA PRIMERA DIVISI\u00d3N-TEMPORADA 1964-1965 (Domingos 13-09-1964 \u00e1 18-04-1965, ambos inclusive).<\/strong><\/p>\n<p style=\"text-align: center\"><a href=\"https:\/\/www.manquepierda.com\/historiarealbetis\/45075-1964-noviembre-29-primera-real-oviedo-1real-betis-balompie-2-51aniversario\/estadiocarlostartiere\/\" rel=\"attachment wp-att-45077\"><img data-recalc-dims=\"1\" loading=\"lazy\" decoding=\"async\" class=\"aligncenter size-full wp-image-45077\" src=\"https:\/\/i0.wp.com\/www.manquepierda.com\/historiarealbetis\/files\/2015\/11\/estadiocarlostartiere.jpg?resize=350%2C138&#038;ssl=1\" alt=\"estadiocarlostartiere\" width=\"350\" height=\"138\" srcset=\"https:\/\/i0.wp.com\/www.manquepierda.com\/historiarealbetis\/files\/2015\/11\/estadiocarlostartiere.jpg?w=350&amp;ssl=1 350w, https:\/\/i0.wp.com\/www.manquepierda.com\/historiarealbetis\/files\/2015\/11\/estadiocarlostartiere.jpg?resize=220%2C87&amp;ssl=1 220w\" sizes=\"auto, (max-width: 350px) 100vw, 350px\" \/><\/a><strong>1964-NOVIEMBRE 29-DOMINGO EN OVIEDO (Asturias)-ESTADIO MUNICIPAL \u00abCARLOS TARTIERE.-ONCEAVA JORNADA:<\/strong><\/p>\n<p style=\"text-align: center\"><strong>Villalonga reconoci\u00f3 <em>\u00abQue el terreno de juego no estaba bien y que ello rest\u00f3 movimiento a los jugadores\u00bb.<\/em><br \/>\n<\/strong><\/p>\n<p style=\"text-align: left\"><em>\u00abPresenci\u00f3 el encuentro el seleccionador nacional <strong>Jos\u00e9 Villalonga Llorente (1962-1966),\u00a0 que,\u00a0 al final del partido,\u00a0 manifest\u00f3 que se hab\u00eda trasladado a Oviedo porque en los dos conjuntos hay jugadores que interesa observar\u00bb.<\/strong><\/em><\/p>\n<p style=\"text-align: center\"><a href=\"https:\/\/www.manquepierda.com\/historiarealbetis\/45075-1964-noviembre-29-primera-real-oviedo-1real-betis-balompie-2-51aniversario\/lgp\/\" rel=\"attachment wp-att-45080\"><img data-recalc-dims=\"1\" loading=\"lazy\" decoding=\"async\" class=\"aligncenter size-full wp-image-45080\" src=\"https:\/\/i0.wp.com\/www.manquepierda.com\/historiarealbetis\/files\/2015\/11\/LGP.jpeg?resize=132%2C188&#038;ssl=1\" alt=\"LGP\" width=\"132\" height=\"188\" \/><\/a><strong>Arbitr\u00f3 el colegiado madrile\u00f1o Jos\u00e9 Lu\u00eds G\u00f3mez Platas.-<em>\u00abcometi\u00f3 diversos errores,\u00a0 aunque no fue culpable de esta derrota ovetense\u00bb.<\/em><\/strong><\/p>\n<p style=\"text-align: center\">ALINEACIONES:<\/p>\n<p style=\"text-align: center\">1961-1964 Presidente en funciones don Jos\u00e9 Mar\u00eda Velasco \u00c1lvarez (a) \u00abChuch\u00e9\u00bb.<\/p>\n<p style=\"text-align: center\">15\u00ba Clasificado con 7 puntos y menos 3 negativos (3-ganados+1-empatado+7-perdidos).-06-15=menos 9 diferencia tantos favor-contra:<\/p>\n<p style=\"text-align: center\"><a href=\"https:\/\/www.manquepierda.com\/historiarealbetis\/45075-1964-noviembre-29-primera-real-oviedo-1real-betis-balompie-2-51aniversario\/ro1957-2\/\" rel=\"attachment wp-att-45078\"><img data-recalc-dims=\"1\" loading=\"lazy\" decoding=\"async\" class=\"aligncenter size-thumbnail wp-image-45078\" src=\"https:\/\/i0.wp.com\/www.manquepierda.com\/historiarealbetis\/files\/2015\/11\/RO1957.jpg?resize=118%2C220&#038;ssl=1\" alt=\"RO1957\" width=\"118\" height=\"220\" srcset=\"https:\/\/i0.wp.com\/www.manquepierda.com\/historiarealbetis\/files\/2015\/11\/RO1957.jpg?resize=118%2C220&amp;ssl=1 118w, https:\/\/i0.wp.com\/www.manquepierda.com\/historiarealbetis\/files\/2015\/11\/RO1957.jpg?resize=322%2C600&amp;ssl=1 322w, https:\/\/i0.wp.com\/www.manquepierda.com\/historiarealbetis\/files\/2015\/11\/RO1957.jpg?w=369&amp;ssl=1 369w\" sizes=\"auto, (max-width: 118px) 100vw, 118px\" \/><\/a><strong>REAL OVIEDO CLUB F\u00daTBOL-1 Tanto.<\/strong><\/p>\n<p style=\"text-align: center\"><strong>Entrenador-Enrique Mart\u00edn Navarro (a) \u00abQuique Mart\u00edn\u00bb.<\/strong><\/p>\n<p style=\"text-align: center\"><em>\u00abMal,\u00a0 sin ataque.\u00a0\u00a0 Es su principal defecto y la causa de su comprometida situaci\u00f3n.\u00a0\u00a0<\/em><\/p>\n<p style=\"text-align: left\"><em> Espl\u00e9ndido Dartzira y Juan Manuel,\u00a0 si bien \u00e9ste fue culpable del primer tanto b\u00e9tico.-Rib\u00f3n hizo buen partido.-En el ataque,\u00a0 algunas cosas de Gir\u00f3n,\u00a0 con una l\u00ednea en la que cuatro hombres no rinden\u00bb.<\/em><\/p>\n<p style=\"text-align: center\"><a href=\"https:\/\/www.manquepierda.com\/historiarealbetis\/45075-1964-noviembre-29-primera-real-oviedo-1real-betis-balompie-2-51aniversario\/jmg\/\" rel=\"attachment wp-att-45079\"><img data-recalc-dims=\"1\" loading=\"lazy\" decoding=\"async\" class=\"aligncenter size-thumbnail wp-image-45079\" src=\"https:\/\/i0.wp.com\/www.manquepierda.com\/historiarealbetis\/files\/2015\/11\/JMG.jpg?resize=136%2C220&#038;ssl=1\" alt=\"JMG\" width=\"136\" height=\"220\" srcset=\"https:\/\/i0.wp.com\/www.manquepierda.com\/historiarealbetis\/files\/2015\/11\/JMG.jpg?resize=136%2C220&amp;ssl=1 136w, https:\/\/i0.wp.com\/www.manquepierda.com\/historiarealbetis\/files\/2015\/11\/JMG.jpg?w=296&amp;ssl=1 296w\" sizes=\"auto, (max-width: 136px) 100vw, 136px\" \/><\/a>1-Portero.-Juan MESA Gil.-<strong>Encaj\u00f3 2 goles.<\/strong><\/p>\n<p style=\"text-align: left\">2-JUAN MANUEL Fern\u00e1ndez Gonz\u00e1lez.-5-Jos\u00e9 DATZIRA Costa.-3-Julio MARIGIL Merino.-4-Pedro RIB\u00d3N Carl\u00f3n.-6-Juli\u00e1n ICAZURIAGA Ugalde.-7-<em><strong>Fernando GIR\u00d3N De la Fuente.-<\/strong><\/em>8-Miguel IGUARAN Arandia.-9-JOS\u00c9 LU\u00cdS P\u00e9rez \u00c1lvarez-<\/p>\n<p style=\"text-align: center\"><a href=\"https:\/\/www.manquepierda.com\/historiarealbetis\/45075-1964-noviembre-29-primera-real-oviedo-1real-betis-balompie-2-51aniversario\/aip\/\" rel=\"attachment wp-att-45081\"><img data-recalc-dims=\"1\" loading=\"lazy\" decoding=\"async\" class=\"aligncenter size-full wp-image-45081\" src=\"https:\/\/i0.wp.com\/www.manquepierda.com\/historiarealbetis\/files\/2015\/11\/AIP.jpeg?resize=144%2C205&#038;ssl=1\" alt=\"AIP\" width=\"144\" height=\"205\" \/><\/a>10-ARSENIO IGLESIAS Pardo.<\/p>\n<p style=\"text-align: left\"><strong>\u00ab1-1.-60 minutos.-Fue a causa de un penalti clar\u00edsimo a Gir\u00f3n,\u00a0 que se hab\u00eda metido muy bien,\u00a0 y,\u00a0 cuando en el \u00e1rea chica se dispon\u00eda a tirar,\u00a0 fue emparedado primero y derribado despu\u00e9s.-Entre R\u00edos y \u00abPaquito\u00bb le hicieron la pena m\u00e1xima.-La ejecut\u00f3 \u00abJos\u00e9 Mar\u00eda\u00bb,\u00a0 lo hizo mal,\u00a0 muy mal,\u00a0 \u00abPEP\u00cdN\u00bb casi sin moverse del lugar que ocupaba,\u00a0 detuvo el bal\u00f3n pero no fue capaz de blocarlo,\u00a0 y ARSENIO,\u00a0 que sali\u00f3 disparado,\u00a0 remat\u00f3 a la red\u00bb.<\/strong><\/p>\n<p style=\"text-align: center\">11-JOS\u00c9 MAR\u00cdA Garc\u00eda Lavilla.<\/p>\n<p style=\"text-align: center\"><strong>Vs.<\/strong><\/p>\n<p style=\"text-align: center\"><a href=\"https:\/\/www.manquepierda.com\/historiarealbetis\/45075-1964-noviembre-29-primera-real-oviedo-1real-betis-balompie-2-51aniversario\/benito-villamarin-prieto-18\/\" rel=\"attachment wp-att-45088\"><img data-recalc-dims=\"1\" loading=\"lazy\" decoding=\"async\" class=\"aligncenter size-thumbnail wp-image-45088\" src=\"https:\/\/i0.wp.com\/www.manquepierda.com\/historiarealbetis\/files\/2015\/11\/Benito-Villamar%C3%ADn-Prieto.jpg?resize=177%2C220&#038;ssl=1\" alt=\"Benito Villamar\u00edn Prieto\" width=\"177\" height=\"220\" srcset=\"https:\/\/i0.wp.com\/www.manquepierda.com\/historiarealbetis\/files\/2015\/11\/Benito-Villamar%C3%ADn-Prieto.jpg?resize=177%2C220&amp;ssl=1 177w, https:\/\/i0.wp.com\/www.manquepierda.com\/historiarealbetis\/files\/2015\/11\/Benito-Villamar%C3%ADn-Prieto.jpg?w=254&amp;ssl=1 254w\" sizes=\"auto, (max-width: 177px) 100vw, 177px\" \/><\/a><em><strong>S\u00e1bado 21-Mayo 1955\u00a0 hasta martes 07-Diciembre 1965.<\/strong><\/em><\/p>\n<p style=\"text-align: center\"><em><strong>Presidente Real Betis Balompi\u00e9-Don Benito VILLAMAR\u00cdN PRIETO (46 a\u00f1os+3 meses+8 d\u00edas).<\/strong><\/em><\/p>\n<p style=\"text-align: center\"><strong>SEXTO CLASIFICADO CON 12 PUNTOS M\u00c1S 2 POSITIVOS:<\/strong><\/p>\n<p style=\"text-align: center\"><strong> 5-Ganados+2-Empatados+4-Perdidos).-16 Goles-Favor y 12-Tantos-Contra.<\/strong><\/p>\n<p style=\"text-align: center\"><a href=\"https:\/\/www.manquepierda.com\/historiarealbetis\/45075-1964-noviembre-29-primera-real-oviedo-1real-betis-balompie-2-51aniversario\/louis-hon-9\/\" rel=\"attachment wp-att-45090\"><img data-recalc-dims=\"1\" loading=\"lazy\" decoding=\"async\" class=\"aligncenter size-thumbnail wp-image-45090\" src=\"https:\/\/i0.wp.com\/www.manquepierda.com\/historiarealbetis\/files\/2015\/11\/Louis-Hon.jpg?resize=148%2C220&#038;ssl=1\" alt=\"Louis-Hon\" width=\"148\" height=\"220\" srcset=\"https:\/\/i0.wp.com\/www.manquepierda.com\/historiarealbetis\/files\/2015\/11\/Louis-Hon.jpg?resize=148%2C220&amp;ssl=1 148w, https:\/\/i0.wp.com\/www.manquepierda.com\/historiarealbetis\/files\/2015\/11\/Louis-Hon.jpg?w=280&amp;ssl=1 280w\" sizes=\"auto, (max-width: 148px) 100vw, 148px\" \/><\/a><strong>1-3 Entrenadores Real Betis Balompi\u00e9-Desde la 01\u00aa hasta la 19\u00aa Jornadas-Temporada 1964-1965.-Louis HON ANTONIN (Francia).-40 a\u00f1os+2 meses+18 d\u00edas.<\/strong><\/p>\n<p style=\"text-align: center\"><a href=\"https:\/\/www.manquepierda.com\/historiarealbetis\/45075-1964-noviembre-29-primera-real-oviedo-1real-betis-balompie-2-51aniversario\/escudo-del-betis-7\/\" rel=\"attachment wp-att-45089\"><img data-recalc-dims=\"1\" loading=\"lazy\" decoding=\"async\" class=\"aligncenter size-thumbnail wp-image-45089\" src=\"https:\/\/i0.wp.com\/www.manquepierda.com\/historiarealbetis\/files\/2015\/11\/escudo-del-betis.gif?resize=220%2C189&#038;ssl=1\" alt=\"escudo del betis\" width=\"220\" height=\"189\" srcset=\"https:\/\/i0.wp.com\/www.manquepierda.com\/historiarealbetis\/files\/2015\/11\/escudo-del-betis.gif?resize=220%2C189&amp;ssl=1 220w, https:\/\/i0.wp.com\/www.manquepierda.com\/historiarealbetis\/files\/2015\/11\/escudo-del-betis.gif?resize=680%2C583&amp;ssl=1 680w\" sizes=\"auto, (max-width: 220px) 100vw, 220px\" \/><\/a><strong>REAL BETIS BALOMPI\u00c9-2 Goles.<\/strong><\/p>\n<p style=\"text-align: center\"><strong>Alineaci\u00f3n:<\/strong><\/p>\n<p style=\"text-align: center\"><a href=\"https:\/\/www.manquepierda.com\/historiarealbetis\/38671-1964-noviembre-01-primera-division-real-betis-balompie-3-real-madrid-cf-1-l-aniversario\/pepin-14\/\" rel=\"attachment wp-att-44361\"><img data-recalc-dims=\"1\" loading=\"lazy\" decoding=\"async\" class=\"aligncenter size-thumbnail wp-image-44361\" src=\"https:\/\/i0.wp.com\/www.manquepierda.com\/historiarealbetis\/files\/2014\/11\/PEP%C3%8DN.jpg?resize=143%2C220&#038;ssl=1\" alt=\"PEP\u00cdN\" width=\"143\" height=\"220\" srcset=\"https:\/\/i0.wp.com\/www.manquepierda.com\/historiarealbetis\/files\/2014\/11\/PEP%C3%8DN.jpg?resize=143%2C220&amp;ssl=1 143w, https:\/\/i0.wp.com\/www.manquepierda.com\/historiarealbetis\/files\/2014\/11\/PEP%C3%8DN.jpg?w=206&amp;ssl=1 206w\" sizes=\"auto, (max-width: 143px) 100vw, 143px\" \/><\/a><em><strong>1-GUARDAMETA.-Jos\u00e9 Casas Gris (a) \u00abPEP\u00cdN\u00bb (33 a\u00f1os+13 d\u00edas) Encaj\u00f3 1 tanto.<\/strong><\/em><\/p>\n<p style=\"text-align: center\"><em><strong>ZAGUEROS:<\/strong><\/em><\/p>\n<p style=\"text-align: center\"><em><strong>2-Francisco APARICIO Rambal.-5-EUSEBIO R\u00cdOS Fern\u00e1ndez.-3-Francisco Faleato Ochoantesana (a) \u00abPAQUITO\u00bb.<\/strong><\/em><\/p>\n<p style=\"text-align: center\">MEDIOS:<\/p>\n<p style=\"text-align: center\"><em><strong>4-Francisco GRAU Pla.-6-Le\u00f3n LASA M\u00fajica.<\/strong><\/em><\/p>\n<p style=\"text-align: center\"><em><strong>DELANTEROS:<\/strong><\/em><\/p>\n<p style=\"text-align: center\"><em><strong>7-\u00c1ngel SU\u00c1REZ Mart\u00ednez (a) \u00abPANOCHA\u00bb.-8-Jos\u00e9 L\u00d3PEZ HIDALGO.<\/strong><\/em><\/p>\n<p style=\"text-align: center\"><a href=\"https:\/\/www.manquepierda.com\/historiarealbetis\/45075-1964-noviembre-29-primera-real-oviedo-1real-betis-balompie-2-51aniversario\/fernandoansolasanmartin-5\/\" rel=\"attachment wp-att-45094\"><img data-recalc-dims=\"1\" loading=\"lazy\" decoding=\"async\" class=\"aligncenter size-thumbnail wp-image-45094\" src=\"https:\/\/i0.wp.com\/www.manquepierda.com\/historiarealbetis\/files\/2015\/11\/FernandoANSOLASanmart%C3%ADn1.jpg?resize=162%2C220&#038;ssl=1\" alt=\"FernandoANSOLASanmart\u00edn\" width=\"162\" height=\"220\" srcset=\"https:\/\/i0.wp.com\/www.manquepierda.com\/historiarealbetis\/files\/2015\/11\/FernandoANSOLASanmart%C3%ADn1.jpg?resize=162%2C220&amp;ssl=1 162w, https:\/\/i0.wp.com\/www.manquepierda.com\/historiarealbetis\/files\/2015\/11\/FernandoANSOLASanmart%C3%ADn1.jpg?resize=441%2C600&amp;ssl=1 441w, https:\/\/i0.wp.com\/www.manquepierda.com\/historiarealbetis\/files\/2015\/11\/FernandoANSOLASanmart%C3%ADn1.jpg?resize=515%2C700&amp;ssl=1 515w\" sizes=\"auto, (max-width: 162px) 100vw, 162px\" \/><\/a><em><strong>9-Centro Delantero-ARIETE.-Fernando ANSOLA Sanmart\u00edn (24 a\u00f1os+10 meses+2 dias).<br \/>\n<\/strong><\/em><\/p>\n<p style=\"text-align: left\"><strong>\u00abMarc\u00f3 demasiado pronto el Betis,\u00a0 pero no se puede decir que fue un gol en fr\u00edo,\u00a0 pues hab\u00edan transcurridos cuatro minutos de partido.<\/strong><\/p>\n<p style=\"text-align: left\"><strong>1-0.-04 minutos.-\u00abSe produjo en un avance que nunca debi\u00f3 concluir felizmente para los b\u00e9ticos,\u00a0 pues \u00abJuan Manuel\u00bb sigui\u00f3 desde cerca la acci\u00f3n de ROGELIO,\u00a0 a quien no fue capaz de quitar el bal\u00f3n.-\u00abJuan Manuel\u00bb tuvo la oportunidad de enviarlo a c\u00f3rner.-El defensa no lo hizo y ROGELIO centr\u00f3 con tranquilidad,\u00a0 y ANSOLA,\u00a0 que estaba all\u00ed alerta,\u00a0 recogi\u00f3 el esf\u00e9rico y lo llev\u00f3 al fondo de la red.-Juan MESA,\u00a0 algo desconcertado por la rapidez de la jugada,\u00a0 no pudo hacer nada\u00bb.<\/strong><\/p>\n<p style=\"text-align: center\"><a href=\"https:\/\/www.manquepierda.com\/historiarealbetis\/45075-1964-noviembre-29-primera-real-oviedo-1real-betis-balompie-2-51aniversario\/rogelio-sosa-ramirez-10\/\" rel=\"attachment wp-att-45095\"><img data-recalc-dims=\"1\" loading=\"lazy\" decoding=\"async\" class=\"aligncenter size-thumbnail wp-image-45095\" src=\"https:\/\/i0.wp.com\/www.manquepierda.com\/historiarealbetis\/files\/2015\/11\/ROGELIO-sosa-ram%C3%ADrez1.jpg?resize=128%2C220&#038;ssl=1\" alt=\"ROGELIO sosa ram\u00edrez\" width=\"128\" height=\"220\" srcset=\"https:\/\/i0.wp.com\/www.manquepierda.com\/historiarealbetis\/files\/2015\/11\/ROGELIO-sosa-ram%C3%ADrez1.jpg?resize=128%2C220&amp;ssl=1 128w, https:\/\/i0.wp.com\/www.manquepierda.com\/historiarealbetis\/files\/2015\/11\/ROGELIO-sosa-ram%C3%ADrez1.jpg?resize=348%2C600&amp;ssl=1 348w, https:\/\/i0.wp.com\/www.manquepierda.com\/historiarealbetis\/files\/2015\/11\/ROGELIO-sosa-ram%C3%ADrez1.jpg?resize=406%2C700&amp;ssl=1 406w, https:\/\/i0.wp.com\/www.manquepierda.com\/historiarealbetis\/files\/2015\/11\/ROGELIO-sosa-ram%C3%ADrez1.jpg?w=1281&amp;ssl=1 1281w\" sizes=\"auto, (max-width: 128px) 100vw, 128px\" \/><\/a><em><strong>10-Interior Zurdo.-ROGELIO Sosa Ram\u00edrez (21 a\u00f1os+7 meses+18 d\u00edas).<br \/>\n<\/strong><\/em><\/p>\n<p style=\"text-align: left\"><strong>1-2.-75 minutos.-\u00abEn un avance verdiblanco,\u00a0 se origina una \u00abmel\u00e9e\u00bb en el \u00e1rea local,\u00a0 que resuelve ROGELIO con un ch\u00fa cruzado que termina en el fondo de las mallas batiendo a MESA.-Abrazos entre todos los jugadores\u00bb.<\/strong><\/p>\n<p style=\"text-align: center\"><em><strong>\u00a0y 11-Andr\u00e9s MOLINA Soler.<\/strong><\/em><\/p>\n<p style=\"text-align: left\">\u00abEl partido qued\u00f3 1-2 ya que jug\u00f3 bien el Real Betis Balompi\u00e9.-Demostr\u00f3 que act\u00faa con sentido pr\u00e1ctico.-Hay buenos hombres en todas sus l\u00edneas.<\/p>\n<p style=\"text-align: left\"><strong>\u00abPEP\u00cdN\u00bb qued\u00f3 in\u00e9dito.-EUSEBIO R\u00cdOS fue un defensa excelente,\u00a0 que encontr\u00f3 magn\u00edfica colaboraci\u00f3n en APARICIO y \u00abPAQUITO\u00bb.<\/strong><\/p>\n<p style=\"text-align: center\">Trabajadores incansables los volantes GRAU y LASA.<\/p>\n<p style=\"text-align: center\"><strong>Y un ataque que va a puerta en toda ocasi\u00f3n.-Un equipo,\u00a0 en suma que puede ganar muchos partidos.<\/strong><\/p>\n<p style=\"text-align: left\"><strong>ROGELIO dej\u00f3 constancia de su clase,\u00a0 de su tenacidad,\u00a0 y ANSOLA est\u00e1 en el lugar donde debe encontrarse un centro delantero,\u00a0 MOLINA es un exterior que exige atenci\u00f3n especial\u00bb.<\/strong><\/p>\n<p style=\"text-align: center\">Fuente.-Cr\u00f3nica especial para \u00abHoja del Lunes\u00bb (Sevilla) del cr\u00edtico \u00c1lvarez Rodr\u00edguez-Oviedo 29-11-1964.<\/p>\n<p style=\"text-align: center\"><strong>\u00abEL REAL BETIS TRIUNFO EN \u00abCARLOS TARTIERE\u00bb.<\/strong><\/p>\n<p style=\"text-align: center\"><strong>\u00abAnsola,\u00a0 como siempre, fue el autor de uno de los goles\u00bb.<\/strong><\/p>\n<p style=\"text-align: center\">\n","protected":false},"excerpt":{"rendered":"<p>\u00abAs\u00ed consigui\u00f3 ANSOLA el primer gol b\u00e9tico en la puerta asturiana-a pesar del esfuerzo del guardameta del Real Oviedo\u00bb.-Telefoto Europa Press.-\u00abHoja del Lunes\u00bb-Sevilla 30-11-1964. XXXIV EDICI\u00d3N-CAMPEONATO NACIONAL LIGA PRIMERA DIVISI\u00d3N-TEMPORADA 1964-1965 (Domingos 13-09-1964 \u00e1 18-04-1965, ambos inclusive). 1964-NOVIEMBRE 29-DOMINGO EN OVIEDO (Asturias)-ESTADIO MUNICIPAL \u00abCARLOS TARTIERE.-ONCEAVA JORNADA: Villalonga reconoci\u00f3 \u00abQue el terreno de juego no estaba&#8230;<\/p>\n","protected":false},"author":48,"featured_media":45076,"comment_status":"open","ping_status":"open","sticky":false,"template":"","format":"standard","meta":{"_kad_post_transparent":"","_kad_post_title":"","_kad_post_layout":"","_kad_post_sidebar_id":"","_kad_post_content_style":"","_kad_post_vertical_padding":"","_kad_post_feature":"","_kad_post_feature_position":"","_kad_post_header":false,"_kad_post_footer":false,"_kad_post_classname":"","_jetpack_memberships_contains_paid_content":false,"footnotes":"","jetpack_publicize_message":"","jetpack_publicize_feature_enabled":true,"jetpack_social_post_already_shared":true,"jetpack_social_options":{"image_generator_settings":{"template":"highway","default_image_id":0,"font":"","enabled":false},"version":2}},"categories":[902,1],"tags":[4033,2900,17903,14171],"class_list":["post-45075","post","type-post","status-publish","format-standard","has-post-thumbnail","hentry","category-1960-1969","category-portada","tag-4033","tag-1964-65","tag-liga-primera-1964-65","tag-real-oviedo-cf"],"jetpack_publicize_connections":[],"jetpack_featured_media_url":"https:\/\/i0.wp.com\/www.manquepierda.com\/historiarealbetis\/files\/2015\/11\/19641129ro1rbb2.jpg?fit=1441%2C1076&ssl=1","jetpack_sharing_enabled":true,"jetpack_shortlink":"https:\/\/wp.me\/p1ij08-bJ1","jetpack-related-posts":[],"_links":{"self":[{"href":"https:\/\/www.manquepierda.com\/historiarealbetis\/wp-json\/wp\/v2\/posts\/45075","targetHints":{"allow":["GET"]}}],"collection":[{"href":"https:\/\/www.manquepierda.com\/historiarealbetis\/wp-json\/wp\/v2\/posts"}],"about":[{"href":"https:\/\/www.manquepierda.com\/historiarealbetis\/wp-json\/wp\/v2\/types\/post"}],"author":[{"embeddable":true,"href":"https:\/\/www.manquepierda.com\/historiarealbetis\/wp-json\/wp\/v2\/users\/48"}],"replies":[{"embeddable":true,"href":"https:\/\/www.manquepierda.com\/historiarealbetis\/wp-json\/wp\/v2\/comments?post=45075"}],"version-history":[{"count":1,"href":"https:\/\/www.manquepierda.com\/historiarealbetis\/wp-json\/wp\/v2\/posts\/45075\/revisions"}],"predecessor-version":[{"id":94792,"href":"https:\/\/www.manquepierda.com\/historiarealbetis\/wp-json\/wp\/v2\/posts\/45075\/revisions\/94792"}],"wp:featuredmedia":[{"embeddable":true,"href":"https:\/\/www.manquepierda.com\/historiarealbetis\/wp-json\/wp\/v2\/media\/45076"}],"wp:attachment":[{"href":"https:\/\/www.manquepierda.com\/historiarealbetis\/wp-json\/wp\/v2\/media?parent=45075"}],"wp:term":[{"taxonomy":"category","embeddable":true,"href":"https:\/\/www.manquepierda.com\/historiarealbetis\/wp-json\/wp\/v2\/categories?post=45075"},{"taxonomy":"post_tag","embeddable":true,"href":"https:\/\/www.manquepierda.com\/historiarealbetis\/wp-json\/wp\/v2\/tags?post=45075"}],"curies":[{"name":"wp","href":"https:\/\/api.w.org\/{rel}","templated":true}]}}