{"id":45099,"date":"2015-12-03T07:20:49","date_gmt":"2015-12-03T06:20:49","guid":{"rendered":"http:\/\/www.manquepierda.com\/historiarealbetis\/?p=45099"},"modified":"2024-09-26T23:27:22","modified_gmt":"2024-09-26T21:27:22","slug":"dibujo-del-betis-campeon-de-liga-1935","status":"publish","type":"post","link":"https:\/\/www.manquepierda.com\/historiarealbetis\/dibujo-del-betis-campeon-de-liga-1935\/","title":{"rendered":"Dibujo del Betis Campe\u00f3n de Liga 1935"},"content":{"rendered":"<p><a href=\"https:\/\/i0.wp.com\/www.manquepierda.com\/historiarealbetis\/files\/2015\/11\/Caricatura-del-Betis.jpg?ssl=1\"><img data-recalc-dims=\"1\" loading=\"lazy\" decoding=\"async\" class=\"aligncenter size-medium wp-image-45100\" src=\"https:\/\/i0.wp.com\/www.manquepierda.com\/historiarealbetis\/files\/2015\/11\/Caricatura-del-Betis.jpg?resize=680%2C360&#038;ssl=1\" alt=\"Caricatura del Betis\" width=\"680\" height=\"360\" srcset=\"https:\/\/i0.wp.com\/www.manquepierda.com\/historiarealbetis\/files\/2015\/11\/Caricatura-del-Betis.jpg?resize=680%2C360&amp;ssl=1 680w, https:\/\/i0.wp.com\/www.manquepierda.com\/historiarealbetis\/files\/2015\/11\/Caricatura-del-Betis.jpg?resize=220%2C116&amp;ssl=1 220w, https:\/\/i0.wp.com\/www.manquepierda.com\/historiarealbetis\/files\/2015\/11\/Caricatura-del-Betis.jpg?w=830&amp;ssl=1 830w\" sizes=\"auto, (max-width: 680px) 100vw, 680px\" \/><\/a><\/p>\n<p>Dibujo aparecido en el semanario deportivo Campe\u00f3n en 1935 y en el que se representa a los jugadores b\u00e9ticos en la temporada 1934-35.<\/p>\n<p>De izquierda a derecha: Rufino Larrinoa, Victorio Unamuno, Sim\u00f3n Lecue, Francisco G\u00f3mez, Seraf\u00edn Aedo, Adolfo Mart\u00edn, Angel Mart\u00edn \u00abSaro\u00bb, Jos\u00e9 Su\u00e1rez \u00abPeral\u00bb, Pedro Areso, Pedro Gonz\u00e1lez \u00abTimimi\u00bb y Joaqu\u00edn Urquiaga.<\/p>\n","protected":false},"excerpt":{"rendered":"<p>Dibujo aparecido en el semanario deportivo Campe\u00f3n en 1935 y en el que se representa a los jugadores b\u00e9ticos en la temporada 1934-35. De izquierda a derecha: Rufino Larrinoa, Victorio Unamuno, Sim\u00f3n Lecue, Francisco G\u00f3mez, Seraf\u00edn Aedo, Adolfo Mart\u00edn, Angel Mart\u00edn \u00abSaro\u00bb, Jos\u00e9 Su\u00e1rez \u00abPeral\u00bb, Pedro Areso, Pedro Gonz\u00e1lez \u00abTimimi\u00bb y Joaqu\u00edn Urquiaga.<\/p>\n","protected":false},"author":5,"featured_media":45100,"comment_status":"open","ping_status":"open","sticky":false,"template":"","format":"standard","meta":{"_kad_post_transparent":"","_kad_post_title":"","_kad_post_layout":"","_kad_post_sidebar_id":"","_kad_post_content_style":"","_kad_post_vertical_padding":"","_kad_post_feature":"","_kad_post_feature_position":"","_kad_post_header":false,"_kad_post_footer":false,"_kad_post_classname":"","_jetpack_memberships_contains_paid_content":false,"footnotes":"","jetpack_publicize_message":"","jetpack_publicize_feature_enabled":true,"jetpack_social_post_already_shared":true,"jetpack_social_options":{"image_generator_settings":{"template":"highway","default_image_id":0,"font":"","enabled":false},"version":2}},"categories":[899,1],"tags":[2267,45,7758,1057,1170,1454,17913,17928,1016,1113,2268,1017,1043,983],"class_list":["post-45099","post","type-post","status-publish","format-standard","has-post-thumbnail","hentry","category-1930-1939","category-portada","tag-1934-35","tag-45","tag-adolfo-martin","tag-angel-martin-saro","tag-francisco-gomez","tag-joaquin-urquiaga","tag-jose-suarez-peral","tag-liga-primera-1934-35","tag-pedro-areso","tag-pedro-gonzalez-timimi","tag-rufino-larrinoa","tag-serafin-aedo","tag-simon-lecue","tag-victorio-unamuno"],"jetpack_publicize_connections":[],"jetpack_featured_media_url":"https:\/\/i0.wp.com\/www.manquepierda.com\/historiarealbetis\/files\/2015\/11\/Caricatura-del-Betis.jpg?fit=830%2C439&ssl=1","jetpack_sharing_enabled":true,"jetpack_shortlink":"https:\/\/wp.me\/p1ij08-bJp","jetpack-related-posts":[],"_links":{"self":[{"href":"https:\/\/www.manquepierda.com\/historiarealbetis\/wp-json\/wp\/v2\/posts\/45099","targetHints":{"allow":["GET"]}}],"collection":[{"href":"https:\/\/www.manquepierda.com\/historiarealbetis\/wp-json\/wp\/v2\/posts"}],"about":[{"href":"https:\/\/www.manquepierda.com\/historiarealbetis\/wp-json\/wp\/v2\/types\/post"}],"author":[{"embeddable":true,"href":"https:\/\/www.manquepierda.com\/historiarealbetis\/wp-json\/wp\/v2\/users\/5"}],"replies":[{"embeddable":true,"href":"https:\/\/www.manquepierda.com\/historiarealbetis\/wp-json\/wp\/v2\/comments?post=45099"}],"version-history":[{"count":1,"href":"https:\/\/www.manquepierda.com\/historiarealbetis\/wp-json\/wp\/v2\/posts\/45099\/revisions"}],"predecessor-version":[{"id":95867,"href":"https:\/\/www.manquepierda.com\/historiarealbetis\/wp-json\/wp\/v2\/posts\/45099\/revisions\/95867"}],"wp:featuredmedia":[{"embeddable":true,"href":"https:\/\/www.manquepierda.com\/historiarealbetis\/wp-json\/wp\/v2\/media\/45100"}],"wp:attachment":[{"href":"https:\/\/www.manquepierda.com\/historiarealbetis\/wp-json\/wp\/v2\/media?parent=45099"}],"wp:term":[{"taxonomy":"category","embeddable":true,"href":"https:\/\/www.manquepierda.com\/historiarealbetis\/wp-json\/wp\/v2\/categories?post=45099"},{"taxonomy":"post_tag","embeddable":true,"href":"https:\/\/www.manquepierda.com\/historiarealbetis\/wp-json\/wp\/v2\/tags?post=45099"}],"curies":[{"name":"wp","href":"https:\/\/api.w.org\/{rel}","templated":true}]}}