{"id":45161,"date":"2015-12-02T14:40:00","date_gmt":"2015-12-02T13:40:00","guid":{"rendered":"http:\/\/www.manquepierda.com\/historiarealbetis\/?p=45161"},"modified":"2024-08-25T18:52:20","modified_gmt":"2024-08-25T16:52:20","slug":"1951-diciembre-02-3dg6-real-betis-balompie-6-club-deportivo-utrera-1-64aniversario","status":"publish","type":"post","link":"https:\/\/www.manquepierda.com\/historiarealbetis\/1951-diciembre-02-3dg6-real-betis-balompie-6-club-deportivo-utrera-1-64aniversario\/","title":{"rendered":"1951-Diciembre 02-3DG6.-Real Betis Balompi\u00e9-6 Club Deportivo Utrera-1.-64Aniversario."},"content":{"rendered":"<p style=\"text-align: center\"><a href=\"https:\/\/www.manquepierda.com\/historiarealbetis\/45161-1951-diciembre-02-3dg6-real-betis-balompie-6-club-deportivo-utrera-1-64aniversario\/heliopolis-1\/\" rel=\"attachment wp-att-45164\"><img data-recalc-dims=\"1\" loading=\"lazy\" decoding=\"async\" class=\"aligncenter size-full wp-image-45164\" src=\"https:\/\/i0.wp.com\/www.manquepierda.com\/historiarealbetis\/files\/2015\/12\/Heli%C3%B3polis-1.jpg?resize=782%2C572&#038;ssl=1\" alt=\"Heli\u00f3polis-1\" width=\"782\" height=\"572\" srcset=\"https:\/\/i0.wp.com\/www.manquepierda.com\/historiarealbetis\/files\/2015\/12\/Heli%C3%B3polis-1.jpg?w=782&amp;ssl=1 782w, https:\/\/i0.wp.com\/www.manquepierda.com\/historiarealbetis\/files\/2015\/12\/Heli%C3%B3polis-1.jpg?resize=220%2C161&amp;ssl=1 220w, https:\/\/i0.wp.com\/www.manquepierda.com\/historiarealbetis\/files\/2015\/12\/Heli%C3%B3polis-1.jpg?resize=680%2C497&amp;ssl=1 680w\" sizes=\"auto, (max-width: 782px) 100vw, 782px\" \/><\/a><strong>1951-DICIEMBRE 02-DOMINGO-ESTADIO MUNICIPAL DE HELI\u00d3POLIS (1).<em><br \/>\n<\/em><\/strong><\/p>\n<p style=\"text-align: center\"><em><strong>\u00abCon ambiente de aut\u00e9ntica expectaci\u00f3n y gran entrada\u00bb. <\/strong><\/em><\/p>\n<p style=\"text-align: center\"><strong>13\u00aa JORNADA-CAMPEONATO NACIONAL LIGA TERCERA DIVISI\u00d3N-GRUPO VI-TEMPORADA 1951-1952.<\/strong><\/p>\n<p style=\"text-align: center\"><a href=\"https:\/\/www.manquepierda.com\/historiarealbetis\/45161-1951-diciembre-02-3dg6-real-betis-balompie-6-club-deportivo-utrera-1-64aniversario\/heliopolis19511202marcador\/\" rel=\"attachment wp-att-45165\"><img data-recalc-dims=\"1\" loading=\"lazy\" decoding=\"async\" class=\"aligncenter size-thumbnail wp-image-45165\" src=\"https:\/\/i0.wp.com\/www.manquepierda.com\/historiarealbetis\/files\/2015\/12\/Heli%C3%B3polis19511202Marcador.jpg?resize=111%2C220&#038;ssl=1\" alt=\"Heli\u00f3polis19511202Marcador\" width=\"111\" height=\"220\" srcset=\"https:\/\/i0.wp.com\/www.manquepierda.com\/historiarealbetis\/files\/2015\/12\/Heli%C3%B3polis19511202Marcador.jpg?resize=111%2C220&amp;ssl=1 111w, https:\/\/i0.wp.com\/www.manquepierda.com\/historiarealbetis\/files\/2015\/12\/Heli%C3%B3polis19511202Marcador.jpg?resize=302%2C600&amp;ssl=1 302w, https:\/\/i0.wp.com\/www.manquepierda.com\/historiarealbetis\/files\/2015\/12\/Heli%C3%B3polis19511202Marcador.jpg?resize=353%2C700&amp;ssl=1 353w, https:\/\/i0.wp.com\/www.manquepierda.com\/historiarealbetis\/files\/2015\/12\/Heli%C3%B3polis19511202Marcador.jpg?w=645&amp;ssl=1 645w\" sizes=\"auto, (max-width: 111px) 100vw, 111px\" \/><\/a>(1).-Foto cortes\u00eda de don Joaqu\u00edn Alfonso Real Rodriguez-Marcador \u00abSelecciones\u00bb.<\/p>\n<p style=\"text-align: center\"><strong>Arbitr\u00f3 el colegiado onubense Andr\u00e9s Garc\u00eda Mora.-<em>\u00abFue parcial (Utrera) en el 1er. Tiempo y bien en el segundo\u00bb.<\/em><\/strong><\/p>\n<p style=\"text-align: center\"><a href=\"https:\/\/www.manquepierda.com\/historiarealbetis\/45161-1951-diciembre-02-3dg6-real-betis-balompie-6-club-deportivo-utrera-1-64aniversario\/de-la-cerda-carmona-francisco-6\/\" rel=\"attachment wp-att-45166\"><img data-recalc-dims=\"1\" loading=\"lazy\" decoding=\"async\" class=\"aligncenter size-thumbnail wp-image-45166\" src=\"https:\/\/i0.wp.com\/www.manquepierda.com\/historiarealbetis\/files\/2015\/12\/DE-LA-CERDA-Carmona-Francisco.jpg?resize=185%2C220&#038;ssl=1\" alt=\"DE-LA-CERDA-Carmona-Francisco\" width=\"185\" height=\"220\" srcset=\"https:\/\/i0.wp.com\/www.manquepierda.com\/historiarealbetis\/files\/2015\/12\/DE-LA-CERDA-Carmona-Francisco.jpg?resize=185%2C220&amp;ssl=1 185w, https:\/\/i0.wp.com\/www.manquepierda.com\/historiarealbetis\/files\/2015\/12\/DE-LA-CERDA-Carmona-Francisco.jpg?w=226&amp;ssl=1 226w\" sizes=\"auto, (max-width: 185px) 100vw, 185px\" \/><\/a><em><strong>1951-1952.-PRESIDENTE DON FRANCISCO DE LA CERDA CARMONA.<\/strong><\/em><\/p>\n<p style=\"text-align: center\"><strong>5\u00ba CLASIFICADO CON 17 PUNTOS (7-GANADOS+3-EMPATADOS+3-PERDIDOS).-37 GOLES-FAVOR Y 23-TANTOS-CONTRA.<\/strong><\/p>\n<p style=\"text-align: center\"><a href=\"https:\/\/www.manquepierda.com\/historiarealbetis\/45161-1951-diciembre-02-3dg6-real-betis-balompie-6-club-deportivo-utrera-1-64aniversario\/franciscogomezvicente-entrenador-1-5\/\" rel=\"attachment wp-att-45167\"><img data-recalc-dims=\"1\" loading=\"lazy\" decoding=\"async\" class=\"aligncenter size-thumbnail wp-image-45167\" src=\"https:\/\/i0.wp.com\/www.manquepierda.com\/historiarealbetis\/files\/2015\/12\/FranciscoG%C3%B3mezVicente-Entrenador.1.jpg?resize=174%2C220&#038;ssl=1\" alt=\"FranciscoG\u00f3mezVicente-Entrenador.1\" width=\"174\" height=\"220\" srcset=\"https:\/\/i0.wp.com\/www.manquepierda.com\/historiarealbetis\/files\/2015\/12\/FranciscoG%C3%B3mezVicente-Entrenador.1.jpg?resize=174%2C220&amp;ssl=1 174w, https:\/\/i0.wp.com\/www.manquepierda.com\/historiarealbetis\/files\/2015\/12\/FranciscoG%C3%B3mezVicente-Entrenador.1.jpg?w=293&amp;ssl=1 293w\" sizes=\"auto, (max-width: 174px) 100vw, 174px\" \/><\/a>FRANCISCO G\u00d3MEZ VICENTE.-Entrenador<\/p>\n<p style=\"text-align: center\"><a href=\"https:\/\/www.manquepierda.com\/historiarealbetis\/23546-1941-noviembre-16-2division3grupo-real-betis-balompie-8-vs-elche-cf-3\/1941-rbb-162\/\" rel=\"attachment wp-att-44660\"><img data-recalc-dims=\"1\" loading=\"lazy\" decoding=\"async\" class=\"aligncenter size-full wp-image-44660\" src=\"https:\/\/i0.wp.com\/www.manquepierda.com\/historiarealbetis\/files\/2012\/11\/1941-RBB52.jpg?resize=154%2C154&#038;ssl=1\" alt=\"1941-RBB\" width=\"154\" height=\"154\" \/><\/a><strong>REAL BETIS BALOMPI\u00c9-6 GOLES.<\/strong><\/p>\n<p style=\"text-align: center\"><a href=\"https:\/\/www.manquepierda.com\/historiarealbetis\/45161-1951-diciembre-02-3dg6-real-betis-balompie-6-club-deportivo-utrera-1-64aniversario\/palma-5\/\" rel=\"attachment wp-att-45168\"><img data-recalc-dims=\"1\" loading=\"lazy\" decoding=\"async\" class=\"aligncenter size-thumbnail wp-image-45168\" src=\"https:\/\/i0.wp.com\/www.manquepierda.com\/historiarealbetis\/files\/2015\/12\/PALMA.jpg?resize=130%2C220&#038;ssl=1\" alt=\"PALMA\" width=\"130\" height=\"220\" srcset=\"https:\/\/i0.wp.com\/www.manquepierda.com\/historiarealbetis\/files\/2015\/12\/PALMA.jpg?resize=130%2C220&amp;ssl=1 130w, https:\/\/i0.wp.com\/www.manquepierda.com\/historiarealbetis\/files\/2015\/12\/PALMA.jpg?resize=354%2C600&amp;ssl=1 354w, https:\/\/i0.wp.com\/www.manquepierda.com\/historiarealbetis\/files\/2015\/12\/PALMA.jpg?resize=413%2C700&amp;ssl=1 413w, https:\/\/i0.wp.com\/www.manquepierda.com\/historiarealbetis\/files\/2015\/12\/PALMA.jpg?w=422&amp;ssl=1 422w\" sizes=\"auto, (max-width: 130px) 100vw, 130px\" \/><\/a><strong>1-Guardameta.-Juan Antonio PALMA Mart\u00ednez.-Encaj\u00f3 un tanto.<\/strong><\/p>\n<p style=\"text-align: center\"><strong>Zagueros:<\/strong><\/p>\n<p style=\"text-align: center\"><strong>2-M\u00c1XIMO Benito Velasco.-5-FAUSTO Vals Valencia.<\/strong><\/p>\n<p style=\"text-align: center\"><a href=\"https:\/\/www.manquepierda.com\/historiarealbetis\/45161-1951-diciembre-02-3dg6-real-betis-balompie-6-club-deportivo-utrera-1-64aniversario\/josegarciapulido-13\/\" rel=\"attachment wp-att-45174\"><img data-recalc-dims=\"1\" loading=\"lazy\" decoding=\"async\" class=\"aligncenter size-thumbnail wp-image-45174\" src=\"https:\/\/i0.wp.com\/www.manquepierda.com\/historiarealbetis\/files\/2015\/12\/Jos%C3%A9Garc%C3%ADaPULIDO.jpg?resize=135%2C220&#038;ssl=1\" alt=\"Jos\u00e9Garc\u00edaPULIDO\" width=\"135\" height=\"220\" srcset=\"https:\/\/i0.wp.com\/www.manquepierda.com\/historiarealbetis\/files\/2015\/12\/Jos%C3%A9Garc%C3%ADaPULIDO.jpg?resize=135%2C220&amp;ssl=1 135w, https:\/\/i0.wp.com\/www.manquepierda.com\/historiarealbetis\/files\/2015\/12\/Jos%C3%A9Garc%C3%ADaPULIDO.jpg?resize=369%2C600&amp;ssl=1 369w, https:\/\/i0.wp.com\/www.manquepierda.com\/historiarealbetis\/files\/2015\/12\/Jos%C3%A9Garc%C3%ADaPULIDO.jpg?resize=430%2C700&amp;ssl=1 430w, https:\/\/i0.wp.com\/www.manquepierda.com\/historiarealbetis\/files\/2015\/12\/Jos%C3%A9Garc%C3%ADaPULIDO.jpg?w=443&amp;ssl=1 443w\" sizes=\"auto, (max-width: 135px) 100vw, 135px\" \/><\/a><strong>*1-0.-Primer Tiempo*<\/strong><\/p>\n<p style=\"text-align: center\"><strong>3-Jos\u00e9 Garc\u00eda PULIDO.<\/strong><\/p>\n<p style=\"text-align: center\"><strong>Medios:<\/strong><\/p>\n<p style=\"text-align: center\"><strong>4-FIDEL.-6-Francisco PE\u00d1A Alfaro.<\/strong><\/p>\n<p style=\"text-align: center\"><strong>Delanteros:<\/strong><\/p>\n<p style=\"text-align: center\"><strong>7-Extremo Diestro.-Francisco ESPINA Lira.<\/strong><\/p>\n<p style=\"text-align: center\"><a href=\"https:\/\/www.manquepierda.com\/historiarealbetis\/45161-1951-diciembre-02-3dg6-real-betis-balompie-6-club-deportivo-utrera-1-64aniversario\/evl\/\" rel=\"attachment wp-att-45177\"><img data-recalc-dims=\"1\" loading=\"lazy\" decoding=\"async\" class=\"aligncenter size-thumbnail wp-image-45177\" src=\"https:\/\/i0.wp.com\/www.manquepierda.com\/historiarealbetis\/files\/2015\/12\/EVL.jpg?resize=143%2C220&#038;ssl=1\" alt=\"EVL\" width=\"143\" height=\"220\" srcset=\"https:\/\/i0.wp.com\/www.manquepierda.com\/historiarealbetis\/files\/2015\/12\/EVL.jpg?resize=143%2C220&amp;ssl=1 143w, https:\/\/i0.wp.com\/www.manquepierda.com\/historiarealbetis\/files\/2015\/12\/EVL.jpg?w=293&amp;ssl=1 293w\" sizes=\"auto, (max-width: 143px) 100vw, 143px\" \/><\/a><strong>*4-1.-2\u00ba Tiempo.-Ch\u00fa raso que fusil\u00f3 al meta Guti\u00e9rrez*(sustituy\u00f3 a Domingo).<\/strong><\/p>\n<p style=\"text-align: center\"><strong>*5-1.-Segundo tiempo en excelente jugada delantera verdiblanca*<\/strong><\/p>\n<p style=\"text-align: center\"><strong>8-Interior Diestro.-EUGENIO V\u00e1zquez L\u00f3pez.<\/strong><\/p>\n<p style=\"text-align: center\"><a href=\"https:\/\/www.manquepierda.com\/historiarealbetis\/45161-1951-diciembre-02-3dg6-real-betis-balompie-6-club-deportivo-utrera-1-64aniversario\/manueldominguezssanchez-4\/\" rel=\"attachment wp-att-45175\"><img data-recalc-dims=\"1\" loading=\"lazy\" decoding=\"async\" class=\"aligncenter size-thumbnail wp-image-45175\" src=\"https:\/\/i0.wp.com\/www.manquepierda.com\/historiarealbetis\/files\/2015\/12\/ManuelDOM%C3%8DNGUEZSs%C3%A1nchez.jpg?resize=115%2C220&#038;ssl=1\" alt=\"ManuelDOM\u00cdNGUEZSs\u00e1nchez\" width=\"115\" height=\"220\" srcset=\"https:\/\/i0.wp.com\/www.manquepierda.com\/historiarealbetis\/files\/2015\/12\/ManuelDOM%C3%8DNGUEZSs%C3%A1nchez.jpg?resize=115%2C220&amp;ssl=1 115w, https:\/\/i0.wp.com\/www.manquepierda.com\/historiarealbetis\/files\/2015\/12\/ManuelDOM%C3%8DNGUEZSs%C3%A1nchez.jpg?resize=314%2C600&amp;ssl=1 314w, https:\/\/i0.wp.com\/www.manquepierda.com\/historiarealbetis\/files\/2015\/12\/ManuelDOM%C3%8DNGUEZSs%C3%A1nchez.jpg?w=356&amp;ssl=1 356w\" sizes=\"auto, (max-width: 115px) 100vw, 115px\" \/><\/a><strong>*2-0 penalti\u00a0 por manos de Alonso.-1er. Tpo*<\/strong><\/p>\n<p style=\"text-align: center\"><strong>9-Centro Delantero-ARIETE.-Manuel Dom\u00ednguez S\u00e1nchez (a) \u00abDOM\u00cdNGUEZ I\u00bb.<\/strong><\/p>\n<p style=\"text-align: center\"><strong>10-Interior Zurdo.-Eduardo LE\u00d3N Gonz\u00e1lez (a) \u00abLEONCITO\u00bb.<\/strong><\/p>\n<p style=\"text-align: center\"><a href=\"https:\/\/www.manquepierda.com\/historiarealbetis\/45161-1951-diciembre-02-3dg6-real-betis-balompie-6-club-deportivo-utrera-1-64aniversario\/spg-1\/\" rel=\"attachment wp-att-45176\"><img data-recalc-dims=\"1\" loading=\"lazy\" decoding=\"async\" class=\"aligncenter size-thumbnail wp-image-45176\" src=\"https:\/\/i0.wp.com\/www.manquepierda.com\/historiarealbetis\/files\/2015\/12\/SPG-1.jpg?resize=129%2C220&#038;ssl=1\" alt=\"SPG-1\" width=\"129\" height=\"220\" srcset=\"https:\/\/i0.wp.com\/www.manquepierda.com\/historiarealbetis\/files\/2015\/12\/SPG-1.jpg?resize=129%2C220&amp;ssl=1 129w, https:\/\/i0.wp.com\/www.manquepierda.com\/historiarealbetis\/files\/2015\/12\/SPG-1.jpg?resize=352%2C600&amp;ssl=1 352w, https:\/\/i0.wp.com\/www.manquepierda.com\/historiarealbetis\/files\/2015\/12\/SPG-1.jpg?w=380&amp;ssl=1 380w\" sizes=\"auto, (max-width: 129px) 100vw, 129px\" \/><\/a><strong>*3-1.-Segundo Tiempo*<\/strong><\/p>\n<p style=\"text-align: center\"><strong>11-Extremo Zurdo.-Sebasti\u00e1n P\u00c9REZ Gonz\u00e1lez.<\/strong><\/p>\n<hr \/>\n<p style=\"text-align: center\"><strong>Antes de este encuentro se jug\u00f3 otro campeonato-entre los juveniles del Real Betis Balompi\u00e9 y del Nervi\u00f3n.<\/strong><\/p>\n<p style=\"text-align: center\"><strong>Con lo que los aficionados pudieron entretener la espera con un buen partido disputado por los \u00abpeques\u00bb.<\/strong><\/p>\n<hr \/>\n<p style=\"text-align: center\">Vs.<\/p>\n<p style=\"text-align: center\"><a href=\"https:\/\/www.manquepierda.com\/historiarealbetis\/45161-1951-diciembre-02-3dg6-real-betis-balompie-6-club-deportivo-utrera-1-64aniversario\/isidoro\/\" rel=\"attachment wp-att-45170\"><img data-recalc-dims=\"1\" loading=\"lazy\" decoding=\"async\" class=\"aligncenter size-thumbnail wp-image-45170\" src=\"https:\/\/i0.wp.com\/www.manquepierda.com\/historiarealbetis\/files\/2015\/12\/Isidoro.jpg?resize=177%2C220&#038;ssl=1\" alt=\"Isidoro\" width=\"177\" height=\"220\" srcset=\"https:\/\/i0.wp.com\/www.manquepierda.com\/historiarealbetis\/files\/2015\/12\/Isidoro.jpg?resize=177%2C220&amp;ssl=1 177w, https:\/\/i0.wp.com\/www.manquepierda.com\/historiarealbetis\/files\/2015\/12\/Isidoro.jpg?resize=483%2C600&amp;ssl=1 483w, https:\/\/i0.wp.com\/www.manquepierda.com\/historiarealbetis\/files\/2015\/12\/Isidoro.jpg?resize=563%2C700&amp;ssl=1 563w, https:\/\/i0.wp.com\/www.manquepierda.com\/historiarealbetis\/files\/2015\/12\/Isidoro.jpg?w=604&amp;ssl=1 604w\" sizes=\"auto, (max-width: 177px) 100vw, 177px\" \/><\/a>1951-1952.-Presidente don Isidoro De la Pe\u00f1a Hern\u00e1ndez.<\/p>\n<p style=\"text-align: center\">13\u00ba CLASIFICADO CON 8 PUNTOS (3g+2e+8p).-16-34 Tantos Favor-Contra.<\/p>\n<p style=\"text-align: center\"><a href=\"https:\/\/www.manquepierda.com\/historiarealbetis\/45161-1951-diciembre-02-3dg6-real-betis-balompie-6-club-deportivo-utrera-1-64aniversario\/joaquin\/\" rel=\"attachment wp-att-45171\"><img data-recalc-dims=\"1\" loading=\"lazy\" decoding=\"async\" class=\"aligncenter size-thumbnail wp-image-45171\" src=\"https:\/\/i0.wp.com\/www.manquepierda.com\/historiarealbetis\/files\/2015\/12\/JOAQUIN.jpg?resize=158%2C220&#038;ssl=1\" alt=\"JOAQUIN\" width=\"158\" height=\"220\" srcset=\"https:\/\/i0.wp.com\/www.manquepierda.com\/historiarealbetis\/files\/2015\/12\/JOAQUIN.jpg?resize=158%2C220&amp;ssl=1 158w, https:\/\/i0.wp.com\/www.manquepierda.com\/historiarealbetis\/files\/2015\/12\/JOAQUIN.jpg?w=393&amp;ssl=1 393w\" sizes=\"auto, (max-width: 158px) 100vw, 158px\" \/><\/a>1951-1952.-Entrenador Joaqu\u00edn Garc\u00eda (a) \u00abPACHECO\u00bb.<\/p>\n<p style=\"text-align: center\"><a href=\"https:\/\/www.manquepierda.com\/historiarealbetis\/45161-1951-diciembre-02-3dg6-real-betis-balompie-6-club-deportivo-utrera-1-64aniversario\/cdu\/\" rel=\"attachment wp-att-45169\"><img data-recalc-dims=\"1\" loading=\"lazy\" decoding=\"async\" class=\"aligncenter size-thumbnail wp-image-45169\" src=\"https:\/\/i0.wp.com\/www.manquepierda.com\/historiarealbetis\/files\/2015\/12\/CDU.jpeg?resize=220%2C220&#038;ssl=1\" alt=\"CDU\" width=\"220\" height=\"220\" srcset=\"https:\/\/i0.wp.com\/www.manquepierda.com\/historiarealbetis\/files\/2015\/12\/CDU.jpeg?resize=220%2C220&amp;ssl=1 220w, https:\/\/i0.wp.com\/www.manquepierda.com\/historiarealbetis\/files\/2015\/12\/CDU.jpeg?w=225&amp;ssl=1 225w\" sizes=\"auto, (max-width: 220px) 100vw, 220px\" \/><\/a>CLUB DEPORTIVO UTRERA-1 TANTO.<\/p>\n<p style=\"text-align: center\"><a href=\"https:\/\/www.manquepierda.com\/historiarealbetis\/45161-1951-diciembre-02-3dg6-real-betis-balompie-6-club-deportivo-utrera-1-64aniversario\/19511202cdu\/\" rel=\"attachment wp-att-45172\"><img data-recalc-dims=\"1\" loading=\"lazy\" decoding=\"async\" class=\"aligncenter size-medium wp-image-45172\" src=\"https:\/\/i0.wp.com\/www.manquepierda.com\/historiarealbetis\/files\/2015\/12\/19511202CDU.jpg?resize=680%2C444&#038;ssl=1\" alt=\"19511202CDU\" width=\"680\" height=\"444\" srcset=\"https:\/\/i0.wp.com\/www.manquepierda.com\/historiarealbetis\/files\/2015\/12\/19511202CDU.jpg?resize=680%2C444&amp;ssl=1 680w, https:\/\/i0.wp.com\/www.manquepierda.com\/historiarealbetis\/files\/2015\/12\/19511202CDU.jpg?resize=220%2C144&amp;ssl=1 220w, https:\/\/i0.wp.com\/www.manquepierda.com\/historiarealbetis\/files\/2015\/12\/19511202CDU.jpg?resize=960%2C627&amp;ssl=1 960w, https:\/\/i0.wp.com\/www.manquepierda.com\/historiarealbetis\/files\/2015\/12\/19511202CDU.jpg?w=1783&amp;ssl=1 1783w\" sizes=\"auto, (max-width: 680px) 100vw, 680px\" \/><\/a>De pie.-PEPE RUIZ-LIZ I-\u00abPEP\u00cdN\u00bb-LORA-DOMINGO-ALONSO-GUTI\u00c9RREZ.-Agachados.-\u00abPILONGO\u00bb-PARRADO-JOS\u00c9 LU\u00cdS-VILLAR\u00cdN-AUMESQUET-GASPAR.<\/p>\n<p style=\"text-align: center\"><strong>DOMINGO (2\u00ba tiempo.-GUTI\u00c9RREZ).-Porteros.<\/strong><\/p>\n<p style=\"text-align: center\"><strong>JOS\u00c9 LU\u00cdS-<\/strong><\/p>\n<p style=\"text-align: center\"><strong>ALONSO (6-1.-2\u00ba tiempo en propia puerta)*<br \/>\n<\/strong><\/p>\n<p style=\"text-align: center\"><strong>-\u00abPILONGO\u00bb.-Defensas.<\/strong><\/p>\n<p style=\"text-align: center\"><strong>Manuel LORA Gancedo (Cedido)-Antonio AUMESQUET Tena (Cedido).-Medios.<\/strong><\/p>\n<p style=\"text-align: center\"><strong>Manuel D\u00edaz Gil (a) \u00abLIZ I\u00bb-RUIZ-Rafael PARRADO Bizcocho-<\/strong><\/p>\n<p style=\"text-align: center\"><strong>VILLAR\u00cdN (1-1.-PrimerTiempo)*<\/strong><\/p>\n<p style=\"text-align: left\">Fuentes-Fotos.-\u00abEL CLUB DEPORTIVO UTRERA EN EL SIGLO XXI\u00bb-Libro gentilmente cedido por su autor don Silvestre M. Fern\u00e1ndez De los Santos, en nuestra grata visita a su casa.<\/p>\n","protected":false},"excerpt":{"rendered":"<p>1951-DICIEMBRE 02-DOMINGO-ESTADIO MUNICIPAL DE HELI\u00d3POLIS (1). \u00abCon ambiente de aut\u00e9ntica expectaci\u00f3n y gran entrada\u00bb. 13\u00aa JORNADA-CAMPEONATO NACIONAL LIGA TERCERA DIVISI\u00d3N-GRUPO VI-TEMPORADA 1951-1952. (1).-Foto cortes\u00eda de don Joaqu\u00edn Alfonso Real Rodriguez-Marcador \u00abSelecciones\u00bb. Arbitr\u00f3 el colegiado onubense Andr\u00e9s Garc\u00eda Mora.-\u00abFue parcial (Utrera) en el 1er. Tiempo y bien en el segundo\u00bb. 1951-1952.-PRESIDENTE DON FRANCISCO DE LA CERDA&#8230;<\/p>\n","protected":false},"author":48,"featured_media":45164,"comment_status":"open","ping_status":"open","sticky":false,"template":"","format":"standard","meta":{"_kad_post_transparent":"","_kad_post_title":"","_kad_post_layout":"","_kad_post_sidebar_id":"","_kad_post_content_style":"","_kad_post_vertical_padding":"","_kad_post_feature":"","_kad_post_feature_position":"","_kad_post_header":false,"_kad_post_footer":false,"_kad_post_classname":"","_jetpack_memberships_contains_paid_content":false,"footnotes":"","jetpack_publicize_message":"","jetpack_publicize_feature_enabled":true,"jetpack_social_post_already_shared":true,"jetpack_social_options":{"image_generator_settings":{"template":"highway","default_image_id":0,"font":"","enabled":false},"version":2}},"categories":[901,1],"tags":[53,2505,4653,17887],"class_list":["post-45161","post","type-post","status-publish","format-standard","has-post-thumbnail","hentry","category-1950-1959","category-portada","tag-53","tag-1951-52","tag-cd-utrera","tag-liga-tercera-1951-52"],"jetpack_publicize_connections":[],"jetpack_featured_media_url":"https:\/\/i0.wp.com\/www.manquepierda.com\/historiarealbetis\/files\/2015\/12\/Heli%C3%B3polis-1.jpg?fit=782%2C572&ssl=1","jetpack_sharing_enabled":true,"jetpack_shortlink":"https:\/\/wp.me\/p1ij08-bKp","jetpack-related-posts":[],"_links":{"self":[{"href":"https:\/\/www.manquepierda.com\/historiarealbetis\/wp-json\/wp\/v2\/posts\/45161","targetHints":{"allow":["GET"]}}],"collection":[{"href":"https:\/\/www.manquepierda.com\/historiarealbetis\/wp-json\/wp\/v2\/posts"}],"about":[{"href":"https:\/\/www.manquepierda.com\/historiarealbetis\/wp-json\/wp\/v2\/types\/post"}],"author":[{"embeddable":true,"href":"https:\/\/www.manquepierda.com\/historiarealbetis\/wp-json\/wp\/v2\/users\/48"}],"replies":[{"embeddable":true,"href":"https:\/\/www.manquepierda.com\/historiarealbetis\/wp-json\/wp\/v2\/comments?post=45161"}],"version-history":[{"count":1,"href":"https:\/\/www.manquepierda.com\/historiarealbetis\/wp-json\/wp\/v2\/posts\/45161\/revisions"}],"predecessor-version":[{"id":97831,"href":"https:\/\/www.manquepierda.com\/historiarealbetis\/wp-json\/wp\/v2\/posts\/45161\/revisions\/97831"}],"wp:featuredmedia":[{"embeddable":true,"href":"https:\/\/www.manquepierda.com\/historiarealbetis\/wp-json\/wp\/v2\/media\/45164"}],"wp:attachment":[{"href":"https:\/\/www.manquepierda.com\/historiarealbetis\/wp-json\/wp\/v2\/media?parent=45161"}],"wp:term":[{"taxonomy":"category","embeddable":true,"href":"https:\/\/www.manquepierda.com\/historiarealbetis\/wp-json\/wp\/v2\/categories?post=45161"},{"taxonomy":"post_tag","embeddable":true,"href":"https:\/\/www.manquepierda.com\/historiarealbetis\/wp-json\/wp\/v2\/tags?post=45161"}],"curies":[{"name":"wp","href":"https:\/\/api.w.org\/{rel}","templated":true}]}}