{"id":45785,"date":"2015-12-22T18:32:21","date_gmt":"2015-12-22T17:32:21","guid":{"rendered":"http:\/\/www.manquepierda.com\/historiarealbetis\/?p=45785"},"modified":"2024-09-01T10:42:19","modified_gmt":"2024-09-01T08:42:19","slug":"1963-diciembre-22-primera-club-atletico-madrid-0-real-betis-balompie-0-52aniversario","status":"publish","type":"post","link":"https:\/\/www.manquepierda.com\/historiarealbetis\/1963-diciembre-22-primera-club-atletico-madrid-0-real-betis-balompie-0-52aniversario\/","title":{"rendered":"1963-Diciembre 22-Primera.-Club Atl\u00e9tico Madrid-0 Real Betis Balompi\u00e9-0.-52Aniversario."},"content":{"rendered":"<p style=\"text-align: justify\"><strong>33\u00aaEDICI\u00d3N CAMPEONATO NACIONAL LIGA PRIMERA DIVISI\u00d3N-TEMPORADA 1963-1964 (Desde domingo 15 de Septiembre de 1963 hasta el domingo 26 de Abril de 1964; ambos inclusive).<\/strong><\/p>\n<p style=\"text-align: justify\"><a href=\"https:\/\/www.manquepierda.com\/historiarealbetis\/45785-1963-diciembre-22-primera-club-atletico-madrid-0-real-betis-balompie-0-52aniversario\/metropolitano-2\/\" rel=\"attachment wp-att-45788\"><img data-recalc-dims=\"1\" loading=\"lazy\" decoding=\"async\" class=\"aligncenter size-medium wp-image-45788\" src=\"https:\/\/i0.wp.com\/www.manquepierda.com\/historiarealbetis\/files\/2015\/12\/Metropolitano.jpg?resize=680%2C439&#038;ssl=1\" alt=\"Metropolitano\" width=\"680\" height=\"439\" srcset=\"https:\/\/i0.wp.com\/www.manquepierda.com\/historiarealbetis\/files\/2015\/12\/Metropolitano.jpg?resize=680%2C439&amp;ssl=1 680w, https:\/\/i0.wp.com\/www.manquepierda.com\/historiarealbetis\/files\/2015\/12\/Metropolitano.jpg?resize=220%2C142&amp;ssl=1 220w, https:\/\/i0.wp.com\/www.manquepierda.com\/historiarealbetis\/files\/2015\/12\/Metropolitano.jpg?w=750&amp;ssl=1 750w\" sizes=\"auto, (max-width: 680px) 100vw, 680px\" \/><\/a><strong>1963-DICIEMBRE 22-DOMINGO 16&#8217;30 HORAS-MADRID-\u00abESTADIO METROPOLITANO-13\u00aa JORNADA.<\/strong><\/p>\n<p style=\"text-align: justify\"><strong><em>\u00abPor la calidad del encuentro, de gran emoci\u00f3n, como se supon\u00eda, hubo una gran entrada, con un terreno blando, en una tarde clara, pero fr\u00eda, casi a cero grados\u00bb.-(Hoja del Lunes-Sevilla).<br \/>\n<\/em><\/strong><\/p>\n<p style=\"text-align: justify\"><strong><a href=\"https:\/\/www.manquepierda.com\/historiarealbetis\/45785-1963-diciembre-22-primera-club-atletico-madrid-0-real-betis-balompie-0-52aniversario\/19631222dardoabc\/\" rel=\"attachment wp-att-45790\"><img data-recalc-dims=\"1\" loading=\"lazy\" decoding=\"async\" class=\"alignleft size-medium wp-image-45790\" src=\"https:\/\/i0.wp.com\/www.manquepierda.com\/historiarealbetis\/files\/2015\/12\/19631222DARDOabc.jpg?resize=339%2C600&#038;ssl=1\" alt=\"19631222DARDOabc\" width=\"339\" height=\"600\" srcset=\"https:\/\/i0.wp.com\/www.manquepierda.com\/historiarealbetis\/files\/2015\/12\/19631222DARDOabc.jpg?resize=339%2C600&amp;ssl=1 339w, https:\/\/i0.wp.com\/www.manquepierda.com\/historiarealbetis\/files\/2015\/12\/19631222DARDOabc.jpg?resize=124%2C220&amp;ssl=1 124w, https:\/\/i0.wp.com\/www.manquepierda.com\/historiarealbetis\/files\/2015\/12\/19631222DARDOabc.jpg?resize=396%2C700&amp;ssl=1 396w, https:\/\/i0.wp.com\/www.manquepierda.com\/historiarealbetis\/files\/2015\/12\/19631222DARDOabc.jpg?w=662&amp;ssl=1 662w\" sizes=\"auto, (max-width: 339px) 100vw, 339px\" \/><\/a>Clave marcador simult\u00e1neo \u00abDardo\u00bb: <em>\u00abCamisetas Felpa B\u00daFALO\u00bb.<\/em><\/strong><\/p>\n<p style=\"text-align: justify\"><a href=\"https:\/\/www.manquepierda.com\/historiarealbetis\/45785-1963-diciembre-22-primera-club-atletico-madrid-0-real-betis-balompie-0-52aniversario\/lloris-3\/\" rel=\"attachment wp-att-45789\"><img data-recalc-dims=\"1\" loading=\"lazy\" decoding=\"async\" class=\"aligncenter size-thumbnail wp-image-45789\" src=\"https:\/\/i0.wp.com\/www.manquepierda.com\/historiarealbetis\/files\/2015\/12\/Lloris-1.jpg?resize=120%2C220&#038;ssl=1\" alt=\"Lloris\" width=\"120\" height=\"220\" srcset=\"https:\/\/i0.wp.com\/www.manquepierda.com\/historiarealbetis\/files\/2015\/12\/Lloris-1.jpg?resize=120%2C220&amp;ssl=1 120w, https:\/\/i0.wp.com\/www.manquepierda.com\/historiarealbetis\/files\/2015\/12\/Lloris-1.jpg?w=143&amp;ssl=1 143w\" sizes=\"auto, (max-width: 120px) 100vw, 120px\" \/><\/a>Arbitr\u00f3 el colegiado valenciano Vicente Lloris Antonino.-<em><strong>\u00abTuvo un arbitraje con peque\u00f1os errores, sin mayores dificultades\u00bb.-(Hoja del Lunes-Sevilla).<\/strong><\/em><\/p>\n<p style=\"text-align: justify\"><a href=\"https:\/\/www.manquepierda.com\/historiarealbetis\/45785-1963-diciembre-22-primera-club-atletico-madrid-0-real-betis-balompie-0-52aniversario\/catm\/\" rel=\"attachment wp-att-45791\"><img data-recalc-dims=\"1\" loading=\"lazy\" decoding=\"async\" class=\"aligncenter size-thumbnail wp-image-45791\" src=\"https:\/\/i0.wp.com\/www.manquepierda.com\/historiarealbetis\/files\/2015\/12\/CATM.png?resize=183%2C220&#038;ssl=1\" alt=\"CATM\" width=\"183\" height=\"220\" srcset=\"https:\/\/i0.wp.com\/www.manquepierda.com\/historiarealbetis\/files\/2015\/12\/CATM.png?resize=183%2C220&amp;ssl=1 183w, https:\/\/i0.wp.com\/www.manquepierda.com\/historiarealbetis\/files\/2015\/12\/CATM.png?w=205&amp;ssl=1 205w\" sizes=\"auto, (max-width: 183px) 100vw, 183px\" \/><\/a><strong>14\u00ba Clasificado con 8 puntos menos 6 negativos (2-ganados+4-emparados+6-perdidos); 14-19 Tantos Favor-Contra.-CLUB ATL\u00c9TICO MADRID-0 Tantos.<\/strong><\/p>\n<p style=\"text-align: justify\">20\u00ba Presidente don Javier Barroso S\u00e1nchez-Guerra (desde domingo 11 de Diciembre de 1955 hasta martes 21 de Enero de 1964).<\/p>\n<p style=\"text-align: justify\"><a href=\"https:\/\/www.manquepierda.com\/historiarealbetis\/45785-1963-diciembre-22-primera-club-atletico-madrid-0-real-betis-balompie-0-52aniversario\/rafael_garcia_el_tinte\/\" rel=\"attachment wp-att-45794\"><img data-recalc-dims=\"1\" loading=\"lazy\" decoding=\"async\" class=\"alignleft size-full wp-image-45794\" src=\"https:\/\/i0.wp.com\/www.manquepierda.com\/historiarealbetis\/files\/2015\/12\/rafael_garcia_el_tinte.jpg?resize=150%2C210&#038;ssl=1\" alt=\"rafael_garcia_el_tinte\" width=\"150\" height=\"210\" \/><\/a>1961-1964 Entrenador Rafael Garc\u00eda Repullo (a) \u00abTINTE\u00bb (C\u00f3rdoba, s\u00e1bado 29 de Diciembre de 1923) entrevistado por Ra\u00fal Santisteban para \u00abHoja del Lunes\u00bb-Madrid 24-12-1963):<\/p>\n<p style=\"text-align: justify\"><em>\u00abHubo a\u00fan unos minutos de expectaci\u00f3n esperando a \u00abTinte\u00bb. Los gritos de \u00ab\u00a1Que se vaya\u00a1\u00bb en la tribuna pesaban lo suyo. Indignante. Injusto. Y Rafael sali\u00f3 al fin:<\/em><\/p>\n<p style=\"text-align: justify\"><em><strong>&#8211;\u00abVamo\u00bb a \u00abve\u00bb&#8230;<\/strong><\/em><\/p>\n<p style=\"text-align: justify\"><em>&#8211;Veamos: \u00bfqui\u00e9n hizo m\u00e1s \u00abcero\u00bb el Betis o el Atl\u00e9tico?<\/em><\/p>\n<p style=\"text-align: justify\"><em><strong>&#8211;Cada cual puso lo suyo. A los nuestros, la necesidad de los puntos les puso nerviosos y a ellos la defensiva cerrada les impidi\u00f3 marcar tambi\u00e9n.<\/strong><\/em><\/p>\n<p style=\"text-align: justify\">&#8211;Un<em> negativo m\u00e1s, Rafael&#8230;<\/em><\/p>\n<p style=\"text-align: justify\"><em><strong>&#8211;Insisto en que tiene que pasar todo. Falta de confianza, nerviosismo&#8230; Al final puede que el 0-0 sea justo, aunque nosotros tuvimos m\u00e1s ocasiones que el Real Betis Balompi\u00e9 para hacer gol.<\/strong><\/em><\/p>\n<p style=\"text-align: justify\"><em>&#8211;\u00bfQu\u00e9 te pareci\u00f3 el Real Betis?<\/em><\/p>\n<p style=\"text-align: justify\"><em><strong>&#8211;Yo esperaba que nos pusiera muchas dificultades, pero no tantas. De todos modos, se conformaban con este empate, que les val\u00eda un estupendo \u00abm\u00e1s seis\u00bb en la tabla, y jugaron con moral.<\/strong><\/em><\/p>\n<p style=\"text-align: justify\">Al final un periodista le preguntaba: \u00abLa verdad\u00bb: \u00ab\u00bfcu\u00e1l es la situaci\u00f3n?\u00bb Y \u00abTinte\u00bb le dijo: \u00abMenos seis\u00bb. Deb\u00eda de hablar del term\u00f3metro \u00abbajo cero\u00bb.<\/p>\n<p style=\"text-align: center\">Portero:<\/p>\n<p style=\"text-align: center\"><a href=\"https:\/\/www.manquepierda.com\/historiarealbetis\/45785-1963-diciembre-22-primera-club-atletico-madrid-0-real-betis-balompie-0-52aniversario\/n_atletico_de_madrid_los_jugadores-184120\/\" rel=\"attachment wp-att-45795\"><img data-recalc-dims=\"1\" loading=\"lazy\" decoding=\"async\" class=\"aligncenter size-thumbnail wp-image-45795\" src=\"https:\/\/i0.wp.com\/www.manquepierda.com\/historiarealbetis\/files\/2015\/12\/n_atletico_de_madrid_los_jugadores-184120.jpg?resize=158%2C220&#038;ssl=1\" alt=\"n_atletico_de_madrid_los_jugadores-184120\" width=\"158\" height=\"220\" srcset=\"https:\/\/i0.wp.com\/www.manquepierda.com\/historiarealbetis\/files\/2015\/12\/n_atletico_de_madrid_los_jugadores-184120.jpg?resize=158%2C220&amp;ssl=1 158w, https:\/\/i0.wp.com\/www.manquepierda.com\/historiarealbetis\/files\/2015\/12\/n_atletico_de_madrid_los_jugadores-184120.jpg?w=287&amp;ssl=1 287w\" sizes=\"auto, (max-width: 158px) 100vw, 158px\" \/><\/a>1-Edgardo Mario MADINABEYTIA Bassi.<\/p>\n<p style=\"text-align: center\">Defensas:<\/p>\n<p style=\"text-align: center\">2-Jes\u00fas MART\u00cdNEZ JAYO.-5-Jorge Bernardo GRIFFA Monferoni.-3-Isacio CALLEJA Garc\u00eda.<\/p>\n<p style=\"text-align: center\">Medios:<\/p>\n<p style=\"text-align: center\">4-RAMIRO Rodrigues Valente.-6-Jes\u00fas GLAR\u00cdA Jord\u00e1n.<\/p>\n<p style=\"text-align: center\">Delanteros:<\/p>\n<p style=\"text-align: justify\">7-Gonzalo D\u00edaz BEITIA.-8-ADELARDO Rodr\u00edguez S\u00e1nchez.-9-Miguel JONES Castillo.-10-Manuel Berm\u00fadez Arias (a) \u00abPOLO\u00bb.-11-Enrique COLLAR Monterrubio.<\/p>\n<p style=\"text-align: center\"><strong>VS.<\/strong><\/p>\n<p style=\"text-align: justify\"><strong>TERCER CLASIFICADO CON 18 PUNTOS M\u00c1S 6 POSITIVOS (7-GANADOS+4-EMPATADOS+2-PERDIDOS); 17-GOLES A FAVOR Y 10-TANTOS EN CONTRA.<\/strong><\/p>\n<p style=\"text-align: center\"><a href=\"https:\/\/www.manquepierda.com\/historiarealbetis\/45785-1963-diciembre-22-primera-club-atletico-madrid-0-real-betis-balompie-0-52aniversario\/escudo-del-betis-8\/\" rel=\"attachment wp-att-45796\"><img data-recalc-dims=\"1\" loading=\"lazy\" decoding=\"async\" class=\"aligncenter size-thumbnail wp-image-45796\" src=\"https:\/\/i0.wp.com\/www.manquepierda.com\/historiarealbetis\/files\/2015\/12\/escudo-del-betis.gif?resize=220%2C189&#038;ssl=1\" alt=\"escudo del betis\" width=\"220\" height=\"189\" srcset=\"https:\/\/i0.wp.com\/www.manquepierda.com\/historiarealbetis\/files\/2015\/12\/escudo-del-betis.gif?resize=220%2C189&amp;ssl=1 220w, https:\/\/i0.wp.com\/www.manquepierda.com\/historiarealbetis\/files\/2015\/12\/escudo-del-betis.gif?resize=680%2C583&amp;ssl=1 680w\" sizes=\"auto, (max-width: 220px) 100vw, 220px\" \/><\/a><strong>REAL BETIS BALOMPI\u00c9-0 GOLES.<\/strong><\/p>\n<p style=\"text-align: justify\"><a href=\"https:\/\/www.manquepierda.com\/historiarealbetis\/45785-1963-diciembre-22-primera-club-atletico-madrid-0-real-betis-balompie-0-52aniversario\/benito-villamarin-prieto1\/\" rel=\"attachment wp-att-45797\"><img data-recalc-dims=\"1\" loading=\"lazy\" decoding=\"async\" class=\"alignright size-thumbnail wp-image-45797\" src=\"https:\/\/i0.wp.com\/www.manquepierda.com\/historiarealbetis\/files\/2015\/12\/Benito-Villamar%C3%ADn-Prieto1.jpg?resize=185%2C220&#038;ssl=1\" alt=\"Benito-Villamar\u00edn-Prieto1\" width=\"185\" height=\"220\" srcset=\"https:\/\/i0.wp.com\/www.manquepierda.com\/historiarealbetis\/files\/2015\/12\/Benito-Villamar%C3%ADn-Prieto1.jpg?resize=185%2C220&amp;ssl=1 185w, https:\/\/i0.wp.com\/www.manquepierda.com\/historiarealbetis\/files\/2015\/12\/Benito-Villamar%C3%ADn-Prieto1.jpg?resize=504%2C600&amp;ssl=1 504w, https:\/\/i0.wp.com\/www.manquepierda.com\/historiarealbetis\/files\/2015\/12\/Benito-Villamar%C3%ADn-Prieto1.jpg?resize=588%2C700&amp;ssl=1 588w, https:\/\/i0.wp.com\/www.manquepierda.com\/historiarealbetis\/files\/2015\/12\/Benito-Villamar%C3%ADn-Prieto1.jpg?w=672&amp;ssl=1 672w\" sizes=\"auto, (max-width: 185px) 100vw, 185px\" \/><\/a><strong>Presidente.-Don Benito Villamar\u00edn Prieto (45 a\u00f1os+4 meses+1 d\u00eda). Industrial. Desde s\u00e1bado 21 de Mayo de 1955 hasta carta de dimisi\u00f3n por enfermedad grav\u00edsima de c\u00e1ncer de pulm\u00f3n (martes 07 de Diciembre de 1965), despidi\u00e9ndose de su Junta Directiva y a trav\u00e9s de ellos de la Afici\u00f3n Verdiblanca.<\/strong><\/p>\n<p style=\"text-align: justify\"><strong>Natural de PUGA-Toen (Ourense), mi\u00e9rcoles 21 de Agosto de 1918. Obituario en Sevilla, lunes 15 de Agosto de 1966 (48 a\u00f1os menos 6 d\u00edas) D. E. P.<\/strong><\/p>\n<p style=\"text-align: justify\"><a href=\"https:\/\/www.manquepierda.com\/historiarealbetis\/45785-1963-diciembre-22-primera-club-atletico-madrid-0-real-betis-balompie-0-52aniversario\/colo-balmanya-luis-martinez-pons-1963-1964\/\" rel=\"attachment wp-att-45798\"><img data-recalc-dims=\"1\" loading=\"lazy\" decoding=\"async\" class=\"alignleft size-thumbnail wp-image-45798\" src=\"https:\/\/i0.wp.com\/www.manquepierda.com\/historiarealbetis\/files\/2015\/12\/Colo-Balmanya-Lu%C3%ADs-Mart%C3%ADnez-Pons-1963-1964.jpg?resize=220%2C167&#038;ssl=1\" alt=\"Colo-Balmanya-Lu\u00eds-Mart\u00ednez-Pons 1963-1964\" width=\"220\" height=\"167\" srcset=\"https:\/\/i0.wp.com\/www.manquepierda.com\/historiarealbetis\/files\/2015\/12\/Colo-Balmanya-Lu%C3%ADs-Mart%C3%ADnez-Pons-1963-1964.jpg?resize=220%2C167&amp;ssl=1 220w, https:\/\/i0.wp.com\/www.manquepierda.com\/historiarealbetis\/files\/2015\/12\/Colo-Balmanya-Lu%C3%ADs-Mart%C3%ADnez-Pons-1963-1964.jpg?w=599&amp;ssl=1 599w\" sizes=\"auto, (max-width: 220px) 100vw, 220px\" \/><\/a><strong>Entrenador-Temporada 1963-1964.-Domingo Balmanya Perera (49 a\u00f1os menos 7 d\u00edas). Natural de Girona, martes 29 de Diciembre de 1914. Obituario en Barcelona, jueves 14 de Febrero de 2002 (87 a\u00f1os+4 meses menos 15 d\u00edas) D. E. P.<\/strong><\/p>\n<p style=\"text-align: justify\">Entrevistado por Ra\u00fal Santisteban para \u00abHoja del Lunes\u00bb-Madrid, 24 de Diciembre de 1963.<\/p>\n<p style=\"text-align: justify\"><em>\u00abFue el partido \u00abbajo cero\u00bb, incluso en el marcador. En el vestuario, al llegar, \u00abfr\u00edo\u00bb, con \u00abcomillas\u00bb, y \u00abcalor\u00bb en un ambiente con comillas tambi\u00e9n. Cal y canto ante la puerta rojiblanca y, en cambio, muralla navide\u00f1a a la berlinesa; paso franco en la b\u00e9tica.<\/em><\/p>\n<p style=\"text-align: justify\"><em>Por eso hablamos antes con Balmanya. Y nos dijo:<\/em><\/p>\n<p style=\"text-align: justify\"><em><strong>&#8211;Si mis jugadores, en el segundo tiempo, se dan cuenta de que pueden ganar el partido, lo habr\u00edan ganado. Pero ha ocurrido, como el d\u00eda del Madrid, que no nos lo cre\u00edamos ni nosotros mismos. A los chicos les parec\u00eda bastante el empate.<\/strong><\/em><\/p>\n<p style=\"text-align: justify\">&#8211;Pero \u00bfno manda el entrenador, Domingo?<\/p>\n<p style=\"text-align: justify\"><em><strong>&#8211;En el descanso les dije que ten\u00edan que \u00abcre\u00e9rselo\u00bb, que estaba visto, que pod\u00edan ganar si lo intentaban. Aunque tambi\u00e9n pudi\u00e9ramos perder&#8230;<\/strong><\/em><\/p>\n<p style=\"text-align: justify\">&#8211;Y el Atl\u00e9tico. \u00bfqu\u00e9?<\/p>\n<p style=\"text-align: justify\"><em><strong>&#8211;El Atl\u00e9tico, pues&#8230; que \u00abno andan finos\u00bb.<\/strong><\/em><\/p>\n<p style=\"text-align: justify\">&#8211;Es decir.<\/p>\n<p style=\"text-align: justify\"><em><strong>&#8211;Eso: que no \u00abandan finos\u00bb&#8230; A pesar del p\u00fablico\u00a0 que tienen, que juega lo suyo desde la grada.<\/strong><\/em><\/p>\n<p style=\"text-align: justify\">&#8211;Feliz domingo, Domingo\u00bb.<\/p>\n<p style=\"text-align: justify\"><strong>\u00bfQUIEN estuvo como nunca? Ayer en el estadio \u00abMetropolitano\u00bb(por \u00abEME ERRE\u00bb-\u00abHoja del Lunes, Madrid 23-Diciembre 1963):<\/strong><\/p>\n<p style=\"text-align: justify\"><strong>LA MEJOR JUGADA.-\u00abEn un c\u00f3rner botado contra el Real Betis recoge la pelota Adelardo, que tira duro, luci\u00e9ndose \u00abPEP\u00cdN\u00bb en una parada\u00a0 formidable\u00bb.<\/strong><\/p>\n<p style=\"text-align: justify\"><strong>EL MEJOR GOL.-\u00abEmpate a cero fue el resultado final. No hubo goles, pues; pero s\u00ed debi\u00f3 tener mejor suerte aquel gran disparo de LU\u00cdS, mediado el segundo tiempo, que no fue gol por verdadero milagro\u00bb.<\/strong><\/p>\n<p style=\"text-align: justify\"><strong>LO MEJOR DEL EQUIPO VISITANTE.-\u00abEl sistema defensivo implantado por el Real Betis Balompi\u00e9 fue un aut\u00e9ntico valladar, incrustados BOSCH y LASA entre la defensa, taparon los pocos huecos que hab\u00eda, resultando imposible, como as\u00ed fue, perforar la meta defendida por \u00abPEP\u00cdN\u00bb.<\/strong><\/p>\n<p style=\"text-align: justify\"><a href=\"https:\/\/www.manquepierda.com\/historiarealbetis\/45785-1963-diciembre-22-primera-club-atletico-madrid-0-real-betis-balompie-0-52aniversario\/19631223hdlmadrid\/\" rel=\"attachment wp-att-45799\"><img data-recalc-dims=\"1\" loading=\"lazy\" decoding=\"async\" class=\"aligncenter size-medium wp-image-45799\" src=\"https:\/\/i0.wp.com\/www.manquepierda.com\/historiarealbetis\/files\/2015\/12\/19631223HDLMADRID.jpg?resize=680%2C438&#038;ssl=1\" alt=\"19631223HDLMADRID\" width=\"680\" height=\"438\" srcset=\"https:\/\/i0.wp.com\/www.manquepierda.com\/historiarealbetis\/files\/2015\/12\/19631223HDLMADRID.jpg?resize=680%2C438&amp;ssl=1 680w, https:\/\/i0.wp.com\/www.manquepierda.com\/historiarealbetis\/files\/2015\/12\/19631223HDLMADRID.jpg?resize=220%2C142&amp;ssl=1 220w, https:\/\/i0.wp.com\/www.manquepierda.com\/historiarealbetis\/files\/2015\/12\/19631223HDLMADRID.jpg?resize=768%2C494&amp;ssl=1 768w, https:\/\/i0.wp.com\/www.manquepierda.com\/historiarealbetis\/files\/2015\/12\/19631223HDLMADRID.jpg?resize=960%2C618&amp;ssl=1 960w, https:\/\/i0.wp.com\/www.manquepierda.com\/historiarealbetis\/files\/2015\/12\/19631223HDLMADRID.jpg?w=1080&amp;ssl=1 1080w\" sizes=\"auto, (max-width: 680px) 100vw, 680px\" \/><\/a><strong>\u00abNi aqu\u00ed fue gol. Ni aqu\u00ed se movi\u00f3 la \u00abequis\u00bb del partido del \u00abMetropolitano\u00bb, cuando, m\u00e1s que nunca, la parroquia atl\u00e9tica anhelaba el \u00abgol en fr\u00edo\u00bb&#8211;seis bajo cero al final&#8211;, que hubiera valido otro punto para los blanquirojos. <em>ESTA VEZ PRODIGIOSAMENTE \u00abPEP\u00cdN\u00bb EL ENCARGADO de que se muriera de inactividad el hombre del marcador\u00bb.-<\/em>Foto Europa Press.<\/strong><\/p>\n<p style=\"text-align: center\"><em><strong>Guardameta:<\/strong><\/em><\/p>\n<p style=\"text-align: center\"><a href=\"https:\/\/www.manquepierda.com\/historiarealbetis\/45785-1963-diciembre-22-primera-club-atletico-madrid-0-real-betis-balompie-0-52aniversario\/pepin-17\/\" rel=\"attachment wp-att-45800\"><img data-recalc-dims=\"1\" loading=\"lazy\" decoding=\"async\" class=\"aligncenter size-thumbnail wp-image-45800\" src=\"https:\/\/i0.wp.com\/www.manquepierda.com\/historiarealbetis\/files\/2015\/12\/Pep%C3%ADn-1.jpg?resize=220%2C147&#038;ssl=1\" alt=\"Pep\u00edn\" width=\"220\" height=\"147\" srcset=\"https:\/\/i0.wp.com\/www.manquepierda.com\/historiarealbetis\/files\/2015\/12\/Pep%C3%ADn-1.jpg?resize=220%2C147&amp;ssl=1 220w, https:\/\/i0.wp.com\/www.manquepierda.com\/historiarealbetis\/files\/2015\/12\/Pep%C3%ADn-1.jpg?w=420&amp;ssl=1 420w\" sizes=\"auto, (max-width: 220px) 100vw, 220px\" \/><\/a><em><strong>1-Jos\u00e9 Casas Gris (a) \u00abPEP\u00cdN\u00bb (35 a\u00f1os+1 mes+6 d\u00edas)-Natural de Valencia.<\/strong><\/em><\/p>\n<p style=\"text-align: center\"><strong>Defensas:<\/strong><\/p>\n<p style=\"text-align: justify\"><em><strong>2-Lateral diestro-Julio Santaella Ben\u00edtez (a) \u00abCOLO\u00bb (27 a\u00f1os cumplidos hoy)-Natural de Santa Cruz (Tenerife).-5-Central-Eusebio R\u00cdOS Fern\u00e1ndez (30 a\u00f1os+9 meses menos 8 d\u00edas)-Natural de Portugalete (Vizcaya).-3-Lateral zurdo-Francisco GRAU Pla (30 a\u00f1os menos 1 d\u00eda)-Natural de La Garriga (Barcelona).<\/strong><\/em><\/p>\n<p style=\"text-align: center\"><em><strong>Medios:<\/strong><\/em><\/p>\n<p style=\"text-align: justify\"><em><strong>4-Diestro-Jos\u00e9 Mar\u00eda Garc\u00eda MONTANER (28 a\u00f1os+2 meses menos 5 d\u00edas)-Natural de Ayora (Valencia).-6-Zurdo-Jos\u00e9 Miguel MART\u00cdNEZ Febrer (26 a\u00f1os+8 meses+5 d\u00edas)-Natural de Barcelona.<\/strong><\/em><\/p>\n<p style=\"text-align: center\"><em><strong>Delanteros:<\/strong><\/em><\/p>\n<p style=\"text-align: justify\"><em><strong>7-Extremo diestro-Le\u00f3n LASA M\u00fajica (32 a\u00f1os+10 meses+5 d\u00edas)-Natural de Beasa\u00edn (Guip\u00fazcoa).-8-Interior diestro-Jos\u00e9 LU\u00cdS Aragon\u00e9s Su\u00e1rez-Mart\u00ednez (27 a\u00f1os+5 meses menos 6 d\u00edas)-Natural de Hortaleza (Madrid).-9-Centro Delantero-Ariete-Fernando ANSOLA Sanmart\u00edn (25 a\u00f1os+11 meses menos 5 d\u00edas)-Natural de Elgoibar (Guip\u00fazcoa).-10-Interior zurdo-Andr\u00e9s BOSCH Pujol (34 a\u00f1os+8 meses)-Natural barrio \u00abPoble Neu\u00bb (Barcelona).-11-Extremo zurdo-Andr\u00e9s MOLINA Soler (25 a\u00f1os+9 meses+8 d\u00edas)-Natural de Elx (Alicante).<\/strong><\/em><\/p>\n<p style=\"text-align: center\"><a href=\"https:\/\/www.manquepierda.com\/historiarealbetis\/45785-1963-diciembre-22-primera-club-atletico-madrid-0-real-betis-balompie-0-52aniversario\/epto-hdlm19631223\/\" rel=\"attachment wp-att-45801\"><img data-recalc-dims=\"1\" loading=\"lazy\" decoding=\"async\" class=\"aligncenter size-medium wp-image-45801\" src=\"https:\/\/i0.wp.com\/www.manquepierda.com\/historiarealbetis\/files\/2015\/12\/EPTO-HdlM19631223.jpg?resize=669%2C600&#038;ssl=1\" alt=\"EPTO-HdlM19631223\" width=\"669\" height=\"600\" srcset=\"https:\/\/i0.wp.com\/www.manquepierda.com\/historiarealbetis\/files\/2015\/12\/EPTO-HdlM19631223.jpg?resize=669%2C600&amp;ssl=1 669w, https:\/\/i0.wp.com\/www.manquepierda.com\/historiarealbetis\/files\/2015\/12\/EPTO-HdlM19631223.jpg?resize=220%2C197&amp;ssl=1 220w, https:\/\/i0.wp.com\/www.manquepierda.com\/historiarealbetis\/files\/2015\/12\/EPTO-HdlM19631223.jpg?resize=768%2C689&amp;ssl=1 768w, https:\/\/i0.wp.com\/www.manquepierda.com\/historiarealbetis\/files\/2015\/12\/EPTO-HdlM19631223.jpg?resize=781%2C700&amp;ssl=1 781w, https:\/\/i0.wp.com\/www.manquepierda.com\/historiarealbetis\/files\/2015\/12\/EPTO-HdlM19631223.jpg?w=832&amp;ssl=1 832w\" sizes=\"auto, (max-width: 669px) 100vw, 669px\" \/><\/a>HOJA DEL LUNES-MADRID 23-DICIEMBRE 1965.<\/p>\n","protected":false},"excerpt":{"rendered":"<p>33\u00aaEDICI\u00d3N CAMPEONATO NACIONAL LIGA PRIMERA DIVISI\u00d3N-TEMPORADA 1963-1964 (Desde domingo 15 de Septiembre de 1963 hasta el domingo 26 de Abril de 1964; ambos inclusive). 1963-DICIEMBRE 22-DOMINGO 16&#8217;30 HORAS-MADRID-\u00abESTADIO METROPOLITANO-13\u00aa JORNADA. \u00abPor la calidad del encuentro, de gran emoci\u00f3n, como se supon\u00eda, hubo una gran entrada, con un terreno blando, en una tarde clara, pero fr\u00eda,&#8230;<\/p>\n","protected":false},"author":48,"featured_media":45799,"comment_status":"open","ping_status":"open","sticky":false,"template":"","format":"standard","meta":{"_kad_post_transparent":"","_kad_post_title":"","_kad_post_layout":"","_kad_post_sidebar_id":"","_kad_post_content_style":"","_kad_post_vertical_padding":"","_kad_post_feature":"","_kad_post_feature_position":"","_kad_post_header":false,"_kad_post_footer":false,"_kad_post_classname":"","_jetpack_memberships_contains_paid_content":false,"footnotes":"","jetpack_publicize_message":"","jetpack_publicize_feature_enabled":true,"jetpack_social_post_already_shared":true,"jetpack_social_options":{"image_generator_settings":{"template":"highway","default_image_id":0,"font":"","enabled":false},"version":2}},"categories":[902,1],"tags":[4281,5078,13849,17829],"class_list":["post-45785","post","type-post","status-publish","format-standard","has-post-thumbnail","hentry","category-1960-1969","category-portada","tag-4281","tag-1963-64","tag-club-atletico-de-madrid","tag-liga-primera-1963-64"],"jetpack_publicize_connections":[],"jetpack_featured_media_url":"https:\/\/i0.wp.com\/www.manquepierda.com\/historiarealbetis\/files\/2015\/12\/19631223HDLMADRID.jpg?fit=1080%2C695&ssl=1","jetpack_sharing_enabled":true,"jetpack_shortlink":"https:\/\/wp.me\/p1ij08-bUt","jetpack-related-posts":[],"_links":{"self":[{"href":"https:\/\/www.manquepierda.com\/historiarealbetis\/wp-json\/wp\/v2\/posts\/45785","targetHints":{"allow":["GET"]}}],"collection":[{"href":"https:\/\/www.manquepierda.com\/historiarealbetis\/wp-json\/wp\/v2\/posts"}],"about":[{"href":"https:\/\/www.manquepierda.com\/historiarealbetis\/wp-json\/wp\/v2\/types\/post"}],"author":[{"embeddable":true,"href":"https:\/\/www.manquepierda.com\/historiarealbetis\/wp-json\/wp\/v2\/users\/48"}],"replies":[{"embeddable":true,"href":"https:\/\/www.manquepierda.com\/historiarealbetis\/wp-json\/wp\/v2\/comments?post=45785"}],"version-history":[{"count":1,"href":"https:\/\/www.manquepierda.com\/historiarealbetis\/wp-json\/wp\/v2\/posts\/45785\/revisions"}],"predecessor-version":[{"id":98352,"href":"https:\/\/www.manquepierda.com\/historiarealbetis\/wp-json\/wp\/v2\/posts\/45785\/revisions\/98352"}],"wp:featuredmedia":[{"embeddable":true,"href":"https:\/\/www.manquepierda.com\/historiarealbetis\/wp-json\/wp\/v2\/media\/45799"}],"wp:attachment":[{"href":"https:\/\/www.manquepierda.com\/historiarealbetis\/wp-json\/wp\/v2\/media?parent=45785"}],"wp:term":[{"taxonomy":"category","embeddable":true,"href":"https:\/\/www.manquepierda.com\/historiarealbetis\/wp-json\/wp\/v2\/categories?post=45785"},{"taxonomy":"post_tag","embeddable":true,"href":"https:\/\/www.manquepierda.com\/historiarealbetis\/wp-json\/wp\/v2\/tags?post=45785"}],"curies":[{"name":"wp","href":"https:\/\/api.w.org\/{rel}","templated":true}]}}