{"id":45871,"date":"2015-12-24T07:50:46","date_gmt":"2015-12-24T06:50:46","guid":{"rendered":"http:\/\/www.manquepierda.com\/historiarealbetis\/?p=45871"},"modified":"2024-12-26T18:37:18","modified_gmt":"2024-12-26T17:37:18","slug":"aficionados-beticos-en-el-sanchez-pizjuan-1996","status":"publish","type":"post","link":"https:\/\/www.manquepierda.com\/historiarealbetis\/aficionados-beticos-en-el-sanchez-pizjuan-1996\/","title":{"rendered":"Aficionados b\u00e9ticos en el S\u00e1nchez Pizju\u00e1n 1996"},"content":{"rendered":"<p><a href=\"https:\/\/i0.wp.com\/www.manquepierda.com\/historiarealbetis\/files\/2015\/12\/Aficionados-b%C3%A9ticos-en-el-Pizju%C3%A1n-1996.jpg?ssl=1\" rel=\"attachment wp-att-45872\"><img data-recalc-dims=\"1\" loading=\"lazy\" decoding=\"async\" class=\"aligncenter size-medium wp-image-45872\" src=\"https:\/\/i0.wp.com\/www.manquepierda.com\/historiarealbetis\/files\/2015\/12\/Aficionados-b%C3%A9ticos-en-el-Pizju%C3%A1n-1996.jpg?resize=680%2C400&#038;ssl=1\" alt=\"Aficionados b\u00e9ticos en el Pizju\u00e1n 1996\" width=\"680\" height=\"400\" srcset=\"https:\/\/i0.wp.com\/www.manquepierda.com\/historiarealbetis\/files\/2015\/12\/Aficionados-b%C3%A9ticos-en-el-Pizju%C3%A1n-1996.jpg?resize=680%2C400&amp;ssl=1 680w, https:\/\/i0.wp.com\/www.manquepierda.com\/historiarealbetis\/files\/2015\/12\/Aficionados-b%C3%A9ticos-en-el-Pizju%C3%A1n-1996.jpg?resize=220%2C129&amp;ssl=1 220w, https:\/\/i0.wp.com\/www.manquepierda.com\/historiarealbetis\/files\/2015\/12\/Aficionados-b%C3%A9ticos-en-el-Pizju%C3%A1n-1996.jpg?resize=768%2C452&amp;ssl=1 768w, https:\/\/i0.wp.com\/www.manquepierda.com\/historiarealbetis\/files\/2015\/12\/Aficionados-b%C3%A9ticos-en-el-Pizju%C3%A1n-1996.jpg?w=772&amp;ssl=1 772w\" sizes=\"auto, (max-width: 680px) 100vw, 680px\" \/><\/a><\/p>\n<p>22 de diciembre de 1996 Sevilla 0 \u00a0Betis 3.<\/p>\n<p>En la imagen aficionados b\u00e9ticos, ataviados con trajes de Papa Noel verdiblancos, celebran la aplastante victoria b\u00e9tica en casa del eterno rival.<\/p>\n<p>Con tantos de Alexis, Alfonso y Ol\u00edas el Betis se impuso con facilidad, en una temporada en la que estaban muy marcadas las diferencias entre uno y otro club, como la prensa reflej\u00f3 al d\u00eda siguiente.<\/p>\n<p><a href=\"https:\/\/i0.wp.com\/www.manquepierda.com\/historiarealbetis\/files\/2015\/12\/n_betis_17_sevilla_vs_betis-825592.jpg?ssl=1\" rel=\"attachment wp-att-45873\"><img data-recalc-dims=\"1\" loading=\"lazy\" decoding=\"async\" class=\"aligncenter size-full wp-image-45873\" src=\"https:\/\/i0.wp.com\/www.manquepierda.com\/historiarealbetis\/files\/2015\/12\/n_betis_17_sevilla_vs_betis-825592.jpg?resize=400%2C496&#038;ssl=1\" alt=\"n_betis_17_sevilla_vs_betis-825592\" width=\"400\" height=\"496\" srcset=\"https:\/\/i0.wp.com\/www.manquepierda.com\/historiarealbetis\/files\/2015\/12\/n_betis_17_sevilla_vs_betis-825592.jpg?w=400&amp;ssl=1 400w, https:\/\/i0.wp.com\/www.manquepierda.com\/historiarealbetis\/files\/2015\/12\/n_betis_17_sevilla_vs_betis-825592.jpg?resize=177%2C220&amp;ssl=1 177w\" sizes=\"auto, (max-width: 400px) 100vw, 400px\" \/><\/a><\/p>\n","protected":false},"excerpt":{"rendered":"<p>22 de diciembre de 1996 Sevilla 0 \u00a0Betis 3. En la imagen aficionados b\u00e9ticos, ataviados con trajes de Papa Noel verdiblancos, celebran la aplastante victoria b\u00e9tica en casa del eterno rival. Con tantos de Alexis, Alfonso y Ol\u00edas el Betis se impuso con facilidad, en una temporada en la que estaban muy marcadas las diferencias&#8230;<\/p>\n","protected":false},"author":5,"featured_media":45872,"comment_status":"open","ping_status":"open","sticky":false,"template":"","format":"standard","meta":{"_kad_post_transparent":"","_kad_post_title":"","_kad_post_layout":"","_kad_post_sidebar_id":"","_kad_post_content_style":"","_kad_post_vertical_padding":"","_kad_post_feature":"","_kad_post_feature_position":"","_kad_post_header":false,"_kad_post_footer":false,"_kad_post_classname":"","_jetpack_memberships_contains_paid_content":false,"footnotes":"","jetpack_publicize_message":"","jetpack_publicize_feature_enabled":true,"jetpack_social_post_already_shared":true,"jetpack_social_options":{"image_generator_settings":{"template":"highway","default_image_id":0,"font":"","enabled":false},"version":2}},"categories":[905,894,1],"tags":[3291,2478,1532,17853],"class_list":["post-45871","post","type-post","status-publish","format-standard","has-post-thumbnail","hentry","category-1990-1999","category-la-aficion","category-portada","tag-3291","tag-1996-97","tag-estadio-sanchez-pizjuan","tag-liga-primera-1996-97"],"jetpack_publicize_connections":[],"jetpack_featured_media_url":"https:\/\/i0.wp.com\/www.manquepierda.com\/historiarealbetis\/files\/2015\/12\/Aficionados-b%C3%A9ticos-en-el-Pizju%C3%A1n-1996.jpg?fit=772%2C454&ssl=1","jetpack_sharing_enabled":true,"jetpack_shortlink":"https:\/\/wp.me\/p1ij08-bVR","jetpack-related-posts":[],"_links":{"self":[{"href":"https:\/\/www.manquepierda.com\/historiarealbetis\/wp-json\/wp\/v2\/posts\/45871","targetHints":{"allow":["GET"]}}],"collection":[{"href":"https:\/\/www.manquepierda.com\/historiarealbetis\/wp-json\/wp\/v2\/posts"}],"about":[{"href":"https:\/\/www.manquepierda.com\/historiarealbetis\/wp-json\/wp\/v2\/types\/post"}],"author":[{"embeddable":true,"href":"https:\/\/www.manquepierda.com\/historiarealbetis\/wp-json\/wp\/v2\/users\/5"}],"replies":[{"embeddable":true,"href":"https:\/\/www.manquepierda.com\/historiarealbetis\/wp-json\/wp\/v2\/comments?post=45871"}],"version-history":[{"count":1,"href":"https:\/\/www.manquepierda.com\/historiarealbetis\/wp-json\/wp\/v2\/posts\/45871\/revisions"}],"predecessor-version":[{"id":101527,"href":"https:\/\/www.manquepierda.com\/historiarealbetis\/wp-json\/wp\/v2\/posts\/45871\/revisions\/101527"}],"wp:featuredmedia":[{"embeddable":true,"href":"https:\/\/www.manquepierda.com\/historiarealbetis\/wp-json\/wp\/v2\/media\/45872"}],"wp:attachment":[{"href":"https:\/\/www.manquepierda.com\/historiarealbetis\/wp-json\/wp\/v2\/media?parent=45871"}],"wp:term":[{"taxonomy":"category","embeddable":true,"href":"https:\/\/www.manquepierda.com\/historiarealbetis\/wp-json\/wp\/v2\/categories?post=45871"},{"taxonomy":"post_tag","embeddable":true,"href":"https:\/\/www.manquepierda.com\/historiarealbetis\/wp-json\/wp\/v2\/tags?post=45871"}],"curies":[{"name":"wp","href":"https:\/\/api.w.org\/{rel}","templated":true}]}}