{"id":45958,"date":"2015-12-28T07:32:37","date_gmt":"2015-12-28T06:32:37","guid":{"rendered":"http:\/\/www.manquepierda.com\/historiarealbetis\/?p=45958"},"modified":"2024-12-26T18:29:18","modified_gmt":"2024-12-26T17:29:18","slug":"entrevista-alfonso-munoz-1997","status":"publish","type":"post","link":"https:\/\/www.manquepierda.com\/historiarealbetis\/entrevista-alfonso-munoz-1997\/","title":{"rendered":"Entrevista Alfonso P\u00e9rez 1997"},"content":{"rendered":"<p><a href=\"https:\/\/i0.wp.com\/www.manquepierda.com\/historiarealbetis\/files\/2015\/12\/Entrevista-Alfonso-P%C3%A9rez-.jpg?ssl=1\" rel=\"attachment wp-att-45959\"><img data-recalc-dims=\"1\" loading=\"lazy\" decoding=\"async\" class=\"aligncenter size-medium wp-image-45959\" src=\"https:\/\/i0.wp.com\/www.manquepierda.com\/historiarealbetis\/files\/2015\/12\/Entrevista-Alfonso-P%C3%A9rez-.jpg?resize=295%2C600&#038;ssl=1\" alt=\"Entrevista Alfonso P\u00e9rez\" width=\"295\" height=\"600\" srcset=\"https:\/\/i0.wp.com\/www.manquepierda.com\/historiarealbetis\/files\/2015\/12\/Entrevista-Alfonso-P%C3%A9rez-.jpg?resize=295%2C600&amp;ssl=1 295w, https:\/\/i0.wp.com\/www.manquepierda.com\/historiarealbetis\/files\/2015\/12\/Entrevista-Alfonso-P%C3%A9rez-.jpg?resize=108%2C220&amp;ssl=1 108w, https:\/\/i0.wp.com\/www.manquepierda.com\/historiarealbetis\/files\/2015\/12\/Entrevista-Alfonso-P%C3%A9rez-.jpg?w=335&amp;ssl=1 335w\" sizes=\"auto, (max-width: 295px) 100vw, 295px\" \/><\/a><\/p>\n<p>En marzo de 1997 Alfonso P\u00e9rez Mu\u00f1oz era el m\u00e1ximo \u00eddolo de la afici\u00f3n b\u00e9tica. En su seguna temporada con la camiseta verdiblanca Alfonso explot\u00f3 definitivamente, convirti\u00e9ndose en la pieza m\u00e1s importante del conjunto que adiestraba Lorenzo Serra Ferrer.<\/p>\n<p>En los 6 partidos disputados anteriormente a esta entrevista Alfonso consigui\u00f3 10 tantos, situ\u00e1ndose tan solo a un gol del Pichichi del campeonato, el barcelonista Ronaldo.<\/p>\n<p>&nbsp;<\/p>\n<p><span style=\"color: #008000\"><em>Si no fuera una irreverencia, los b\u00e9ticos pedir\u00edan la presencia de Alfonso a lomos de j\u00f3venes costaleros en alguna de las procesiones de la Semana Santa sevillana. El fervor popular se est\u00e1 transformando en veneraci\u00f3n hacia su figura, al punto que, seg\u00fan aseguran, algunos llegan a postrarse de hinojos ante su paso.<\/em><\/span><\/p>\n<ul>\n<li><span style=\"color: #008000\"><em>Dicen que Donmanu\u00e9 ha pedido una medalla de usted para llevarla junto a la de Jes\u00fas del Gran Poder\u2026<\/em><\/span><\/li>\n<li><span style=\"color: #008000\"><em>No me juegue con esas cosas porque yo soy muy respetuoso con ellas<\/em><\/span><\/li>\n<li><span style=\"color: #008000\"><em>No me sorprende. Las estad\u00edsticas dicen que el 85% de la juventud cree en Dios<\/em><\/span><\/li>\n<li><span style=\"color: #008000\"><em>Yo soy muy creyente<\/em><\/span><\/li>\n<li><span style=\"color: #008000\"><em>\u00bfLe reza a Jes\u00fas del Gran Poder?<\/em><\/span><\/li>\n<li><span style=\"color: #008000\"><em>No, pero me impresiona mucho despu\u00e9s de una historia que me contaron<\/em><\/span><\/li>\n<li><span style=\"color: #008000\"><em>Fue ello que\u2026<\/em><\/span><\/li>\n<li><span style=\"color: #008000\"><em>Un lugare\u00f1o especialmente devoto reneg\u00f3 del Cristo porque no hab\u00eda atendido sus s\u00faplicas para que su hijo no muriera. Cont\u00f3 que, entonces, Jes\u00fas le habl\u00f3: \u201cSer\u00e9 yo, entonces, quien venga a verte a ti\u201d. Pasado un tiempo, en una procesi\u00f3n, hubo de protegerse al Cristo de un terrible aguacero en una casa pr\u00f3xima. Era la de aquel renegado<\/em><\/span><\/li>\n<li><span style=\"color: #008000\"><em>\u00bfEn qu\u00e9 m\u00e1s cree?<\/em><\/span><\/li>\n<li><span style=\"color: #008000\"><em>En que hay otra vida lejos de la tierra. Me apasionan esos temas<\/em><\/span><\/li>\n<li><span style=\"color: #008000\"><em>Imag\u00ednese que un d\u00eda se le aparece ET<\/em><\/span><\/li>\n<li><span style=\"color: #008000\"><em>Le preguntar\u00eda si ha encontrado su casa<\/em><\/span><\/li>\n<li><span style=\"color: #008000\"><em>\u00bfEl Betis es una religi\u00f3n?<\/em><\/span><\/li>\n<li><span style=\"color: #008000\"><em>Es una devoci\u00f3n<\/em><\/span><\/li>\n<li><span style=\"color: #008000\"><em>\u00bfY Triana?<\/em><\/span><\/li>\n<li><span style=\"color: #008000\"><em>Es el term\u00f3metro que marca el ambiente de Sevilla<\/em><\/span><\/li>\n<li><span style=\"color: #008000\"><em>\u00bfA qu\u00e9 huele el azahar?<\/em><\/span><\/li>\n<li><span style=\"color: #008000\"><em>A primavera<\/em><\/span><\/li>\n<li><span style=\"color: #008000\"><em>\u00bfY usted, a qu\u00e9 huele?<\/em><\/span><\/li>\n<li><span style=\"color: #008000\"><em>Imagino que a Loewe, que es la colonia que uso<\/em><\/span><\/li>\n<li><span style=\"color: #008000\"><em>\u00bfLe parece bonito eso de matar animales?<\/em><\/span><\/li>\n<li><span style=\"color: #008000\"><em>Yo cazo animales de f\u00e1cil reproducci\u00f3n, pero los amo. Jam\u00e1s vestir\u00eda ropa de pieles<\/em><\/span><\/li>\n<li><span style=\"color: #008000\"><em>\u00bfCree usted que vale diez millones de d\u00f3lares?<\/em><\/span><\/li>\n<li><span style=\"color: #008000\"><em>Yo s\u00f3lo valgo lo que valgo como persona<\/em><\/span><\/li>\n<li><span style=\"color: #008000\"><em>\u00bfQu\u00e9 piensa cuando oye aquello de que futbolista con padre no puede triunfar?<\/em><\/span><\/li>\n<li><span style=\"color: #008000\"><em>Que algunos dirigentes buscan disculpas. El padre es el que mejor mira por su hijo<\/em><\/span><\/li>\n<li><span style=\"color: #008000\"><em>Dicen que ahora algunos presidentes se lo est\u00e1n llevando crudo en los fichajes\u2026<\/em><\/span><\/li>\n<li><span style=\"color: #008000\"><em>Puedo asegurar que en el m\u00edo no<\/em><\/span><\/li>\n<li><span style=\"color: #008000\"><em>\u00bfSe siente el eslab\u00f3n perdido entre el mito de Butrague\u00f1o y el talento de Ra\u00fal?<\/em><\/span><\/li>\n<li><span style=\"color: #008000\"><em>Siento que Emilio ha hecho historia y que Ra\u00fal es un estandarte. Y los dos son mis mejores amigos<\/em><\/span><\/li>\n<li><span style=\"color: #008000\"><em>\u00bfEl olvido es la mejor venganza?<\/em><\/span><\/li>\n<li><span style=\"color: #008000\"><em>No siento ese deseo<\/em><\/span><\/li>\n<li><span style=\"color: #008000\"><em>\u00bfQu\u00e9 har\u00eda si ma\u00f1ana le inventaran un romance con la Mazagatos?<\/em><\/span><\/li>\n<li><span style=\"color: #008000\"><em>Pido por anticipado un poco m\u00e1s de seriedad<\/em><\/span><\/li>\n<li><span style=\"color: #008000\"><em>Si tuviera que perderse 15 d\u00edas\u2026<\/em><\/span><\/li>\n<li><span style=\"color: #008000\"><em>No saldr\u00eda de Espa\u00f1a. Tenemos rincones preciosos<\/em><\/span><\/li>\n<li><span style=\"color: #008000\"><em>\u00bfInvierte en acciones de Telef\u00f3nica o de Adolfo Dom\u00ednguez?<\/em><\/span><\/li>\n<li><span style=\"color: #008000\"><em>Invierto en el sector inmobiliario, y la ropa que me gusta es la de Hugo Boss<\/em><\/span><\/li>\n<li><span style=\"color: #008000\"><em>Aclare a los malintencionados que el color de sus botas no significa aquello<\/em><\/span><\/li>\n<li><span style=\"color: #008000\"><em>Aclaro que las quer\u00eda verdes, precisamente para que fueran a tono con los colores del Betis \u00a0<\/em><\/span><\/li>\n<\/ul>\n","protected":false},"excerpt":{"rendered":"<p>En marzo de 1997 Alfonso P\u00e9rez Mu\u00f1oz era el m\u00e1ximo \u00eddolo de la afici\u00f3n b\u00e9tica. En su seguna temporada con la camiseta verdiblanca Alfonso explot\u00f3 definitivamente, convirti\u00e9ndose en la pieza m\u00e1s importante del conjunto que adiestraba Lorenzo Serra Ferrer. En los 6 partidos disputados anteriormente a esta entrevista Alfonso consigui\u00f3 10 tantos, situ\u00e1ndose tan solo&#8230;<\/p>\n","protected":false},"author":5,"featured_media":45959,"comment_status":"open","ping_status":"open","sticky":false,"template":"","format":"standard","meta":{"_kad_post_transparent":"","_kad_post_title":"","_kad_post_layout":"","_kad_post_sidebar_id":"","_kad_post_content_style":"","_kad_post_vertical_padding":"","_kad_post_feature":"","_kad_post_feature_position":"","_kad_post_header":false,"_kad_post_footer":false,"_kad_post_classname":"","_jetpack_memberships_contains_paid_content":false,"footnotes":"","jetpack_publicize_message":"","jetpack_publicize_feature_enabled":true,"jetpack_social_post_already_shared":true,"jetpack_social_options":{"image_generator_settings":{"template":"highway","default_image_id":0,"font":"","enabled":false},"version":2}},"categories":[905,893,1],"tags":[2478,1068,1441],"class_list":["post-45958","post","type-post","status-publish","format-standard","has-post-thumbnail","hentry","category-1990-1999","category-jugadores-temas","category-portada","tag-1996-97","tag-1068","tag-alfonso-perez"],"jetpack_publicize_connections":[],"jetpack_featured_media_url":"https:\/\/i0.wp.com\/www.manquepierda.com\/historiarealbetis\/files\/2015\/12\/Entrevista-Alfonso-P%C3%A9rez-.jpg?fit=335%2C682&ssl=1","jetpack_sharing_enabled":true,"jetpack_shortlink":"https:\/\/wp.me\/p1ij08-bXg","jetpack-related-posts":[],"_links":{"self":[{"href":"https:\/\/www.manquepierda.com\/historiarealbetis\/wp-json\/wp\/v2\/posts\/45958","targetHints":{"allow":["GET"]}}],"collection":[{"href":"https:\/\/www.manquepierda.com\/historiarealbetis\/wp-json\/wp\/v2\/posts"}],"about":[{"href":"https:\/\/www.manquepierda.com\/historiarealbetis\/wp-json\/wp\/v2\/types\/post"}],"author":[{"embeddable":true,"href":"https:\/\/www.manquepierda.com\/historiarealbetis\/wp-json\/wp\/v2\/users\/5"}],"replies":[{"embeddable":true,"href":"https:\/\/www.manquepierda.com\/historiarealbetis\/wp-json\/wp\/v2\/comments?post=45958"}],"version-history":[{"count":1,"href":"https:\/\/www.manquepierda.com\/historiarealbetis\/wp-json\/wp\/v2\/posts\/45958\/revisions"}],"predecessor-version":[{"id":101520,"href":"https:\/\/www.manquepierda.com\/historiarealbetis\/wp-json\/wp\/v2\/posts\/45958\/revisions\/101520"}],"wp:featuredmedia":[{"embeddable":true,"href":"https:\/\/www.manquepierda.com\/historiarealbetis\/wp-json\/wp\/v2\/media\/45959"}],"wp:attachment":[{"href":"https:\/\/www.manquepierda.com\/historiarealbetis\/wp-json\/wp\/v2\/media?parent=45958"}],"wp:term":[{"taxonomy":"category","embeddable":true,"href":"https:\/\/www.manquepierda.com\/historiarealbetis\/wp-json\/wp\/v2\/categories?post=45958"},{"taxonomy":"post_tag","embeddable":true,"href":"https:\/\/www.manquepierda.com\/historiarealbetis\/wp-json\/wp\/v2\/tags?post=45958"}],"curies":[{"name":"wp","href":"https:\/\/api.w.org\/{rel}","templated":true}]}}