{"id":45990,"date":"2016-01-01T10:31:45","date_gmt":"2016-01-01T09:31:45","guid":{"rendered":"http:\/\/www.manquepierda.com\/historiarealbetis\/?p=45990"},"modified":"2024-08-12T12:37:22","modified_gmt":"2024-08-12T10:37:22","slug":"betis-eibar-liga-1993","status":"publish","type":"post","link":"https:\/\/www.manquepierda.com\/historiarealbetis\/betis-eibar-liga-1993\/","title":{"rendered":"Betis-Eibar Liga 1992. Saludo a Jerez"},"content":{"rendered":"<p><a href=\"https:\/\/i0.wp.com\/www.manquepierda.com\/historiarealbetis\/files\/2015\/12\/Betis-Eibar-Liga-1992-Saludo-de-la-afici%C3%B3n-b%C3%A9tica-a-Jerez-y-su-alcalde-Pedro-Pacheco-Diario-16-30-3-1992.jpg?ssl=1\" rel=\"attachment wp-att-45991\"><img data-recalc-dims=\"1\" loading=\"lazy\" decoding=\"async\" class=\"aligncenter size-medium wp-image-45991\" src=\"https:\/\/i0.wp.com\/www.manquepierda.com\/historiarealbetis\/files\/2015\/12\/Betis-Eibar-Liga-1992-Saludo-de-la-afici%C3%B3n-b%C3%A9tica-a-Jerez-y-su-alcalde-Pedro-Pacheco-Diario-16-30-3-1992.jpg?resize=680%2C449&#038;ssl=1\" alt=\"Betis-Eibar Liga 1992 Saludo de la afici\u00f3n b\u00e9tica a Jerez y su alcalde Pedro Pacheco Diario 16 30-3-1992\" width=\"680\" height=\"449\" srcset=\"https:\/\/i0.wp.com\/www.manquepierda.com\/historiarealbetis\/files\/2015\/12\/Betis-Eibar-Liga-1992-Saludo-de-la-afici%C3%B3n-b%C3%A9tica-a-Jerez-y-su-alcalde-Pedro-Pacheco-Diario-16-30-3-1992.jpg?resize=680%2C449&amp;ssl=1 680w, https:\/\/i0.wp.com\/www.manquepierda.com\/historiarealbetis\/files\/2015\/12\/Betis-Eibar-Liga-1992-Saludo-de-la-afici%C3%B3n-b%C3%A9tica-a-Jerez-y-su-alcalde-Pedro-Pacheco-Diario-16-30-3-1992.jpg?resize=220%2C145&amp;ssl=1 220w, https:\/\/i0.wp.com\/www.manquepierda.com\/historiarealbetis\/files\/2015\/12\/Betis-Eibar-Liga-1992-Saludo-de-la-afici%C3%B3n-b%C3%A9tica-a-Jerez-y-su-alcalde-Pedro-Pacheco-Diario-16-30-3-1992.jpg?resize=768%2C507&amp;ssl=1 768w, https:\/\/i0.wp.com\/www.manquepierda.com\/historiarealbetis\/files\/2015\/12\/Betis-Eibar-Liga-1992-Saludo-de-la-afici%C3%B3n-b%C3%A9tica-a-Jerez-y-su-alcalde-Pedro-Pacheco-Diario-16-30-3-1992.jpg?w=821&amp;ssl=1 821w\" sizes=\"auto, (max-width: 680px) 100vw, 680px\" \/><\/a><\/p>\n<p>29 de marzo de 1992 en el Estadio Municipal de Chap\u00edn Betis 2 Eibar 1; jornada 30 del Campeonato de Liga de Segunda Divisi\u00f3n.<\/p>\n<p>En la imagen una pancarta de saludo de la afici\u00f3n b\u00e9tica a Jerez y a su alcalde Pedro Pacheco, como agradecimiento a las facilidades dadas para que el club verdiblanco cumpliera el partido de sanci\u00f3n impuesto<\/p>\n<p>El Betis venci\u00f3 por 2 goles a 1, con tantos de Mel y Bilek para el Betis y Arteche para el Eibar.<\/p>\n<p>Felipe Mesones antrenaba al Betis y Miguel Echarri al Eibar.<\/p>\n","protected":false},"excerpt":{"rendered":"<p>29 de marzo de 1992 en el Estadio Municipal de Chap\u00edn Betis 2 Eibar 1; jornada 30 del Campeonato de Liga de Segunda Divisi\u00f3n. En la imagen una pancarta de saludo de la afici\u00f3n b\u00e9tica a Jerez y a su alcalde Pedro Pacheco, como agradecimiento a las facilidades dadas para que el club verdiblanco cumpliera&#8230;<\/p>\n","protected":false},"author":5,"featured_media":45991,"comment_status":"open","ping_status":"open","sticky":false,"template":"","format":"standard","meta":{"_kad_post_transparent":"","_kad_post_title":"","_kad_post_layout":"","_kad_post_sidebar_id":"","_kad_post_content_style":"","_kad_post_vertical_padding":"","_kad_post_feature":"","_kad_post_feature_position":"","_kad_post_header":false,"_kad_post_footer":false,"_kad_post_classname":"","_jetpack_memberships_contains_paid_content":false,"footnotes":"","jetpack_publicize_message":"","jetpack_publicize_feature_enabled":true,"jetpack_social_post_already_shared":true,"jetpack_social_options":{"image_generator_settings":{"template":"highway","default_image_id":0,"font":"","enabled":false},"version":2}},"categories":[905,1],"tags":[4650,5731,1602,17901,13258],"class_list":["post-45990","post","type-post","status-publish","format-standard","has-post-thumbnail","hentry","category-1990-1999","category-portada","tag-1991-92","tag-5731","tag-chapin","tag-liga-segunda-1991-92","tag-sd-eibar"],"jetpack_publicize_connections":[],"jetpack_featured_media_url":"https:\/\/i0.wp.com\/www.manquepierda.com\/historiarealbetis\/files\/2015\/12\/Betis-Eibar-Liga-1992-Saludo-de-la-afici%C3%B3n-b%C3%A9tica-a-Jerez-y-su-alcalde-Pedro-Pacheco-Diario-16-30-3-1992.jpg?fit=821%2C542&ssl=1","jetpack_sharing_enabled":true,"jetpack_shortlink":"https:\/\/wp.me\/p1ij08-bXM","jetpack-related-posts":[],"_links":{"self":[{"href":"https:\/\/www.manquepierda.com\/historiarealbetis\/wp-json\/wp\/v2\/posts\/45990","targetHints":{"allow":["GET"]}}],"collection":[{"href":"https:\/\/www.manquepierda.com\/historiarealbetis\/wp-json\/wp\/v2\/posts"}],"about":[{"href":"https:\/\/www.manquepierda.com\/historiarealbetis\/wp-json\/wp\/v2\/types\/post"}],"author":[{"embeddable":true,"href":"https:\/\/www.manquepierda.com\/historiarealbetis\/wp-json\/wp\/v2\/users\/5"}],"replies":[{"embeddable":true,"href":"https:\/\/www.manquepierda.com\/historiarealbetis\/wp-json\/wp\/v2\/comments?post=45990"}],"version-history":[{"count":1,"href":"https:\/\/www.manquepierda.com\/historiarealbetis\/wp-json\/wp\/v2\/posts\/45990\/revisions"}],"predecessor-version":[{"id":96265,"href":"https:\/\/www.manquepierda.com\/historiarealbetis\/wp-json\/wp\/v2\/posts\/45990\/revisions\/96265"}],"wp:featuredmedia":[{"embeddable":true,"href":"https:\/\/www.manquepierda.com\/historiarealbetis\/wp-json\/wp\/v2\/media\/45991"}],"wp:attachment":[{"href":"https:\/\/www.manquepierda.com\/historiarealbetis\/wp-json\/wp\/v2\/media?parent=45990"}],"wp:term":[{"taxonomy":"category","embeddable":true,"href":"https:\/\/www.manquepierda.com\/historiarealbetis\/wp-json\/wp\/v2\/categories?post=45990"},{"taxonomy":"post_tag","embeddable":true,"href":"https:\/\/www.manquepierda.com\/historiarealbetis\/wp-json\/wp\/v2\/tags?post=45990"}],"curies":[{"name":"wp","href":"https:\/\/api.w.org\/{rel}","templated":true}]}}