{"id":46002,"date":"2016-01-06T09:11:07","date_gmt":"2016-01-06T08:11:07","guid":{"rendered":"http:\/\/www.manquepierda.com\/historiarealbetis\/?p=46002"},"modified":"2024-09-01T11:30:19","modified_gmt":"2024-09-01T09:30:19","slug":"alineacion-betis-sevilla-liga-1964","status":"publish","type":"post","link":"https:\/\/www.manquepierda.com\/historiarealbetis\/alineacion-betis-sevilla-liga-1964\/","title":{"rendered":"Alineaci\u00f3n Betis-Sevilla Liga 1964"},"content":{"rendered":"<p><a href=\"https:\/\/i0.wp.com\/www.manquepierda.com\/historiarealbetis\/files\/2015\/12\/Alineaci%C3%B3n-Betis-Sevilla-Liga-1964.jpg?ssl=1\" rel=\"attachment wp-att-46003\"><img data-recalc-dims=\"1\" loading=\"lazy\" decoding=\"async\" class=\"aligncenter size-medium wp-image-46003\" src=\"https:\/\/i0.wp.com\/www.manquepierda.com\/historiarealbetis\/files\/2015\/12\/Alineaci%C3%B3n-Betis-Sevilla-Liga-1964.jpg?resize=680%2C412&#038;ssl=1\" alt=\"Alineaci\u00f3n Betis-Sevilla Liga 1964\" width=\"680\" height=\"412\" srcset=\"https:\/\/i0.wp.com\/www.manquepierda.com\/historiarealbetis\/files\/2015\/12\/Alineaci%C3%B3n-Betis-Sevilla-Liga-1964.jpg?resize=680%2C412&amp;ssl=1 680w, https:\/\/i0.wp.com\/www.manquepierda.com\/historiarealbetis\/files\/2015\/12\/Alineaci%C3%B3n-Betis-Sevilla-Liga-1964.jpg?resize=220%2C133&amp;ssl=1 220w, https:\/\/i0.wp.com\/www.manquepierda.com\/historiarealbetis\/files\/2015\/12\/Alineaci%C3%B3n-Betis-Sevilla-Liga-1964.jpg?w=686&amp;ssl=1 686w\" sizes=\"auto, (max-width: 680px) 100vw, 680px\" \/><\/a><\/p>\n<p style=\"text-align: justify\">18 de octubre de 1964 en el Benito Villamar\u00edn \u00a0Betis \u00a02 \u00a0 Sevilla 0; jornada 6 del Campeonato de Liga de Primera Divisi\u00f3n.<\/p>\n<p style=\"text-align: justify\">En la imagen arriba Pep\u00edn, Aparicio, R\u00edos, Paquito, L\u00f3pez Hidalgo y Bosch; abajo Montaner, Pallar\u00e9s, Ansola, Frasco y Molina.<\/p>\n<p>Con tantos de Pallar\u00e9s y Molina el Betis se impuso claramente al Sevilla.<\/p>\n<p>Luis Hon entrenaba al Betis y Fernando Daucick al Sevilla.<\/p>\n","protected":false},"excerpt":{"rendered":"<p>18 de octubre de 1964 en el Benito Villamar\u00edn \u00a0Betis \u00a02 \u00a0 Sevilla 0; jornada 6 del Campeonato de Liga de Primera Divisi\u00f3n. En la imagen arriba Pep\u00edn, Aparicio, R\u00edos, Paquito, L\u00f3pez Hidalgo y Bosch; abajo Montaner, Pallar\u00e9s, Ansola, Frasco y Molina. Con tantos de Pallar\u00e9s y Molina el Betis se impuso claramente al Sevilla&#8230;.<\/p>\n","protected":false},"author":5,"featured_media":46003,"comment_status":"open","ping_status":"open","sticky":false,"template":"","format":"standard","meta":{"_kad_post_transparent":"","_kad_post_title":"","_kad_post_layout":"","_kad_post_sidebar_id":"","_kad_post_content_style":"","_kad_post_vertical_padding":"","_kad_post_feature":"","_kad_post_feature_position":"","_kad_post_header":false,"_kad_post_footer":false,"_kad_post_classname":"","_jetpack_memberships_contains_paid_content":false,"footnotes":"","jetpack_publicize_message":"","jetpack_publicize_feature_enabled":true,"jetpack_social_post_already_shared":true,"jetpack_social_options":{"image_generator_settings":{"template":"highway","default_image_id":0,"font":"","enabled":false},"version":2}},"categories":[902,1],"tags":[4033,2900,1379,1370,3159,1212,2903,1616,2901,1010,1336,2354,2203,17903,916],"class_list":["post-46002","post","type-post","status-publish","format-standard","has-post-thumbnail","hentry","category-1960-1969","category-portada","tag-4033","tag-1964-65","tag-andres-bosch","tag-andres-molina","tag-antonio-pallares","tag-eusebio-rios","tag-fernando-ansola","tag-francisco-aparicio","tag-francisco-faleato-paquito","tag-francisco-ortiz-frasco","tag-jose-casas-pepin","tag-jose-lopez-hidalgo","tag-jose-maria-garcia-montaner","tag-liga-primera-1964-65","tag-sevilla-fc"],"jetpack_publicize_connections":[],"jetpack_featured_media_url":"https:\/\/i0.wp.com\/www.manquepierda.com\/historiarealbetis\/files\/2015\/12\/Alineaci%C3%B3n-Betis-Sevilla-Liga-1964.jpg?fit=686%2C416&ssl=1","jetpack_sharing_enabled":true,"jetpack_shortlink":"https:\/\/wp.me\/p1ij08-bXY","jetpack-related-posts":[],"_links":{"self":[{"href":"https:\/\/www.manquepierda.com\/historiarealbetis\/wp-json\/wp\/v2\/posts\/46002","targetHints":{"allow":["GET"]}}],"collection":[{"href":"https:\/\/www.manquepierda.com\/historiarealbetis\/wp-json\/wp\/v2\/posts"}],"about":[{"href":"https:\/\/www.manquepierda.com\/historiarealbetis\/wp-json\/wp\/v2\/types\/post"}],"author":[{"embeddable":true,"href":"https:\/\/www.manquepierda.com\/historiarealbetis\/wp-json\/wp\/v2\/users\/5"}],"replies":[{"embeddable":true,"href":"https:\/\/www.manquepierda.com\/historiarealbetis\/wp-json\/wp\/v2\/comments?post=46002"}],"version-history":[{"count":1,"href":"https:\/\/www.manquepierda.com\/historiarealbetis\/wp-json\/wp\/v2\/posts\/46002\/revisions"}],"predecessor-version":[{"id":98371,"href":"https:\/\/www.manquepierda.com\/historiarealbetis\/wp-json\/wp\/v2\/posts\/46002\/revisions\/98371"}],"wp:featuredmedia":[{"embeddable":true,"href":"https:\/\/www.manquepierda.com\/historiarealbetis\/wp-json\/wp\/v2\/media\/46003"}],"wp:attachment":[{"href":"https:\/\/www.manquepierda.com\/historiarealbetis\/wp-json\/wp\/v2\/media?parent=46002"}],"wp:term":[{"taxonomy":"category","embeddable":true,"href":"https:\/\/www.manquepierda.com\/historiarealbetis\/wp-json\/wp\/v2\/categories?post=46002"},{"taxonomy":"post_tag","embeddable":true,"href":"https:\/\/www.manquepierda.com\/historiarealbetis\/wp-json\/wp\/v2\/tags?post=46002"}],"curies":[{"name":"wp","href":"https:\/\/api.w.org\/{rel}","templated":true}]}}