{"id":46103,"date":"2016-01-02T10:21:29","date_gmt":"2016-01-02T09:21:29","guid":{"rendered":"http:\/\/www.manquepierda.com\/historiarealbetis\/?p=46103"},"modified":"2024-08-23T18:00:16","modified_gmt":"2024-08-23T16:00:16","slug":"nos-visita-la-sd-eibar","status":"publish","type":"post","link":"https:\/\/www.manquepierda.com\/historiarealbetis\/nos-visita-la-sd-eibar\/","title":{"rendered":"Nos visita la SD Eibar"},"content":{"rendered":"<p>&nbsp;<\/p>\n<figure id=\"attachment_46104\" aria-describedby=\"caption-attachment-46104\" style=\"width: 680px\" class=\"wp-caption aligncenter\"><a href=\"https:\/\/i0.wp.com\/www.manquepierda.com\/historiarealbetis\/files\/2015\/12\/Eibar-2015-16.jpg?ssl=1\" rel=\"attachment wp-att-46104\"><img data-recalc-dims=\"1\" loading=\"lazy\" decoding=\"async\" class=\"size-medium wp-image-46104\" src=\"https:\/\/i0.wp.com\/www.manquepierda.com\/historiarealbetis\/files\/2015\/12\/Eibar-2015-16.jpg?resize=680%2C441&#038;ssl=1\" alt=\"El Eibar en la temporada 2015-16\" width=\"680\" height=\"441\" srcset=\"https:\/\/i0.wp.com\/www.manquepierda.com\/historiarealbetis\/files\/2015\/12\/Eibar-2015-16.jpg?resize=680%2C441&amp;ssl=1 680w, https:\/\/i0.wp.com\/www.manquepierda.com\/historiarealbetis\/files\/2015\/12\/Eibar-2015-16.jpg?resize=220%2C143&amp;ssl=1 220w, https:\/\/i0.wp.com\/www.manquepierda.com\/historiarealbetis\/files\/2015\/12\/Eibar-2015-16.jpg?resize=768%2C498&amp;ssl=1 768w, https:\/\/i0.wp.com\/www.manquepierda.com\/historiarealbetis\/files\/2015\/12\/Eibar-2015-16.jpg?w=940&amp;ssl=1 940w\" sizes=\"auto, (max-width: 680px) 100vw, 680px\" \/><\/a><figcaption id=\"caption-attachment-46104\" class=\"wp-caption-text\">El Eibar en la temporada 2015-16<\/figcaption><\/figure>\n<p>&nbsp;<\/p>\n<p>Ma\u00f1ana a las 16 horas recibiremos en el Benito Villamar\u00edn la visita de la Sociedad Deportiva Eibar, club fundado en 1940 y que ha militado 2 temporadas en Primera Divisi\u00f3n, 26 en Segunda, 6 en Segunda B y 28 en Tercera.<\/p>\n<p>La primera visita del Eibar a terreno b\u00e9tico tuvo lugar el 25 de marzo de 1990, en partido de Segunda Divisi\u00f3n que concluy\u00f3 en empate a 1, con tantos de Monsalvete para los locales y Barriola para los visitantes.<\/p>\n<p>&nbsp;<\/p>\n<p>Han sido un total de 5 encuentros los jugados por Betis y Eibar en terreno verdiblanco, todos ellos en Liga de Segunda Divisi\u00f3n, con un balance de 3 vicorias locales, 1 empata y 1 victoria forastera.<\/p>\n<p>Entre los jugadores que han militado en ambos conjuntos podemos mencionar a Fernando Ansola, Didac Vila, Ignacio Irure, Manuel Fern\u00e1ndez \u00abMoruca\u00bb, Ferm\u00edn Rej\u00f3n y \u00a0Juan Dorronsoro \u00abXan\u00edn\u00bb.<\/p>\n<p>&nbsp;<\/p>\n","protected":false},"excerpt":{"rendered":"<p>&nbsp; &nbsp; Ma\u00f1ana a las 16 horas recibiremos en el Benito Villamar\u00edn la visita de la Sociedad Deportiva Eibar, club fundado en 1940 y que ha militado 2 temporadas en Primera Divisi\u00f3n, 26 en Segunda, 6 en Segunda B y 28 en Tercera. La primera visita del Eibar a terreno b\u00e9tico tuvo lugar el 25&#8230;<\/p>\n","protected":false},"author":5,"featured_media":46104,"comment_status":"open","ping_status":"open","sticky":false,"template":"","format":"standard","meta":{"_kad_post_transparent":"","_kad_post_title":"","_kad_post_layout":"","_kad_post_sidebar_id":"","_kad_post_content_style":"","_kad_post_vertical_padding":"","_kad_post_feature":"","_kad_post_feature_position":"","_kad_post_header":false,"_kad_post_footer":false,"_kad_post_classname":"","_jetpack_memberships_contains_paid_content":false,"footnotes":"","jetpack_publicize_message":"","jetpack_publicize_feature_enabled":true,"jetpack_social_post_already_shared":true,"jetpack_social_options":{"image_generator_settings":{"template":"highway","default_image_id":0,"font":"","enabled":false},"version":2}},"categories":[895,1],"tags":[9371,6311,2903,9832,14004,3868,13258],"class_list":["post-46103","post","type-post","status-publish","format-standard","has-post-thumbnail","hentry","category-los-rivales","category-portada","tag-didac-vila","tag-fermin-rejon","tag-fernando-ansola","tag-ignacio-irure","tag-juan-dorronsoro-xanin","tag-manuel-fernandez-moruca","tag-sd-eibar"],"jetpack_publicize_connections":[],"jetpack_featured_media_url":"https:\/\/i0.wp.com\/www.manquepierda.com\/historiarealbetis\/files\/2015\/12\/Eibar-2015-16.jpg?fit=940%2C610&ssl=1","jetpack_sharing_enabled":true,"jetpack_shortlink":"https:\/\/wp.me\/p1ij08-bZB","jetpack-related-posts":[],"_links":{"self":[{"href":"https:\/\/www.manquepierda.com\/historiarealbetis\/wp-json\/wp\/v2\/posts\/46103","targetHints":{"allow":["GET"]}}],"collection":[{"href":"https:\/\/www.manquepierda.com\/historiarealbetis\/wp-json\/wp\/v2\/posts"}],"about":[{"href":"https:\/\/www.manquepierda.com\/historiarealbetis\/wp-json\/wp\/v2\/types\/post"}],"author":[{"embeddable":true,"href":"https:\/\/www.manquepierda.com\/historiarealbetis\/wp-json\/wp\/v2\/users\/5"}],"replies":[{"embeddable":true,"href":"https:\/\/www.manquepierda.com\/historiarealbetis\/wp-json\/wp\/v2\/comments?post=46103"}],"version-history":[{"count":1,"href":"https:\/\/www.manquepierda.com\/historiarealbetis\/wp-json\/wp\/v2\/posts\/46103\/revisions"}],"predecessor-version":[{"id":97716,"href":"https:\/\/www.manquepierda.com\/historiarealbetis\/wp-json\/wp\/v2\/posts\/46103\/revisions\/97716"}],"wp:featuredmedia":[{"embeddable":true,"href":"https:\/\/www.manquepierda.com\/historiarealbetis\/wp-json\/wp\/v2\/media\/46104"}],"wp:attachment":[{"href":"https:\/\/www.manquepierda.com\/historiarealbetis\/wp-json\/wp\/v2\/media?parent=46103"}],"wp:term":[{"taxonomy":"category","embeddable":true,"href":"https:\/\/www.manquepierda.com\/historiarealbetis\/wp-json\/wp\/v2\/categories?post=46103"},{"taxonomy":"post_tag","embeddable":true,"href":"https:\/\/www.manquepierda.com\/historiarealbetis\/wp-json\/wp\/v2\/tags?post=46103"}],"curies":[{"name":"wp","href":"https:\/\/api.w.org\/{rel}","templated":true}]}}