{"id":46189,"date":"2015-12-29T13:29:10","date_gmt":"2015-12-29T12:29:10","guid":{"rendered":"http:\/\/www.manquepierda.com\/historiarealbetis\/?p=46189"},"modified":"2024-09-15T20:22:32","modified_gmt":"2024-09-15T18:22:32","slug":"1962-diciembre-30-primera-athletic-club-bilbao-0-real-betis-balompie-0-53aniversario","status":"publish","type":"post","link":"https:\/\/www.manquepierda.com\/historiarealbetis\/1962-diciembre-30-primera-athletic-club-bilbao-0-real-betis-balompie-0-53aniversario\/","title":{"rendered":"1962-Diciembre 30-Primera.-Athl\u00e9tic Club Bilbao-0 Real Betis Balompi\u00e9-0.-53Aniversario."},"content":{"rendered":"<p style=\"text-align: justify\">32\u00aa EDICI\u00d3N-CAMPEONATO NACIONAL LIGA PRIMERA DIVISI\u00d3N-TEMPORADA 1962-1963.-DESDE DOMINGO 16 DE SEPTIEMBRE DE 1962 HASTA DOMINGO 21 DE ABRIL DE 1963; AMBOS INCLUSIVE.<\/p>\n<p style=\"text-align: justify\"><a href=\"https:\/\/www.manquepierda.com\/historiarealbetis\/46189-1962-diciembre-30-primera-athletic-club-bilbao-0-real-betis-balompie-0-53aniversario\/ath_sanmames_02\/\" rel=\"attachment wp-att-46190\"><img data-recalc-dims=\"1\" loading=\"lazy\" decoding=\"async\" class=\"aligncenter size-full wp-image-46190\" src=\"https:\/\/i0.wp.com\/www.manquepierda.com\/historiarealbetis\/files\/2015\/12\/ath_sanmames_02.jpg?resize=534%2C400&#038;ssl=1\" alt=\"ath_sanmames_02\" width=\"534\" height=\"400\" srcset=\"https:\/\/i0.wp.com\/www.manquepierda.com\/historiarealbetis\/files\/2015\/12\/ath_sanmames_02.jpg?w=534&amp;ssl=1 534w, https:\/\/i0.wp.com\/www.manquepierda.com\/historiarealbetis\/files\/2015\/12\/ath_sanmames_02.jpg?resize=220%2C165&amp;ssl=1 220w\" sizes=\"auto, (max-width: 534px) 100vw, 534px\" \/><\/a><strong>1962-DICIEMBEE 30-DOMINGO EN BILBAO-ESTADIO \u00abSAN MAM\u00c9S\u00bb-14\u00aa JORNADA.-Clave Marcador Simult\u00e1neo \u00abDARDO\u00bb: \u00abTrin***Chera TRES ESTRELLAS\u00bb.<\/strong><\/p>\n<p style=\"text-align: center\"><em>\u00abLa presencia del Real Betis Balompi\u00e9 en \u00abSan Mam\u00e9s\u00bb evoca viejos recuerdos. <\/em><\/p>\n<p style=\"text-align: justify\"><em>Por ejemplo, se recuerda aquel partido, en la temporada 1931-1932, en el que, ascendido el Betis Balompi\u00e9 a la Primera Divisi\u00f3n de la Liga, le correspondi\u00f3 jugar su primer partido en esta nueva categor\u00eda en el viejo campo bilba\u00edno.<\/em><\/p>\n<p style=\"text-align: justify\"><em> <strong>[1932-Noviembre 27-domingo.-1\u00aa Jornada: Athl\u00e9tic Club-9 tantos (m\u00edster Fedrerick Beaconsfield PENTLAND)\u00a0 vs. (Mr. Patrick Joseph O&#8217;CONNELL)-Betis Balompi\u00e9-1 gol (4-1.-Adolfo Mart\u00edn Gonz\u00e1lez (a) \u00abAdolfo II\u00bb a los 53 minutos].<\/strong><\/em><\/p>\n<p style=\"text-align: justify\"><a href=\"https:\/\/www.manquepierda.com\/historiarealbetis\/46189-1962-diciembre-30-primera-athletic-club-bilbao-0-real-betis-balompie-0-53aniversario\/jose-ignacio-mantecon-navasal-1-12\/\" rel=\"attachment wp-att-46199\"><img data-recalc-dims=\"1\" loading=\"lazy\" decoding=\"async\" class=\"aligncenter size-full wp-image-46199\" src=\"https:\/\/i0.wp.com\/www.manquepierda.com\/historiarealbetis\/files\/2015\/12\/Jos%C3%A9-Ignacio-Mantec%C3%B3n-Navasal.1.jpg?resize=161%2C202&#038;ssl=1\" alt=\"Jos\u00e9 Ignacio Mantec\u00f3n Navasal.1\" width=\"161\" height=\"202\" \/><\/a><em><strong>Entonces, el presidente del Betis, don Jos\u00e9 Ignacio Mantec\u00f3n Navasal, hizo una frase graciosa, que aqu\u00ed se recuerda mucho. Dijo:<br \/>\n<\/strong><\/em><\/p>\n<p style=\"text-align: center\"><em><strong>\u00abVenimos a tomar la alternativa en la plaza grande del f\u00fatbol, que es \u00abSan Mam\u00e9s\u00bb.<\/strong><\/em><\/p>\n<p style=\"text-align: justify\"><a href=\"https:\/\/www.manquepierda.com\/historiarealbetis\/46189-1962-diciembre-30-primera-athletic-club-bilbao-0-real-betis-balompie-0-53aniversario\/dardo19621230\/\" rel=\"attachment wp-att-46191\"><img data-recalc-dims=\"1\" loading=\"lazy\" decoding=\"async\" class=\"size-thumbnail wp-image-46191 alignleft\" src=\"https:\/\/i0.wp.com\/www.manquepierda.com\/historiarealbetis\/files\/2015\/12\/DARDO19621230.jpg?resize=126%2C220&#038;ssl=1\" alt=\"DARDO19621230\" width=\"126\" height=\"220\" srcset=\"https:\/\/i0.wp.com\/www.manquepierda.com\/historiarealbetis\/files\/2015\/12\/DARDO19621230.jpg?resize=126%2C220&amp;ssl=1 126w, https:\/\/i0.wp.com\/www.manquepierda.com\/historiarealbetis\/files\/2015\/12\/DARDO19621230.jpg?resize=344%2C600&amp;ssl=1 344w, https:\/\/i0.wp.com\/www.manquepierda.com\/historiarealbetis\/files\/2015\/12\/DARDO19621230.jpg?resize=402%2C700&amp;ssl=1 402w, https:\/\/i0.wp.com\/www.manquepierda.com\/historiarealbetis\/files\/2015\/12\/DARDO19621230.jpg?w=663&amp;ssl=1 663w\" sizes=\"auto, (max-width: 126px) 100vw, 126px\" \/><\/a><strong>El ambiente bilba\u00edno en esta tarde (30 a\u00f1os+1 mes+3 d\u00edas) despu\u00e9s, fue acogedor y simp\u00e1tico para el equipo verdiblanco.<\/strong><\/p>\n<p style=\"text-align: justify\"><strong>Buen tiempo; campo en bastante buenas condiciones, si se recuerdan los pasados temporales; y mucha expectaci\u00f3n.<\/strong><\/p>\n<p style=\"text-align: justify\"><a href=\"https:\/\/www.manquepierda.com\/historiarealbetis\/46189-1962-diciembre-30-primera-athletic-club-bilbao-0-real-betis-balompie-0-53aniversario\/carbelo-2\/\" rel=\"attachment wp-att-46200\"><img data-recalc-dims=\"1\" loading=\"lazy\" decoding=\"async\" class=\"size-thumbnail wp-image-46200 alignright\" src=\"https:\/\/i0.wp.com\/www.manquepierda.com\/historiarealbetis\/files\/2015\/12\/Carbelo.jpg?resize=143%2C220&#038;ssl=1\" alt=\"Carbelo\" width=\"143\" height=\"220\" srcset=\"https:\/\/i0.wp.com\/www.manquepierda.com\/historiarealbetis\/files\/2015\/12\/Carbelo.jpg?resize=143%2C220&amp;ssl=1 143w, https:\/\/i0.wp.com\/www.manquepierda.com\/historiarealbetis\/files\/2015\/12\/Carbelo.jpg?w=179&amp;ssl=1 179w\" sizes=\"auto, (max-width: 143px) 100vw, 143px\" \/><\/a>Arbitr\u00f3 el colegiado Jos\u00e9 CARBELO Mart\u00edn-Natural de Portugalete (Vizcaya).<\/p>\n<p style=\"text-align: justify\"><strong>\u00abEl arbitraje del se\u00f1or Carbelo, sin nada de particular, porque el partido, a pesar de que se ha combatido mucho, se ha jugado con correcci\u00f3n, sin dar lugar apenas a intervenciones arbitrales\u00bb.<\/strong><\/p>\n<p style=\"text-align: justify\">12\u00ba CLASIFICADO CON 12 PUNTOS Y MENOS 2 NEGATIVOS (5-ganados+2-empatados+7-perdidos); 15-19 TANTOS FAVOR-CONTRA.<\/p>\n<p style=\"text-align: justify\"><a href=\"https:\/\/www.manquepierda.com\/historiarealbetis\/46189-1962-diciembre-30-primera-athletic-club-bilbao-0-real-betis-balompie-0-53aniversario\/jpu-2\/\" rel=\"attachment wp-att-46192\"><img data-recalc-dims=\"1\" loading=\"lazy\" decoding=\"async\" class=\"size-full wp-image-46192 alignright\" src=\"https:\/\/i0.wp.com\/www.manquepierda.com\/historiarealbetis\/files\/2015\/12\/JPU.jpg?resize=143%2C133&#038;ssl=1\" alt=\"JPU\" width=\"143\" height=\"133\" \/><\/a>1959-1965.-20\u00ba Presidente, don Javier PRADO Urquijo.<\/p>\n<p style=\"text-align: justify\"><a href=\"https:\/\/www.manquepierda.com\/historiarealbetis\/46189-1962-diciembre-30-primera-athletic-club-bilbao-0-real-betis-balompie-0-53aniversario\/azr\/\" rel=\"attachment wp-att-46193\"><img data-recalc-dims=\"1\" loading=\"lazy\" decoding=\"async\" class=\"alignleft size-thumbnail wp-image-46193\" src=\"https:\/\/i0.wp.com\/www.manquepierda.com\/historiarealbetis\/files\/2015\/12\/AZR.jpg?resize=220%2C163&#038;ssl=1\" alt=\"AZR\" width=\"220\" height=\"163\" srcset=\"https:\/\/i0.wp.com\/www.manquepierda.com\/historiarealbetis\/files\/2015\/12\/AZR.jpg?resize=220%2C163&amp;ssl=1 220w, https:\/\/i0.wp.com\/www.manquepierda.com\/historiarealbetis\/files\/2015\/12\/AZR.jpg?resize=680%2C503&amp;ssl=1 680w, https:\/\/i0.wp.com\/www.manquepierda.com\/historiarealbetis\/files\/2015\/12\/AZR.jpg?resize=768%2C569&amp;ssl=1 768w, https:\/\/i0.wp.com\/www.manquepierda.com\/historiarealbetis\/files\/2015\/12\/AZR.jpg?resize=946%2C700&amp;ssl=1 946w, https:\/\/i0.wp.com\/www.manquepierda.com\/historiarealbetis\/files\/2015\/12\/AZR.jpg?w=1540&amp;ssl=1 1540w\" sizes=\"auto, (max-width: 220px) 100vw, 220px\" \/><\/a><\/p>\n<p style=\"text-align: justify\">1962-1963.-Entrenador \u00c1ngel ZUBIETA Redondo (44 a\u00f1os+5 meses+13 d\u00edas).-Natural de Galdakao (Vizcaya).<\/p>\n<p style=\"text-align: justify\">\u00abSe ha encontrado con un adversario que le ha tomado pronto y bien las medidas, llev\u00e1ndole, mediante el marcaje de la defensa y los relevos en el ataque, a una desorientaci\u00f3n que ha sido la caracter\u00edstica del juego vasco. Verdaderamente desorientado el conjunto local, no ha acertado ni una sola vez\u00a0 a enderezar una ofensiva eficaz.<\/p>\n<p style=\"text-align: justify\"><strong>\u00abFrente a la t\u00e1ctica del Real Betis Balompi\u00e9, el Athl\u00e9tic Club, emplea la suya de todas las tardes, basada en el viejo 4-2-4.<\/strong><\/p>\n<p style=\"text-align: justify\"><em><strong>Es, sin g\u00e9nero de dudas, m\u00e1s eficaz y m\u00e1s ordenada, la t\u00e1ctica del Betis Balompi\u00e9, que empieza dando buenos resultados al ser servida por hombres muy \u00e1giles y de una gran movilidad, que practicaron un marcaje estrecho, invalidando las ofensivas bilba\u00ednas\u00bb.<\/strong><\/em><\/p>\n<p style=\"text-align: center\"><a href=\"https:\/\/www.manquepierda.com\/historiarealbetis\/46189-1962-diciembre-30-primera-athletic-club-bilbao-0-real-betis-balompie-0-53aniversario\/atb-2\/\" rel=\"attachment wp-att-46196\"><img data-recalc-dims=\"1\" loading=\"lazy\" decoding=\"async\" class=\"aligncenter size-full wp-image-46196\" src=\"https:\/\/i0.wp.com\/www.manquepierda.com\/historiarealbetis\/files\/2015\/12\/ATB.jpeg?resize=179%2C204&#038;ssl=1\" alt=\"ATB\" width=\"179\" height=\"204\" \/><\/a>ATHL\u00c9TIC CLUB BILBAO-0 Tantos.<\/p>\n<p style=\"text-align: justify\"><a href=\"https:\/\/www.manquepierda.com\/historiarealbetis\/46189-1962-diciembre-30-primera-athletic-club-bilbao-0-real-betis-balompie-0-53aniversario\/n_athletic_de_bilbao_la_historia-1087472\/\" rel=\"attachment wp-att-46211\"><img data-recalc-dims=\"1\" loading=\"lazy\" decoding=\"async\" class=\"aligncenter size-thumbnail wp-image-46211\" src=\"https:\/\/i0.wp.com\/www.manquepierda.com\/historiarealbetis\/files\/2015\/12\/n_athletic_de_bilbao_la_historia-1087472.jpg?resize=152%2C220&#038;ssl=1\" alt=\"n_athletic_de_bilbao_la_historia-1087472\" width=\"152\" height=\"220\" srcset=\"https:\/\/i0.wp.com\/www.manquepierda.com\/historiarealbetis\/files\/2015\/12\/n_athletic_de_bilbao_la_historia-1087472.jpg?resize=152%2C220&amp;ssl=1 152w, https:\/\/i0.wp.com\/www.manquepierda.com\/historiarealbetis\/files\/2015\/12\/n_athletic_de_bilbao_la_historia-1087472.jpg?w=400&amp;ssl=1 400w\" sizes=\"auto, (max-width: 152px) 100vw, 152px\" \/><\/a>1-Portero.-CARMELO Cedr\u00fan Ochandategui.-<em><strong>\u00abCarmelo, en la puerta&#8230;\u00bb.<br \/>\n<\/strong><\/em><\/p>\n<p style=\"text-align: justify\">2-Jos\u00e9 Mar\u00eda OR\u00daE Aranguren.-5-Lu\u00eds Mar\u00eda ECHEVARR\u00cdA Igartua.<\/p>\n<p style=\"text-align: justify\"><a href=\"https:\/\/www.manquepierda.com\/historiarealbetis\/46189-1962-diciembre-30-primera-athletic-club-bilbao-0-real-betis-balompie-0-53aniversario\/aranguren\/\" rel=\"attachment wp-att-46212\"><img data-recalc-dims=\"1\" loading=\"lazy\" decoding=\"async\" class=\"aligncenter size-full wp-image-46212\" src=\"https:\/\/i0.wp.com\/www.manquepierda.com\/historiarealbetis\/files\/2015\/12\/aranguren.jpg?resize=82%2C118&#038;ssl=1\" alt=\"aranguren\" width=\"82\" height=\"118\" \/><\/a>3-Jes\u00fas ARANGUREN Merino <em><strong>(&#8230; y el joven Aranguren-juvenil de 16 a\u00f1os. Han sido las \u00fanicas figuras destacables\u00bb)<\/strong><\/em>.-Defensas.<\/p>\n<p style=\"text-align: justify\">4-Koldo Aguirre Bidaurrazaga (a) \u00abAGUIRRE I\u00bb.-6-Sabino Aguirre Bego\u00f1a (a) \u00abAGUIRRE II\u00bb.-Medios.<\/p>\n<p style=\"text-align: justify\">7-Jos\u00e9 Ignacio S\u00c1EZ Ruiz (a) \u00abI\u00d1AQUI\u00bb.-8-Jos\u00e9 Antonio LATORRE Beaskoetxea.-9-Eneko ARIETA-Araunabe\u00f1a Piedra.-10-Ignacio URIBE Echevarr\u00eda.-11-Jos\u00e9 Lu\u00eds ARTETXE Muguire.-Delanteros.<\/p>\n<p style=\"text-align: center\"><em><strong>Vs.<\/strong><\/em><\/p>\n<p style=\"text-align: justify\"><strong>10\u00ba CLASIFICADO CON 12 PUNTOS Y MENOS 2 NEGATIVOS (5-GANADOS+2-EMPATADOS+7-PERDIDOS); 19-GOLES A FAVOR (M\u00e1ximo goleadores: 6-SENEKOWISTCH; 5-LU\u00cdS) Y 20-TANTOS EN CONTRA.<\/strong><\/p>\n<p style=\"text-align: center\"><a href=\"https:\/\/www.manquepierda.com\/historiarealbetis\/46022-1964-diciembre-27-primera-real-betis-balompie-2-cf-barcelona-1-51aniversario\/escudo-realbetisbalompie1960-6\/\" rel=\"attachment wp-att-46030\"><img data-recalc-dims=\"1\" loading=\"lazy\" decoding=\"async\" class=\"aligncenter size-thumbnail wp-image-46030\" src=\"https:\/\/i0.wp.com\/www.manquepierda.com\/historiarealbetis\/files\/2015\/12\/Escudo-RealBetisBalompi%C3%A91960.jpg?resize=220%2C172&#038;ssl=1\" alt=\"Escudo RealBetisBalompi\u00e91960'\" width=\"220\" height=\"172\" srcset=\"https:\/\/i0.wp.com\/www.manquepierda.com\/historiarealbetis\/files\/2015\/12\/Escudo-RealBetisBalompi%C3%A91960.jpg?resize=220%2C172&amp;ssl=1 220w, https:\/\/i0.wp.com\/www.manquepierda.com\/historiarealbetis\/files\/2015\/12\/Escudo-RealBetisBalompi%C3%A91960.jpg?w=600&amp;ssl=1 600w\" sizes=\"auto, (max-width: 220px) 100vw, 220px\" \/><\/a><em><strong>REAL BETIS BALOMPI\u00c9-0 GOLES.<\/strong><\/em><\/p>\n<p style=\"text-align: justify\"><strong>\u00abEl equipo que esta tarde ha desfilado por \u00abSan Mam\u00e9s constituye un conjunto cuya caracter\u00edstica m\u00e1s acusada ha sido su preparaci\u00f3n f\u00edsica, que ha permitido desarrollar a todos sus hombres una gran movilidad, disputando con verdadero af\u00e1n el bal\u00f3n y dejando reducido poco menos que nada el juego del ataque del Athl\u00e9tic\u00bb.<\/strong><\/p>\n<p style=\"text-align: justify\"><strong>\u00abPronto se advierte que el Real Betis trae preconcebida una t\u00e1ctica que consiste en retrasar al extremo Montaner a la altura de los medios, permitiendo retrasarse a Mart\u00ednez, y, de esta manera, queda R\u00edos en \u00faltima instancia.<\/strong><\/p>\n<p style=\"text-align: justify\"><strong>En cuanto al ataque verdiblanco, con cuatro delanteros, Ansola y Portilla se alternan en los extremos, mientras Pallar\u00e9s ayuda a los medios y Lu\u00eds es hombre en punta\u00bb.<\/strong><\/p>\n<p style=\"text-align: justify\"><a href=\"https:\/\/www.manquepierda.com\/historiarealbetis\/46189-1962-diciembre-30-primera-athletic-club-bilbao-0-real-betis-balompie-0-53aniversario\/benitovillamarinprieto19610523-503x600-10\/\" rel=\"attachment wp-att-46213\"><img data-recalc-dims=\"1\" loading=\"lazy\" decoding=\"async\" class=\"alignright size-thumbnail wp-image-46213\" src=\"https:\/\/i0.wp.com\/www.manquepierda.com\/historiarealbetis\/files\/2015\/12\/BenitoVILLAMAR%C3%8DNprieto19610523-503x600-1.jpg?resize=184%2C220&#038;ssl=1\" alt=\"BenitoVILLAMAR\u00cdNprieto19610523-503x600\" width=\"184\" height=\"220\" srcset=\"https:\/\/i0.wp.com\/www.manquepierda.com\/historiarealbetis\/files\/2015\/12\/BenitoVILLAMAR%C3%8DNprieto19610523-503x600-1.jpg?resize=184%2C220&amp;ssl=1 184w, https:\/\/i0.wp.com\/www.manquepierda.com\/historiarealbetis\/files\/2015\/12\/BenitoVILLAMAR%C3%8DNprieto19610523-503x600-1.jpg?w=503&amp;ssl=1 503w\" sizes=\"auto, (max-width: 184px) 100vw, 184px\" \/><\/a><em><strong>Don Benito Villamar\u00edn Prieto (44 a\u00f1os+4 meses+9 d\u00edas)-Natural de Puga-Toen (Ourense), mi\u00e9rcoles 21 de Agosto de 1918.-Obituario en Sevilla, lunes 15 de Agosto de 1966 (48 A\u00f1os menos 6 d\u00edas) D. E. P.: Primer Presidente Perpetuo por votaci\u00f3n un\u00e1nime de la afici\u00f3n b\u00e9tica.<\/strong><\/em><\/p>\n<p style=\"text-align: justify\"><strong><em>Presidente desde s\u00e1bado 21 de Mayo de 1955 hasta su carta de dimisi\u00f3n por grave enfermedad de c\u00e1ncer de pulm\u00f3n datada martes 7 de Diciembre de 1965, en que se despidi\u00f3 de sus compa\u00f1eros directivos y a trav\u00e9s de \u00e9stos de la familia verdiblanca.<\/em><\/strong><\/p>\n<p style=\"text-align: justify\"><a href=\"https:\/\/www.manquepierda.com\/historiarealbetis\/46189-1962-diciembre-30-primera-athletic-club-bilbao-0-real-betis-balompie-0-53aniversario\/ernesto-pons-forn\/\" rel=\"attachment wp-att-46214\"><img data-recalc-dims=\"1\" loading=\"lazy\" decoding=\"async\" class=\"alignleft size-thumbnail wp-image-46214\" src=\"https:\/\/i0.wp.com\/www.manquepierda.com\/historiarealbetis\/files\/2015\/12\/Ernesto-PONS-Forn.jpg?resize=113%2C220&#038;ssl=1\" alt=\"Ernesto PONS Forn\" width=\"113\" height=\"220\" srcset=\"https:\/\/i0.wp.com\/www.manquepierda.com\/historiarealbetis\/files\/2015\/12\/Ernesto-PONS-Forn.jpg?resize=113%2C220&amp;ssl=1 113w, https:\/\/i0.wp.com\/www.manquepierda.com\/historiarealbetis\/files\/2015\/12\/Ernesto-PONS-Forn.jpg?resize=308%2C600&amp;ssl=1 308w, https:\/\/i0.wp.com\/www.manquepierda.com\/historiarealbetis\/files\/2015\/12\/Ernesto-PONS-Forn.jpg?resize=768%2C1495&amp;ssl=1 768w, https:\/\/i0.wp.com\/www.manquepierda.com\/historiarealbetis\/files\/2015\/12\/Ernesto-PONS-Forn.jpg?resize=360%2C700&amp;ssl=1 360w, https:\/\/i0.wp.com\/www.manquepierda.com\/historiarealbetis\/files\/2015\/12\/Ernesto-PONS-Forn.jpg?w=1089&amp;ssl=1 1089w\" sizes=\"auto, (max-width: 113px) 100vw, 113px\" \/><\/a><em><strong>2\/2-Entrenador Real Betis Balompi\u00e9-Temporada 1962-1963.-Desde la 11\u00aa hasta 30\u00aa jornadas, ambas inclusive: Ernesto PONS Forn (42 a\u00f1os+11 meses+11 d\u00edas).<\/strong><\/em><\/p>\n<p style=\"text-align: justify\"><em>\u00abEn los vestuarios b\u00e9ticos se ha recibido el resultado con alegr\u00eda, y los jugadores y su entrenador mostraban su satisfacci\u00f3n por el punto obtenido.<\/em><\/p>\n<p style=\"text-align: justify\"><em><strong>Pons, el entrenador estaba satisfecho de la forma f\u00edsica demostrada por sus muchachos, alegando que aunque no hab\u00eda un barro excesivo, sin embargo el terreno de juego acusaba todav\u00eda las lluvias pasadas, y sobre el campo sus jugadores se hab\u00edan mantenido muy bien hasta el final. En cuanto al resultado, cre\u00eda sinceramente que se pudo mejorar en el primer tiempo, consiguiendo alg\u00fan tanto en las dos o tres buenas ocasiones que tuvieron.<\/strong><\/em><\/p>\n<p style=\"text-align: justify\"><em>Por lo dem\u00e1s cree que el Athl\u00e9tic, a pesar del disgusto manifestado por el p\u00fablico, resulta equipo duro de vencer, y tambi\u00e9n con mucho entrenamiento y mucha potencia. Por eso afirma que el empate es meritorio\u00bb.<\/em><\/p>\n<p style=\"text-align: justify\"><a href=\"https:\/\/www.manquepierda.com\/historiarealbetis\/46189-1962-diciembre-30-primera-athletic-club-bilbao-0-real-betis-balompie-0-53aniversario\/josemariacorralcortes-6\/\" rel=\"attachment wp-att-46215\"><img data-recalc-dims=\"1\" loading=\"lazy\" decoding=\"async\" class=\"aligncenter size-thumbnail wp-image-46215\" src=\"https:\/\/i0.wp.com\/www.manquepierda.com\/historiarealbetis\/files\/2015\/12\/Jos%C3%A9Mar%C3%ADaCORRALcort%C3%A9s.jpg?resize=151%2C220&#038;ssl=1\" alt=\"Jos\u00e9Mar\u00edaCORRALcort\u00e9s\" width=\"151\" height=\"220\" srcset=\"https:\/\/i0.wp.com\/www.manquepierda.com\/historiarealbetis\/files\/2015\/12\/Jos%C3%A9Mar%C3%ADaCORRALcort%C3%A9s.jpg?resize=151%2C220&amp;ssl=1 151w, https:\/\/i0.wp.com\/www.manquepierda.com\/historiarealbetis\/files\/2015\/12\/Jos%C3%A9Mar%C3%ADaCORRALcort%C3%A9s.jpg?w=210&amp;ssl=1 210w\" sizes=\"auto, (max-width: 151px) 100vw, 151px\" \/><\/a><strong>1-Guardameta.-Jos\u00e9 Mar\u00eda CORRAL Cort\u00e9s (23 a\u00f1os+7 meses+27 d\u00edas)-Natural de Segovia.-<em>\u00abDestacado.-Sobre todo cortando centro y balones bombeados, que eran la t\u00e1ctica inocente que empleaban los bilba\u00ednos contra su marco\u00bb.<\/em><\/strong><\/p>\n<p style=\"text-align: justify\"><em><strong>\u00abLa defensa, con el apoyo ya dicho de MART\u00cdNEZ y MONTANER, han constituido un grupo muy compacto, cerrando muy bien su puerta\u00bb.<\/strong><\/em><\/p>\n<p style=\"text-align: justify\"><a href=\"https:\/\/www.manquepierda.com\/historiarealbetis\/46189-1962-diciembre-30-primera-athletic-club-bilbao-0-real-betis-balompie-0-53aniversario\/francisco-grau-pla-7\/\" rel=\"attachment wp-att-46216\"><img data-recalc-dims=\"1\" loading=\"lazy\" decoding=\"async\" class=\"aligncenter size-thumbnail wp-image-46216\" src=\"https:\/\/i0.wp.com\/www.manquepierda.com\/historiarealbetis\/files\/2015\/12\/Francisco-Grau-Pla-1.png?resize=188%2C220&#038;ssl=1\" alt=\"Francisco Grau Pla\" width=\"188\" height=\"220\" srcset=\"https:\/\/i0.wp.com\/www.manquepierda.com\/historiarealbetis\/files\/2015\/12\/Francisco-Grau-Pla-1.png?resize=188%2C220&amp;ssl=1 188w, https:\/\/i0.wp.com\/www.manquepierda.com\/historiarealbetis\/files\/2015\/12\/Francisco-Grau-Pla-1.png?w=191&amp;ssl=1 191w\" sizes=\"auto, (max-width: 188px) 100vw, 188px\" \/><\/a><strong>2-Zaguero-Lateral diestro.-Francisco GRAU Pla (27 a\u00f1os+7 d\u00edas)-Natural de La Garriga (Barcelona).<\/strong><\/p>\n<p style=\"text-align: justify\"><a href=\"https:\/\/www.manquepierda.com\/historiarealbetis\/46151-1963-diciembre-29-primera-real-betis-balompie-2-rzaragoza-1-52aniversario\/1964-eusebio-rios-carranza-12\/\" rel=\"attachment wp-att-46168\"><img data-recalc-dims=\"1\" loading=\"lazy\" decoding=\"async\" class=\"aligncenter size-thumbnail wp-image-46168\" src=\"https:\/\/i0.wp.com\/www.manquepierda.com\/historiarealbetis\/files\/2015\/12\/1964-Eusebio-R%C3%ADos-Carranza-1.jpg?resize=164%2C220&#038;ssl=1\" alt=\"1964 Eusebio R\u00edos Carranza\" width=\"164\" height=\"220\" srcset=\"https:\/\/i0.wp.com\/www.manquepierda.com\/historiarealbetis\/files\/2015\/12\/1964-Eusebio-R%C3%ADos-Carranza-1.jpg?resize=164%2C220&amp;ssl=1 164w, https:\/\/i0.wp.com\/www.manquepierda.com\/historiarealbetis\/files\/2015\/12\/1964-Eusebio-R%C3%ADos-Carranza-1.jpg?w=204&amp;ssl=1 204w\" sizes=\"auto, (max-width: 164px) 100vw, 164px\" \/><\/a><strong>5-Zaguero-Central.-Eusebio R\u00cdOS Fern\u00e1ndez (27 a\u00f1os+9 meses)-Natural de Portugalete (Vizcaya).<\/strong><\/p>\n<p style=\"text-align: justify\"><a href=\"https:\/\/www.manquepierda.com\/historiarealbetis\/46189-1962-diciembre-30-primera-athletic-club-bilbao-0-real-betis-balompie-0-53aniversario\/colo-6\/\" rel=\"attachment wp-att-46217\"><img data-recalc-dims=\"1\" loading=\"lazy\" decoding=\"async\" class=\"aligncenter size-thumbnail wp-image-46217\" src=\"https:\/\/i0.wp.com\/www.manquepierda.com\/historiarealbetis\/files\/2015\/12\/COLO.jpg?resize=163%2C220&#038;ssl=1\" alt=\"COLO\" width=\"163\" height=\"220\" srcset=\"https:\/\/i0.wp.com\/www.manquepierda.com\/historiarealbetis\/files\/2015\/12\/COLO.jpg?resize=163%2C220&amp;ssl=1 163w, https:\/\/i0.wp.com\/www.manquepierda.com\/historiarealbetis\/files\/2015\/12\/COLO.jpg?w=386&amp;ssl=1 386w\" sizes=\"auto, (max-width: 163px) 100vw, 163px\" \/><\/a><strong>3-Zaguero-Lateral zurdo.-Julio Santaella Ben\u00edtez (a) \u00abCOLO\u00bb (24 a\u00f1os+8 d\u00edas)-Natural de Santa Cruz (Tenerife).<\/strong><\/p>\n<p style=\"text-align: justify\"><a href=\"https:\/\/www.manquepierda.com\/historiarealbetis\/46189-1962-diciembre-30-primera-athletic-club-bilbao-0-real-betis-balompie-0-53aniversario\/martinez-febret-miguel-5\/\" rel=\"attachment wp-att-46218\"><img data-recalc-dims=\"1\" loading=\"lazy\" decoding=\"async\" class=\"aligncenter size-thumbnail wp-image-46218\" src=\"https:\/\/i0.wp.com\/www.manquepierda.com\/historiarealbetis\/files\/2015\/12\/Mart%C3%ADnez-Febret-Miguel.jpg?resize=169%2C220&#038;ssl=1\" alt=\"Mart\u00ednez Febret, Miguel\" width=\"169\" height=\"220\" srcset=\"https:\/\/i0.wp.com\/www.manquepierda.com\/historiarealbetis\/files\/2015\/12\/Mart%C3%ADnez-Febret-Miguel.jpg?resize=169%2C220&amp;ssl=1 169w, https:\/\/i0.wp.com\/www.manquepierda.com\/historiarealbetis\/files\/2015\/12\/Mart%C3%ADnez-Febret-Miguel.jpg?w=404&amp;ssl=1 404w\" sizes=\"auto, (max-width: 169px) 100vw, 169px\" \/><\/a><strong>4-Medio-Diestro.-Jos\u00e9 Miguel MART\u00cdNEZ Febrer (23 a\u00f1os+8 meses+13 d\u00edas)-Natural de Barcelona.<\/strong><\/p>\n<p style=\"text-align: justify\"><a href=\"https:\/\/www.manquepierda.com\/historiarealbetis\/46189-1962-diciembre-30-primera-athletic-club-bilbao-0-real-betis-balompie-0-53aniversario\/leon-lasa-11\/\" rel=\"attachment wp-att-46219\"><img data-recalc-dims=\"1\" loading=\"lazy\" decoding=\"async\" class=\"aligncenter size-full wp-image-46219\" src=\"https:\/\/i0.wp.com\/www.manquepierda.com\/historiarealbetis\/files\/2015\/12\/Le%C3%B3n-Lasa.jpg?resize=84%2C128&#038;ssl=1\" alt=\"Le\u00f3n Lasa\" width=\"84\" height=\"128\" \/><\/a><strong>6-Medio-Zurdo.-Le\u00f3n LASA M\u00fajica (29 a\u00f1os+10 meses+13 d\u00edas)-Natural de Beasa\u00edn (Guip\u00fazcoa).<\/strong><\/p>\n<p style=\"text-align: justify\"><a href=\"https:\/\/www.manquepierda.com\/historiarealbetis\/46189-1962-diciembre-30-primera-athletic-club-bilbao-0-real-betis-balompie-0-53aniversario\/montaner-jose-maria-garcia-martinez-14\/\" rel=\"attachment wp-att-46221\"><img data-recalc-dims=\"1\" loading=\"lazy\" decoding=\"async\" class=\"aligncenter size-thumbnail wp-image-46221\" src=\"https:\/\/i0.wp.com\/www.manquepierda.com\/historiarealbetis\/files\/2015\/12\/Montaner.-Jos%C3%A9-Mar%C3%ADa-Garc%C3%ADa-Mart%C3%ADnez-2.jpg?resize=171%2C220&#038;ssl=1\" alt=\"Montaner. Jos\u00e9 Mar\u00eda Garc\u00eda Mart\u00ednez\" width=\"171\" height=\"220\" srcset=\"https:\/\/i0.wp.com\/www.manquepierda.com\/historiarealbetis\/files\/2015\/12\/Montaner.-Jos%C3%A9-Mar%C3%ADa-Garc%C3%ADa-Mart%C3%ADnez-2.jpg?resize=171%2C220&amp;ssl=1 171w, https:\/\/i0.wp.com\/www.manquepierda.com\/historiarealbetis\/files\/2015\/12\/Montaner.-Jos%C3%A9-Mar%C3%ADa-Garc%C3%ADa-Mart%C3%ADnez-2.jpg?w=400&amp;ssl=1 400w\" sizes=\"auto, (max-width: 171px) 100vw, 171px\" \/><\/a><strong>7-Delantero-Extremo Diestro.-Jos\u00e9 Mar\u00eda Garc\u00eda MONTANER (25 a\u00f1os+2 meses+3 d\u00edas)-Naural de Ayora (Valencia).<\/strong><\/p>\n<p style=\"text-align: justify\"><a href=\"https:\/\/www.manquepierda.com\/historiarealbetis\/46189-1962-diciembre-30-primera-athletic-club-bilbao-0-real-betis-balompie-0-53aniversario\/pallares-huertas-antonio-31\/\" rel=\"attachment wp-att-46222\"><img data-recalc-dims=\"1\" loading=\"lazy\" decoding=\"async\" class=\"aligncenter size-thumbnail wp-image-46222\" src=\"https:\/\/i0.wp.com\/www.manquepierda.com\/historiarealbetis\/files\/2015\/12\/Pallar%C3%A9s-Huertas-Antonio.jpg?resize=172%2C220&#038;ssl=1\" alt=\"Pallar\u00e9s Huertas, Antonio\" width=\"172\" height=\"220\" srcset=\"https:\/\/i0.wp.com\/www.manquepierda.com\/historiarealbetis\/files\/2015\/12\/Pallar%C3%A9s-Huertas-Antonio.jpg?resize=172%2C220&amp;ssl=1 172w, https:\/\/i0.wp.com\/www.manquepierda.com\/historiarealbetis\/files\/2015\/12\/Pallar%C3%A9s-Huertas-Antonio.jpg?w=425&amp;ssl=1 425w\" sizes=\"auto, (max-width: 172px) 100vw, 172px\" \/><\/a><strong>8-Delantero-Interior Diestro.-Antonio PALLAR\u00c9S Huertas (22 a\u00f1os+25 d\u00edas)-Natural de Alicante.<\/strong><\/p>\n<p style=\"text-align: justify\"><a href=\"https:\/\/www.manquepierda.com\/historiarealbetis\/46189-1962-diciembre-30-primera-athletic-club-bilbao-0-real-betis-balompie-0-53aniversario\/ansola-sanmartin-fernando-5\/\" rel=\"attachment wp-att-46223\"><img data-recalc-dims=\"1\" loading=\"lazy\" decoding=\"async\" class=\"aligncenter size-thumbnail wp-image-46223\" src=\"https:\/\/i0.wp.com\/www.manquepierda.com\/historiarealbetis\/files\/2015\/12\/Ansola-Sanmart%C3%ADn-Fernando.jpg?resize=124%2C220&#038;ssl=1\" alt=\"Ansola Sanmart\u00edn, Fernando\" width=\"124\" height=\"220\" srcset=\"https:\/\/i0.wp.com\/www.manquepierda.com\/historiarealbetis\/files\/2015\/12\/Ansola-Sanmart%C3%ADn-Fernando.jpg?resize=124%2C220&amp;ssl=1 124w, https:\/\/i0.wp.com\/www.manquepierda.com\/historiarealbetis\/files\/2015\/12\/Ansola-Sanmart%C3%ADn-Fernando.jpg?resize=339%2C600&amp;ssl=1 339w, https:\/\/i0.wp.com\/www.manquepierda.com\/historiarealbetis\/files\/2015\/12\/Ansola-Sanmart%C3%ADn-Fernando.jpg?w=342&amp;ssl=1 342w\" sizes=\"auto, (max-width: 124px) 100vw, 124px\" \/><\/a><strong>9-Centro Delantero-Ariete.-Fernando ANSOLA Sanmart\u00edn (22 a\u00f1os+11 meses+3 d\u00edas)-Natural de Elgoibar (Guip\u00fazcoa).<\/strong><\/p>\n<p style=\"text-align: justify\"><a href=\"https:\/\/www.manquepierda.com\/historiarealbetis\/46189-1962-diciembre-30-primera-athletic-club-bilbao-0-real-betis-balompie-0-53aniversario\/luisaragonessuarez-16\/\" rel=\"attachment wp-att-46224\"><img data-recalc-dims=\"1\" loading=\"lazy\" decoding=\"async\" class=\"aligncenter size-thumbnail wp-image-46224\" src=\"https:\/\/i0.wp.com\/www.manquepierda.com\/historiarealbetis\/files\/2015\/12\/LU%C3%8DSAragon%C3%A9sSu%C3%A1rez.jpg?resize=135%2C220&#038;ssl=1\" alt=\"LU\u00cdSAragon\u00e9sSu\u00e1rez\" width=\"135\" height=\"220\" srcset=\"https:\/\/i0.wp.com\/www.manquepierda.com\/historiarealbetis\/files\/2015\/12\/LU%C3%8DSAragon%C3%A9sSu%C3%A1rez.jpg?resize=135%2C220&amp;ssl=1 135w, https:\/\/i0.wp.com\/www.manquepierda.com\/historiarealbetis\/files\/2015\/12\/LU%C3%8DSAragon%C3%A9sSu%C3%A1rez.jpg?resize=368%2C600&amp;ssl=1 368w, https:\/\/i0.wp.com\/www.manquepierda.com\/historiarealbetis\/files\/2015\/12\/LU%C3%8DSAragon%C3%A9sSu%C3%A1rez.jpg?resize=768%2C1252&amp;ssl=1 768w, https:\/\/i0.wp.com\/www.manquepierda.com\/historiarealbetis\/files\/2015\/12\/LU%C3%8DSAragon%C3%A9sSu%C3%A1rez.jpg?resize=430%2C700&amp;ssl=1 430w, https:\/\/i0.wp.com\/www.manquepierda.com\/historiarealbetis\/files\/2015\/12\/LU%C3%8DSAragon%C3%A9sSu%C3%A1rez.jpg?w=1121&amp;ssl=1 1121w\" sizes=\"auto, (max-width: 135px) 100vw, 135px\" \/><\/a><strong>10-Delantero-Interior Zurdo.-Jos\u00e9-LU\u00cdS-Aragon\u00e9s Su\u00e1rez-Martinez (24 a\u00f1os+5 meses+2 d\u00edas)-Natural de Hortaleza (Madrid).<\/strong><\/p>\n<p style=\"text-align: justify\"><strong><em>\u00abEn el ataque ha gustado extraordinariamente en \u00abSan Mam\u00e9s\u00bb, sobretodo a lo largo del primer tiempo. Casi siempre ha jugado en solitario, obligado a jugadas personales, que ha desarrollado excelentemente\u00bb.<\/em><\/strong><\/p>\n<p style=\"text-align: justify\"><a href=\"https:\/\/www.manquepierda.com\/historiarealbetis\/46189-1962-diciembre-30-primera-athletic-club-bilbao-0-real-betis-balompie-0-53aniversario\/juan-cruz-portilla-sanudo-3\/\" rel=\"attachment wp-att-46225\"><img data-recalc-dims=\"1\" loading=\"lazy\" decoding=\"async\" class=\"aligncenter size-thumbnail wp-image-46225\" src=\"https:\/\/i0.wp.com\/www.manquepierda.com\/historiarealbetis\/files\/2015\/12\/Juan-Cruz-PORTILLA-Sa%C3%B1udo.png?resize=188%2C220&#038;ssl=1\" alt=\"Juan Cruz PORTILLA Sa\u00f1udo\" width=\"188\" height=\"220\" srcset=\"https:\/\/i0.wp.com\/www.manquepierda.com\/historiarealbetis\/files\/2015\/12\/Juan-Cruz-PORTILLA-Sa%C3%B1udo.png?resize=188%2C220&amp;ssl=1 188w, https:\/\/i0.wp.com\/www.manquepierda.com\/historiarealbetis\/files\/2015\/12\/Juan-Cruz-PORTILLA-Sa%C3%B1udo.png?w=191&amp;ssl=1 191w\" sizes=\"auto, (max-width: 188px) 100vw, 188px\" \/><\/a><strong>11-Delantero-Extremo Zurdo.-Juan Cruz PORTILLA Sa\u00f1udo (23 a\u00f1os+11 meses+29 d\u00edas)-Natural de Bilbao (Vizcaya).<\/strong><\/p>\n<p style=\"text-align: center\"><em><strong>\u00abTambi\u00e9n Juan Cruz, alternando en ambos lados del ataque, ha desarrollado una buena labor\u00bb.<\/strong><\/em><\/p>\n<p style=\"text-align: justify\"><em><strong>\u00abPORTILLA, que es jugador b\u00e9tico que m\u00e1s contacto ha mantenido con la Prensa estos d\u00edas con \u00e9l, m\u00e1s conocido, ha manifestado que su equipo juega tanto como hoy cualquier d\u00eda, y que el resultado lo estimaba justo, sobre todo en la primera parte\u00bb.<\/strong><\/em><\/p>\n<p style=\"text-align: justify\">FUENTE.-\u00abHOJA DEL LUNES\u00bb-Sevilla, 31-Diciembre 1962.-Cr\u00f3nica telef\u00f3nica de nuestro corresponsal deportivo \u00abMONCH\u00cdN\u00bb (Ram\u00f3n Mandiola)-Bilbao-domingo 30; 12 noche-TITULARES:<\/p>\n<p style=\"text-align: center\"><strong>\u00abEL BETIS, QUE EMPAT\u00d3 A CERO EN \u00abSAN MAM\u00c9S\u00bb, PUDO GANAR EL PARTIDO\u00bb<\/strong><\/p>\n<p style=\"text-align: center\"><strong>\u00abEl juego de ambos conjuntos fue poco vistoso\u00bb.<\/strong><\/p>\n<p>&nbsp;<\/p>\n","protected":false},"excerpt":{"rendered":"<p>32\u00aa EDICI\u00d3N-CAMPEONATO NACIONAL LIGA PRIMERA DIVISI\u00d3N-TEMPORADA 1962-1963.-DESDE DOMINGO 16 DE SEPTIEMBRE DE 1962 HASTA DOMINGO 21 DE ABRIL DE 1963; AMBOS INCLUSIVE. 1962-DICIEMBEE 30-DOMINGO EN BILBAO-ESTADIO \u00abSAN MAM\u00c9S\u00bb-14\u00aa JORNADA.-Clave Marcador Simult\u00e1neo \u00abDARDO\u00bb: \u00abTrin***Chera TRES ESTRELLAS\u00bb. \u00abLa presencia del Real Betis Balompi\u00e9 en \u00abSan Mam\u00e9s\u00bb evoca viejos recuerdos. Por ejemplo, se recuerda aquel partido, en la&#8230;<\/p>\n","protected":false},"author":48,"featured_media":46190,"comment_status":"open","ping_status":"open","sticky":false,"template":"","format":"standard","meta":{"_kad_post_transparent":"","_kad_post_title":"","_kad_post_layout":"","_kad_post_sidebar_id":"","_kad_post_content_style":"","_kad_post_vertical_padding":"","_kad_post_feature":"","_kad_post_feature_position":"","_kad_post_header":false,"_kad_post_footer":false,"_kad_post_classname":"","_jetpack_memberships_contains_paid_content":false,"footnotes":"","jetpack_publicize_message":"","jetpack_publicize_feature_enabled":true,"jetpack_social_post_already_shared":true,"jetpack_social_options":{"image_generator_settings":{"template":"highway","default_image_id":0,"font":"","enabled":false},"version":2}},"categories":[902,1],"tags":[5369,4280,124,17839],"class_list":["post-46189","post","type-post","status-publish","format-standard","has-post-thumbnail","hentry","category-1960-1969","category-portada","tag-5369","tag-1962-63","tag-athletic-club","tag-liga-primera-1962-63"],"jetpack_publicize_connections":[],"jetpack_featured_media_url":"https:\/\/i0.wp.com\/www.manquepierda.com\/historiarealbetis\/files\/2015\/12\/ath_sanmames_02.jpg?fit=534%2C400&ssl=1","jetpack_sharing_enabled":true,"jetpack_shortlink":"https:\/\/wp.me\/p1ij08-c0Z","jetpack-related-posts":[],"_links":{"self":[{"href":"https:\/\/www.manquepierda.com\/historiarealbetis\/wp-json\/wp\/v2\/posts\/46189","targetHints":{"allow":["GET"]}}],"collection":[{"href":"https:\/\/www.manquepierda.com\/historiarealbetis\/wp-json\/wp\/v2\/posts"}],"about":[{"href":"https:\/\/www.manquepierda.com\/historiarealbetis\/wp-json\/wp\/v2\/types\/post"}],"author":[{"embeddable":true,"href":"https:\/\/www.manquepierda.com\/historiarealbetis\/wp-json\/wp\/v2\/users\/48"}],"replies":[{"embeddable":true,"href":"https:\/\/www.manquepierda.com\/historiarealbetis\/wp-json\/wp\/v2\/comments?post=46189"}],"version-history":[{"count":1,"href":"https:\/\/www.manquepierda.com\/historiarealbetis\/wp-json\/wp\/v2\/posts\/46189\/revisions"}],"predecessor-version":[{"id":99325,"href":"https:\/\/www.manquepierda.com\/historiarealbetis\/wp-json\/wp\/v2\/posts\/46189\/revisions\/99325"}],"wp:featuredmedia":[{"embeddable":true,"href":"https:\/\/www.manquepierda.com\/historiarealbetis\/wp-json\/wp\/v2\/media\/46190"}],"wp:attachment":[{"href":"https:\/\/www.manquepierda.com\/historiarealbetis\/wp-json\/wp\/v2\/media?parent=46189"}],"wp:term":[{"taxonomy":"category","embeddable":true,"href":"https:\/\/www.manquepierda.com\/historiarealbetis\/wp-json\/wp\/v2\/categories?post=46189"},{"taxonomy":"post_tag","embeddable":true,"href":"https:\/\/www.manquepierda.com\/historiarealbetis\/wp-json\/wp\/v2\/tags?post=46189"}],"curies":[{"name":"wp","href":"https:\/\/api.w.org\/{rel}","templated":true}]}}