{"id":46508,"date":"2016-01-11T07:26:23","date_gmt":"2016-01-11T06:26:23","guid":{"rendered":"http:\/\/www.manquepierda.com\/historiarealbetis\/?p=46508"},"modified":"2016-01-10T13:53:39","modified_gmt":"2016-01-10T12:53:39","slug":"entrevista-jose-cano-canito-1984","status":"publish","type":"post","link":"https:\/\/www.manquepierda.com\/historiarealbetis\/entrevista-jose-cano-canito-1984\/","title":{"rendered":"Entrevista Jos\u00e9 Cano \u00abCanito\u00bb 1984"},"content":{"rendered":"<p>&nbsp;<\/p>\n<p><a href=\"https:\/\/i0.wp.com\/www.manquepierda.com\/historiarealbetis\/files\/2016\/01\/canitomagu04.jpg?ssl=1\" rel=\"attachment wp-att-46509\"><img data-recalc-dims=\"1\" loading=\"lazy\" decoding=\"async\" class=\"alignleft wp-image-46509\" src=\"https:\/\/i0.wp.com\/www.manquepierda.com\/historiarealbetis\/files\/2016\/01\/canitomagu04.jpg?resize=377%2C433&#038;ssl=1\" alt=\"canitomagu04\" width=\"377\" height=\"433\" srcset=\"https:\/\/i0.wp.com\/www.manquepierda.com\/historiarealbetis\/files\/2016\/01\/canitomagu04.jpg?w=479&amp;ssl=1 479w, https:\/\/i0.wp.com\/www.manquepierda.com\/historiarealbetis\/files\/2016\/01\/canitomagu04.jpg?resize=192%2C220&amp;ssl=1 192w\" sizes=\"auto, (max-width: 377px) 100vw, 377px\" \/><\/a>Canito jug\u00f3 en el Betis dos temporadas: la 1982-83 y la 1983-84. Al Betis lleg\u00f3 precedido de su notoriedad como jugador de gran calidad t\u00e9cnica y visi\u00f3n de juego desde su puesto de hombre libre de la defensa, y tambi\u00e9n de su conflictividad. Y ambas parcelas las corrobor\u00f3 durante su estancia en el club verdiblanco.<\/p>\n<p>Esta entrevista se realiz\u00f3 a finales de julio de 1984, durante la estancia del equipo en Vilob\u00ed, la localidad catalana en la que el Betis realiza las pretemporadas en la primera mitad de los a\u00f1os 80. En ella podemos leer las palabras de Canito, un jugador desmoralizado y con ganas de abandonar el f\u00fatbol a final de esa temporada que se iba a iniciar.<\/p>\n<p>Lo que s\u00ed abandon\u00f3 fue su permanencia en el Betis, como pudimos leer \u00a0en una entrevista al entrenador Pepe Alzate\u00a0que reproducimos <a href=\"https:\/\/www.manquepierda.com\/historiarealbetis\/45217-entrevista-pepe-alzate-1984\/\">aqu\u00ed<\/a>.<\/p>\n<p>Tras su marcha del Betis Canito se enrol\u00f3 en el Zaragoza una temporada m\u00e1s.<\/p>\n<p>&nbsp;<\/p>\n<p>&nbsp;<\/p>\n<p><span style=\"color: #008000\"><em>Jos\u00e9 Cano L\u00f3pez, Canito, va a iniciar su tercera temporada en el Real Betis. Una temporada 1984-85 que puede significar, \u201cexiste un noventa por ciento de posibilidades\u201d, su despedida del f\u00fatbol en activo. Desde Vilob\u00ed, desde la concentraci\u00f3n que la primera plantilla verdiblanca realiza en tierras catalanas, el l\u00edbero verdiblanco habla claro. Confiesa que ha perdido la ilusi\u00f3n por el f\u00fatbol y que no sabe qu\u00e9 ha pasado para que perdiera la titularidad en el Betis en la \u00faltima temporada. Sin embargo, y pese a todo, Canito es tajante: \u201cJuegue o no juegue yo soy titular\u201d.<\/em><\/span><\/p>\n<p><span style=\"color: #008000\"><em>En Vilob\u00ed, el Betis afina la puesta a punto ante la temporada que se avecina. La del reencuentro con Europa. Ser\u00e1 en la Copa de la UEFA, y el equipo quiere llegar lejos como hiciera en aquella Recopa de la temporada 1977-78. Y en Vilob\u00ed el Betis se prepara. Desde all\u00ed habla Canito para ABC\u2026<\/em><\/span><\/p>\n<p>&nbsp;<\/p>\n<ul>\n<li><span style=\"color: #008000\"><em>\u00bfTemporada nueva, vida nueva?<\/em><\/span><\/li>\n<li><span style=\"color: #008000\"><em>Yo que s\u00e9. Intento hacerlo como todo el mundo, pero sufro mucho en los entrenamientos. Se me nota la inactividad de la \u00faltima temporada. Se est\u00e1 imprimiendo un ritmo muy fuerte a los entrenamientos y lo paso muy mal, pero mejoro poco a poco. Pienso que en un par de semanas estar\u00e9 como el resto. \u00bfAgujetas? Todas. Tengo agujetas hasta en las cejas. Ando fatal y sufro mucho. La mayor\u00eda de mis compa\u00f1eros ha llegado bien a esta concentraci\u00f3n. El problema es m\u00edo.<\/em><\/span><\/li>\n<li><span style=\"color: #008000\"><em>Hablas de la inactividad de la \u00faltima temporada. Perdiste la titularidad\u2026<\/em><\/span><\/li>\n<li><span style=\"color: #008000\"><em>Yo ser\u00e9 titular aunque no juegue<\/em><\/span><\/li>\n<li><span style=\"color: #008000\"><em>\u00bfQu\u00e9 pas\u00f3 entonces?<\/em><\/span><\/li>\n<li><span style=\"color: #008000\"><em>No puedo decir mi problema porque ni yo mismo lo s\u00e9. Es problema del que quiso por narices que yo no jugara. Yo s\u00f3lo s\u00e9 que no jugu\u00e9. Puedo asegurar que soy uno m\u00e1s de la plantilla, pero s\u00e9 que tengo que jugar, aunque yo no desprecio a ninguno de mis compa\u00f1eros. Seguro que jugar\u00e9. Lo que pasa es que hay cosas\u2026<\/em><\/span><\/li>\n<\/ul>\n<p>&nbsp;<\/p>\n<p><span style=\"color: #008000\"><em>Canito es torrente de palabras. Habla claro y no quiere dejarse nada en el tintero\u2026<\/em><\/span><\/p>\n<ul>\n<li><span style=\"color: #008000\"><em>Casi seguro que colgar\u00e9 las botas a final de esta temporada. Existe un noventa por ciento de posibilidades de que lo haga. Es que no hay f\u00fatbol\u2026 Yo he perdido la ilusi\u00f3n y me encuentro cansado. Son ya once las temporadas que llevo jugando en Primera Divisi\u00f3n y he perdido la ilusi\u00f3n. Ahora bien, cumplir\u00e9 este temporada que me resta con el Betis, donde tratar\u00e9 de hacerlo lo mejor posible y triunfar. Son unas promesas que he hecho a mi entrenador y a mi chavalita, a mi novia. L\u00f3gicamente esto intentar\u00e9 hacerlo si no surgen inconvenientes.<\/em><\/span><\/li>\n<li><span style=\"color: #008000\"><em>\u00bfLos mismos de la temporada pasada?<\/em><\/span><\/li>\n<li><span style=\"color: #008000\"><em>No s\u00e9 qu\u00e9 podr\u00eda ser. En esto del f\u00fatbol, ya se sabe, hay mucha mafia.<\/em><\/span><\/li>\n<li><span style=\"color: #008000\"><em>T\u00fa tienes la conciencia tranquila de haber cumplido\u2026<\/em><\/span><\/li>\n<li><span style=\"color: #008000\"><em>Por supuesto. En la primera temporada en el Betis triunf\u00e9. En la segunda iba por el mismo camino hasta que alguien se empe\u00f1\u00f3 en que yo no jugara y\u2026<\/em><\/span><\/li>\n<li><span style=\"color: #008000\"><em>\u00bfSabes que se ha hablado de que podr\u00edas haber ido al Mallorca con Casado si el Betis hubiese fichado a Mart\u00ednez?<\/em><\/span><\/li>\n<li><span style=\"color: #008000\"><em>\u00bfA qui\u00e9n?<\/em><\/span><\/li>\n<li><span style=\"color: #008000\"><em>A Mart\u00ednez, del Mallorca\u2026<\/em><\/span><\/li>\n<li><span style=\"color: #008000\"><em>No sab\u00eda nada de eso. Me trae sin cuidado. Tambi\u00e9n se dio que iba a ir al Valladolid y era todo mentira<\/em><\/span><\/li>\n<li><span style=\"color: #008000\"><em>\u00bfC\u00f3mo ves al Betis ante la pr\u00f3xima temporada?<\/em><\/span><\/li>\n<li><span style=\"color: #008000\"><em>Al Betis siempre lo veo igual. Yo sigo igual tambi\u00e9n. Ahora tenemos nuevas esperanzas ante la participaci\u00f3n en la Copa de la UEFA, en la que habr\u00e1 que seguir luchando. Yo tengo una cosa muy clara: si no triunfas, es muy f\u00e1cil que te echen<\/em><\/span><\/li>\n<li><span style=\"color: #008000\"><em>\u00bfLe falta algo al equipo ante esta pr\u00f3xima temporada?<\/em><\/span><\/li>\n<li><span style=\"color: #008000\"><em>Al final de la misma te lo dir\u00e9<\/em><\/span><\/li>\n<\/ul>\n<p><span style=\"color: #008000\"><em>Y Canito contin\u00faa quej\u00e1ndose de las agujetas: \u201cMe duele todo. Estos entrenamientos son muy fuertes y yo no estoy acostumbrado a correr tanto. Yo s\u00e9 jugar al f\u00fatbol\u2026\u201d<\/em><\/span><\/p>\n<p>Fuente: J. Lebr\u00f3n en ABC 26 de julio de 1984<\/p>\n","protected":false},"excerpt":{"rendered":"<p>&nbsp; Canito jug\u00f3 en el Betis dos temporadas: la 1982-83 y la 1983-84. Al Betis lleg\u00f3 precedido de su notoriedad como jugador de gran calidad t\u00e9cnica y visi\u00f3n de juego desde su puesto de hombre libre de la defensa, y tambi\u00e9n de su conflictividad. Y ambas parcelas las corrobor\u00f3 durante su estancia en el club&#8230;<\/p>\n","protected":false},"author":5,"featured_media":46509,"comment_status":"open","ping_status":"open","sticky":false,"template":"","format":"standard","meta":{"_kad_post_transparent":"","_kad_post_title":"","_kad_post_layout":"","_kad_post_sidebar_id":"","_kad_post_content_style":"","_kad_post_vertical_padding":"","_kad_post_feature":"","_kad_post_feature_position":"","_kad_post_header":false,"_kad_post_footer":false,"_kad_post_classname":"","_jetpack_memberships_contains_paid_content":false,"footnotes":"","jetpack_publicize_message":"","jetpack_publicize_feature_enabled":true,"jetpack_social_post_already_shared":true,"jetpack_social_options":{"image_generator_settings":{"template":"highway","default_image_id":0,"font":"","enabled":false},"version":2}},"categories":[904,893,1],"tags":[3115,13356],"class_list":["post-46508","post","type-post","status-publish","format-standard","has-post-thumbnail","hentry","category-1980-1989","category-jugadores-temas","category-portada","tag-3115","tag-jose-cano-canito"],"jetpack_publicize_connections":[],"jetpack_featured_media_url":"https:\/\/i0.wp.com\/www.manquepierda.com\/historiarealbetis\/files\/2016\/01\/canitomagu04.jpg?fit=479%2C550&ssl=1","jetpack_sharing_enabled":true,"jetpack_shortlink":"https:\/\/wp.me\/p1ij08-c68","jetpack-related-posts":[],"_links":{"self":[{"href":"https:\/\/www.manquepierda.com\/historiarealbetis\/wp-json\/wp\/v2\/posts\/46508","targetHints":{"allow":["GET"]}}],"collection":[{"href":"https:\/\/www.manquepierda.com\/historiarealbetis\/wp-json\/wp\/v2\/posts"}],"about":[{"href":"https:\/\/www.manquepierda.com\/historiarealbetis\/wp-json\/wp\/v2\/types\/post"}],"author":[{"embeddable":true,"href":"https:\/\/www.manquepierda.com\/historiarealbetis\/wp-json\/wp\/v2\/users\/5"}],"replies":[{"embeddable":true,"href":"https:\/\/www.manquepierda.com\/historiarealbetis\/wp-json\/wp\/v2\/comments?post=46508"}],"version-history":[{"count":0,"href":"https:\/\/www.manquepierda.com\/historiarealbetis\/wp-json\/wp\/v2\/posts\/46508\/revisions"}],"wp:featuredmedia":[{"embeddable":true,"href":"https:\/\/www.manquepierda.com\/historiarealbetis\/wp-json\/wp\/v2\/media\/46509"}],"wp:attachment":[{"href":"https:\/\/www.manquepierda.com\/historiarealbetis\/wp-json\/wp\/v2\/media?parent=46508"}],"wp:term":[{"taxonomy":"category","embeddable":true,"href":"https:\/\/www.manquepierda.com\/historiarealbetis\/wp-json\/wp\/v2\/categories?post=46508"},{"taxonomy":"post_tag","embeddable":true,"href":"https:\/\/www.manquepierda.com\/historiarealbetis\/wp-json\/wp\/v2\/tags?post=46508"}],"curies":[{"name":"wp","href":"https:\/\/api.w.org\/{rel}","templated":true}]}}