{"id":46707,"date":"2016-01-23T10:47:16","date_gmt":"2016-01-23T09:47:16","guid":{"rendered":"http:\/\/www.manquepierda.com\/historiarealbetis\/?p=46707"},"modified":"2024-08-30T08:01:52","modified_gmt":"2024-08-30T06:01:52","slug":"1967-enero-22-segunda-real-betis-balompie-2-real-murcia-0-49aniversario","status":"publish","type":"post","link":"https:\/\/www.manquepierda.com\/historiarealbetis\/1967-enero-22-segunda-real-betis-balompie-2-real-murcia-0-49aniversario\/","title":{"rendered":"1967-Enero 22-Segunda.-Real Betis Balompi\u00e9-2 Real Murcia-0.-49Aniversario."},"content":{"rendered":"<p style=\"text-align: justify\">XXVI EDICI\u00d3N-CAMPEONATO NACIONAL LIGA SEGUNDA DIVISI\u00d3N-GRUPO II-TEMPORARADA 1966-1967.-DESDE DOMINGO 11 DE SEPTIEMBRE DE 1966 HASTA DOMINGO 23 DE ABRIL DE 1967; AMBAS FECHAS INCLUSIVE.<\/p>\n<p style=\"text-align: center\"><a href=\"https:\/\/www.manquepierda.com\/historiarealbetis\/46707-1967-enero-22-segunda-real-betis-balompie-2-real-murcia-0-49aniversario\/19670122srrn1\/\" rel=\"attachment wp-att-46710\"><img data-recalc-dims=\"1\" loading=\"lazy\" decoding=\"async\" class=\"aligncenter size-medium wp-image-46710\" src=\"https:\/\/i0.wp.com\/www.manquepierda.com\/historiarealbetis\/files\/2016\/01\/19670122SRRN1.jpg?resize=680%2C395&#038;ssl=1\" alt=\"19670122SRRN1\" width=\"680\" height=\"395\" srcset=\"https:\/\/i0.wp.com\/www.manquepierda.com\/historiarealbetis\/files\/2016\/01\/19670122SRRN1.jpg?resize=680%2C395&amp;ssl=1 680w, https:\/\/i0.wp.com\/www.manquepierda.com\/historiarealbetis\/files\/2016\/01\/19670122SRRN1.jpg?resize=220%2C128&amp;ssl=1 220w, https:\/\/i0.wp.com\/www.manquepierda.com\/historiarealbetis\/files\/2016\/01\/19670122SRRN1.jpg?resize=768%2C446&amp;ssl=1 768w, https:\/\/i0.wp.com\/www.manquepierda.com\/historiarealbetis\/files\/2016\/01\/19670122SRRN1.jpg?resize=960%2C557&amp;ssl=1 960w, https:\/\/i0.wp.com\/www.manquepierda.com\/historiarealbetis\/files\/2016\/01\/19670122SRRN1.jpg?w=1906&amp;ssl=1 1906w\" sizes=\"auto, (max-width: 680px) 100vw, 680px\" \/><\/a><em><strong>\u00abUna situaci\u00f3n de peligro ante el marco \u00abpimentonero\u00bb-Bal\u00f3n blanco con estrellas verdes.-Foto Serrano-ABC-SE-19670124-Martes.<\/strong><\/em><\/p>\n<p style=\"text-align: justify\"><strong>1967-ENERO 22-DOMINGO EN LA \u00abCIUDAD DEL SOL\u00bb-16&#8217;30 HORAS \u00abESTADIO BENITO VILLAMAR\u00cdN\u00bb 18\u00aa JORNADA (NOVENO PARTIDO DE ABONO).-Clave Marcador Simult\u00e1neo \u00abDARDO\u00bb-LETRA \u00abT\u00bb.<\/strong><\/p>\n<p style=\"text-align: justify\"><a href=\"https:\/\/www.manquepierda.com\/historiarealbetis\/46707-1967-enero-22-segunda-real-betis-balompie-2-real-murcia-0-49aniversario\/julio-de-la-puerta-castro-9\/\" rel=\"attachment wp-att-46711\"><img data-recalc-dims=\"1\" loading=\"lazy\" decoding=\"async\" class=\"alignright size-thumbnail wp-image-46711\" src=\"https:\/\/i0.wp.com\/www.manquepierda.com\/historiarealbetis\/files\/2016\/01\/Julio-De-la-Puerta-Castro.jpg?resize=220%2C166&#038;ssl=1\" alt=\"Julio De la Puerta Castro\" width=\"220\" height=\"166\" srcset=\"https:\/\/i0.wp.com\/www.manquepierda.com\/historiarealbetis\/files\/2016\/01\/Julio-De-la-Puerta-Castro.jpg?resize=220%2C166&amp;ssl=1 220w, https:\/\/i0.wp.com\/www.manquepierda.com\/historiarealbetis\/files\/2016\/01\/Julio-De-la-Puerta-Castro.jpg?resize=680%2C512&amp;ssl=1 680w, https:\/\/i0.wp.com\/www.manquepierda.com\/historiarealbetis\/files\/2016\/01\/Julio-De-la-Puerta-Castro.jpg?resize=768%2C578&amp;ssl=1 768w, https:\/\/i0.wp.com\/www.manquepierda.com\/historiarealbetis\/files\/2016\/01\/Julio-De-la-Puerta-Castro.jpg?w=861&amp;ssl=1 861w\" sizes=\"auto, (max-width: 220px) 100vw, 220px\" \/><\/a><strong>Don Julio Antonio DE LA PUERTA Castro (45 a\u00f1os+6 meses+5 d\u00edas)-Industrial\/Ganadero.-Natural de Osuna (Sevilla), domingo 17 de Julio de 1921.-Obituario en Sevilla, viernes 15 de Noviembre de 2002 (81 A\u00f1os+4 meses menos 2 d\u00edas) D. E. P.<\/strong><\/p>\n<p style=\"text-align: justify\"><strong><em>Pancarta en la Tribuna de Fondo: \u00abDE LA PUERTA, ESTAMOS CONTIGO\u00bb.<\/em><\/strong><\/p>\n<p style=\"text-align: justify\"><a href=\"https:\/\/www.manquepierda.com\/historiarealbetis\/46707-1967-enero-22-segunda-real-betis-balompie-2-real-murcia-0-49aniversario\/antonio-barrios-seoane-9\/\" rel=\"attachment wp-att-46712\"><img data-recalc-dims=\"1\" loading=\"lazy\" decoding=\"async\" class=\"alignleft size-thumbnail wp-image-46712\" src=\"https:\/\/i0.wp.com\/www.manquepierda.com\/historiarealbetis\/files\/2016\/01\/Antonio-Barrios-Seoane.jpg?resize=214%2C220&#038;ssl=1\" alt=\"Antonio Barrios Seoane\" width=\"214\" height=\"220\" srcset=\"https:\/\/i0.wp.com\/www.manquepierda.com\/historiarealbetis\/files\/2016\/01\/Antonio-Barrios-Seoane.jpg?resize=214%2C220&amp;ssl=1 214w, https:\/\/i0.wp.com\/www.manquepierda.com\/historiarealbetis\/files\/2016\/01\/Antonio-Barrios-Seoane.jpg?resize=585%2C600&amp;ssl=1 585w, https:\/\/i0.wp.com\/www.manquepierda.com\/historiarealbetis\/files\/2016\/01\/Antonio-Barrios-Seoane.jpg?w=608&amp;ssl=1 608w\" sizes=\"auto, (max-width: 214px) 100vw, 214px\" \/><\/a><strong>3\/3 ENTRENADOR REAL BETIS BALOMPI\u00c9-TEMPORADA 1966-1967, DESDE LA 18\u00aa HASTA LA 30\u00aa JORNADA, AMBAS INCLUSIVE.<\/strong><\/p>\n<p style=\"text-align: justify\"><strong>Antonio BARRIOS Seoane (56 a\u00f1os+8 meses+1 d\u00eda).-Natural de Getxo (Vizcaya), s\u00e1bado 21 de Mayo de 1910.-Obituario en San Sebasti\u00e1n (Guip\u00fazcoa), lunes 19 de Agosto de 2002 (92 A\u00f1os+3 meses menos 2 d\u00edas) D. E. P.<\/strong><\/p>\n<p style=\"text-align: justify\"><em><strong>\u00abTito Antonio\u00bb al dirigirse al foso del entrenador local, fue cari\u00f1osamente aplaudido por los aficionados b\u00e9ticos.<\/strong><\/em><\/p>\n<p style=\"text-align: center\">\u00abOPINAN LOS ENTRENADORES\u00bb por BORMUJO.-\u00abHOJA DEL LUNES\u00bb-Sevilla 220123:<\/p>\n<p style=\"text-align: center\"><em><strong>\u00abBARRIOS CONTENTO&#8230;, PERO EXIGENTE\u00bb.<\/strong><\/em><\/p>\n<p style=\"text-align: justify\">\u00abCiertamente la reaparici\u00f3n de Barrios hab\u00eda sido exitosa. Pero m\u00e1s que por la victoria por \u00ablo visto\u00bb. Porque al Real Betis Balompi\u00e9 se le ha visto \u00abotro aire\u00bb, que puede soplar mejor en cuanto el t\u00e9cnico vallisoletano consiga inculcarle ese \u00abduende\u00bb que atesora&#8230; Por todo, Antonio Barrios se mostraba satisfecho&#8230; aunque exigente.<\/p>\n<p style=\"text-align: justify\"><strong>&#8211;El partido ha sido re\u00f1ido y bien jugado por ambas partes. En el primer tiempo hubo m\u00e1s f\u00fatbol por nuestro lado, y en la continuaci\u00f3n m\u00e1s fuerza, m\u00e1s esp\u00edritu de lucha y se corri\u00f3 m\u00e1s, lo que evidencia un buen fondo de los chicos. La victoria, por ello, ha sido justa; sin embargo, como soy ego\u00edsta, quiero, y lo espero, que el Betis Balompi\u00e9 rinda m\u00e1s. Esta tarde, frente a un adversario que ha luchado bastante y que se ha defendido con dientes y u\u00f1as, han demostrado capacidad y clase para imponerse; pero ello es poco en un conjunto como el Betis, que aspira a tanto, a ascender.<\/strong><\/p>\n<p style=\"text-align: justify\">&#8211;\u00bfQue te ha parecido el Real Murcia?<\/p>\n<p style=\"text-align: justify\"><strong>&#8211;El Murcia tir\u00f3 poco a puerta. Posiblemente la lesi\u00f3n de Maraver le habr\u00e1 perjudicado en el rendimiento general. Reconozco que batall\u00f3 mucho y que tiene dos o tres chicos que pueden ser figuras en el f\u00fatbol.\u00a0 A m\u00ed, personalmente me han gustado.<\/strong><\/p>\n<p style=\"text-align: justify\">&#8211;\u00bfQui\u00e9nes son?<\/p>\n<p style=\"text-align: justify\"><strong>&#8211;\u00abLalo\u00bb y el que reemplaz\u00f3 a Maraver en el segundo tiempo. Son magn\u00edficos jugadores. Muy pr\u00e1cticos.<\/strong><\/p>\n<p style=\"text-align: justify\">&#8211;\u00bfC\u00f3mo ves el resultado registrado?<\/p>\n<p style=\"text-align: justify\"><strong>&#8211;Me conformo, porque vale dos puntos; pero, en el fondo, me parece corto. El Real Betis tuvo ocasiones para ampliar el triunfo por un margen mayor.<\/strong><\/p>\n<p style=\"text-align: justify\">&#8211;\u00bfY qu\u00e9 crees lo impidi\u00f3?<\/p>\n<p style=\"text-align: justify\"><strong>&#8211;El af\u00e1n de asegurar la punter\u00eda y el de apurar las jugadas cuando hab\u00eda ocasi\u00f3n para el remate. Aparte de la fortuna; como, por ejemplo, la falta directa que ejecut\u00f3 Rogelio, y que, despu\u00e9s de deslizarse por el borde inferior del larguero, desde una cruceta a la otra, sali\u00f3 inexplicablemente fuera.<\/strong><\/p>\n<p style=\"text-align: justify\">&#8211;Resumiendo&#8230;<\/p>\n<p style=\"text-align: justify\"><strong>&#8211;Que estoy conforme con la victoria, pero hay que trabajar m\u00e1s\u00bb.<\/strong><\/p>\n<p style=\"text-align: center\">Arbitr\u00f3 el colegiado valenciano Miguel MOYA APARICI:<\/p>\n<p style=\"text-align: center\"><em>\u00abTuvo errores de apreciaci\u00f3n que perjudic\u00f3 al Real Betis Balompi\u00e9, pero sin influir en el resultado. Algunos de sus errores fueron consecuencia de estar mal ayudado en una de las l\u00edneas de banda\u00bb.<\/em>-(IGARFE).<\/p>\n<p style=\"text-align: justify\"><em><strong>\u00abCapitaneados por Eduardo G\u00f3mez (a) \u00abLalo\u00bb y Eusebio R\u00edos, respectivamente, ambas escuadras quedaron formadas as\u00ed formadas:<\/strong><\/em><\/p>\n<p style=\"text-align: justify\"><strong>QUINTO CLASIFICADO CON 22 PUNTOS Y M\u00c1S 4 POSITIVOS (En Villamar\u00edn: 7-Ganados+0-Empatados+2-Perdidos.-Fuera: 3-Ganados+2-Empatados+4-Perdidos) 25 GOLES A FAVOR Y 16-TANTOS EN CONTRA.<\/strong><\/p>\n<p style=\"text-align: center\"><a href=\"https:\/\/www.manquepierda.com\/historiarealbetis\/46151-1963-diciembre-29-primera-real-betis-balompie-2-rzaragoza-1-52aniversario\/1957-rbb-16\/\" rel=\"attachment wp-att-46156\"><img data-recalc-dims=\"1\" loading=\"lazy\" decoding=\"async\" class=\"aligncenter size-full wp-image-46156\" src=\"https:\/\/i0.wp.com\/www.manquepierda.com\/historiarealbetis\/files\/2015\/12\/1957-RBB.jpg?resize=154%2C154&#038;ssl=1\" alt=\"1957-RBB\" width=\"154\" height=\"154\" \/><\/a><strong>REAL BETIS BALOMPI\u00c9-2 GOLES.<\/strong><\/p>\n<p style=\"text-align: justify\"><a href=\"https:\/\/www.manquepierda.com\/historiarealbetis\/46281-1967-enero-01-segunda-real-betis-balompie-2-badalona-cf-0-48aniversario\/jose-garcia-campillo-en-una-fotografia-de-epoca-twitter-2\/\" rel=\"attachment wp-att-46289\"><img data-recalc-dims=\"1\" loading=\"lazy\" decoding=\"async\" class=\"aligncenter size-thumbnail wp-image-46289\" src=\"https:\/\/i0.wp.com\/www.manquepierda.com\/historiarealbetis\/files\/2015\/12\/jose-garcia-campillo-en-una-fotografia-de-epoca-twitter-1.jpg?resize=220%2C203&#038;ssl=1\" alt=\"jose-garcia-campillo--en-una-fotografia-de-epoca--twitter\" width=\"220\" height=\"203\" srcset=\"https:\/\/i0.wp.com\/www.manquepierda.com\/historiarealbetis\/files\/2015\/12\/jose-garcia-campillo-en-una-fotografia-de-epoca-twitter-1.jpg?resize=220%2C203&amp;ssl=1 220w, https:\/\/i0.wp.com\/www.manquepierda.com\/historiarealbetis\/files\/2015\/12\/jose-garcia-campillo-en-una-fotografia-de-epoca-twitter-1.jpg?w=405&amp;ssl=1 405w\" sizes=\"auto, (max-width: 220px) 100vw, 220px\" \/><\/a><strong>1-Guardameta.-Imbatido.-Jos\u00e9 Garc\u00eda CAMPILLO (33 a\u00f1os+10 meses+6 d\u00edas).-Natural de Guardamar del Segura (Alicante), jueves 16 de Marzo de 1933.-Obituario en Hospital de Torrevieja (Alicante), lunes 09 de Noviembre de 2015 (82 A\u00f1os+8 meses menos 7 d\u00edas).-D. E. P.<\/strong><\/p>\n<p style=\"text-align: center\"><strong>Zagueros:<\/strong><\/p>\n<p style=\"text-align: justify\"><strong>2-Lateral Diestro.-Francisco APARICIO Rambal.<\/strong><\/p>\n<p style=\"text-align: justify\"><strong>5-Central.-Eusebio R\u00cdOS Fern\u00e1ndez (Capit\u00e1n).<\/strong><\/p>\n<p style=\"text-align: justify\"><strong>3-Lateral Zurdo.-Francisco Labrado TELECH\u00cdA.<\/strong><\/p>\n<p style=\"text-align: center\"><strong>Medios:<\/strong><\/p>\n<p style=\"text-align: justify\"><strong>4-Diestro.-Joaqu\u00edn Sierra Vallejo (a) \u00abQUINO\u00bb.<\/strong><\/p>\n<p style=\"text-align: justify\"><a href=\"https:\/\/www.manquepierda.com\/historiarealbetis\/46281-1967-enero-01-segunda-real-betis-balompie-2-badalona-cf-0-48aniversario\/miguel-azcarate-iceta-9\/\" rel=\"attachment wp-att-46291\"><img data-recalc-dims=\"1\" loading=\"lazy\" decoding=\"async\" class=\"size-thumbnail wp-image-46291 alignleft\" src=\"https:\/\/i0.wp.com\/www.manquepierda.com\/historiarealbetis\/files\/2015\/12\/Miguel-azcarate-iceta-1.jpg?resize=125%2C220&#038;ssl=1\" alt=\"Miguel-azcarate-iceta\" width=\"125\" height=\"220\" srcset=\"https:\/\/i0.wp.com\/www.manquepierda.com\/historiarealbetis\/files\/2015\/12\/Miguel-azcarate-iceta-1.jpg?resize=125%2C220&amp;ssl=1 125w, https:\/\/i0.wp.com\/www.manquepierda.com\/historiarealbetis\/files\/2015\/12\/Miguel-azcarate-iceta-1.jpg?resize=340%2C600&amp;ssl=1 340w, https:\/\/i0.wp.com\/www.manquepierda.com\/historiarealbetis\/files\/2015\/12\/Miguel-azcarate-iceta-1.jpg?resize=397%2C700&amp;ssl=1 397w, https:\/\/i0.wp.com\/www.manquepierda.com\/historiarealbetis\/files\/2015\/12\/Miguel-azcarate-iceta-1.jpg?w=435&amp;ssl=1 435w\" sizes=\"auto, (max-width: 125px) 100vw, 125px\" \/><\/a><em><strong>\u00abA AZC\u00c1RATE le sali\u00f3 un partido \u00abredondo\u00bb, por Ignacio Garc\u00eda Ferreira.-\u00abHoja del Lunes\u00bb-Sevilla, 23 de Enero de 1967.<br \/>\n<\/strong><\/em><\/p>\n<p style=\"text-align: justify\"><em><strong>En este espacio se recompensa no la fulgurante actuaci\u00f3n de una jornada, salvo que la labor sea aut\u00e9nticamente fuera de serie. En realidad, prestamos m\u00e1s atenci\u00f3n al rendimiento de un jugador para el equipo, y no puede negarse que Miguel es un hombre que, jornada tras jornada, es pe\u00f3n decisivo en el esquema de juego verdiblanco.<\/strong><\/em><\/p>\n<p style=\"text-align: justify\"><em><strong>No s\u00f3lo cierra en espl\u00e9ndida actuaci\u00f3n de apoyo a la defensa, sino que tambi\u00e9n manda en la zona central.-<\/strong><\/em><strong>Su labor frente al Murcia tuvo una sobriedad efectiva que bien merece <em>se le d\u00e9 la Copa de \u00abFundador\u00bb Domecq, el co\u00f1ac que est\u00e1 \u00a1como nunca\u00a1<\/em><\/strong><\/p>\n<p style=\"text-align: justify\"><strong>6-Zurdo.-Miguel AZC\u00c1RATE Iceta (28 a\u00f1os+3 meses+3 d\u00edas).-Natural de A\u00f1orga (Guip\u00fazcoa), mi\u00e9rcoles 19 de Octubre de 1938.<\/strong><\/p>\n<p style=\"text-align: center\"><strong>Delanteros:<\/strong><\/p>\n<p style=\"text-align: justify\"><strong><a href=\"https:\/\/www.manquepierda.com\/historiarealbetis\/46707-1967-enero-22-segunda-real-betis-balompie-2-real-murcia-0-49aniversario\/fernando-giron-de-la-fuente-7\/\" rel=\"attachment wp-att-46715\"><img data-recalc-dims=\"1\" loading=\"lazy\" decoding=\"async\" class=\"alignleft size-thumbnail wp-image-46715\" src=\"https:\/\/i0.wp.com\/www.manquepierda.com\/historiarealbetis\/files\/2016\/01\/Fernando-GIR%C3%93N-De-la-Fuente.jpg?resize=129%2C220&#038;ssl=1\" alt=\"Fernando GIR\u00d3N De la Fuente\" width=\"129\" height=\"220\" srcset=\"https:\/\/i0.wp.com\/www.manquepierda.com\/historiarealbetis\/files\/2016\/01\/Fernando-GIR%C3%93N-De-la-Fuente.jpg?resize=129%2C220&amp;ssl=1 129w, https:\/\/i0.wp.com\/www.manquepierda.com\/historiarealbetis\/files\/2016\/01\/Fernando-GIR%C3%93N-De-la-Fuente.jpg?resize=352%2C600&amp;ssl=1 352w, https:\/\/i0.wp.com\/www.manquepierda.com\/historiarealbetis\/files\/2016\/01\/Fernando-GIR%C3%93N-De-la-Fuente.jpg?w=363&amp;ssl=1 363w\" sizes=\"auto, (max-width: 129px) 100vw, 129px\" \/><\/a>7-Extremo Diestro.-Fernando GIR\u00d3N De la Fuente (28 a\u00f1os+15 d\u00edas).-Natural de San Marcial (Zamora), s\u00e1bado 07 de Enero de 1939.<br \/>\n<\/strong><\/p>\n<p style=\"text-align: center\"><a href=\"https:\/\/www.manquepierda.com\/historiarealbetis\/46707-1967-enero-22-segunda-real-betis-balompie-2-real-murcia-0-49aniversario\/giron-1-0\/\" rel=\"attachment wp-att-46716\"><img data-recalc-dims=\"1\" loading=\"lazy\" decoding=\"async\" class=\"alignright size-thumbnail wp-image-46716\" src=\"https:\/\/i0.wp.com\/www.manquepierda.com\/historiarealbetis\/files\/2016\/01\/GIR%C3%93N-1-0.jpg?resize=220%2C195&#038;ssl=1\" alt=\"GIR\u00d3N 1-0\" width=\"220\" height=\"195\" srcset=\"https:\/\/i0.wp.com\/www.manquepierda.com\/historiarealbetis\/files\/2016\/01\/GIR%C3%93N-1-0.jpg?resize=220%2C195&amp;ssl=1 220w, https:\/\/i0.wp.com\/www.manquepierda.com\/historiarealbetis\/files\/2016\/01\/GIR%C3%93N-1-0.jpg?resize=676%2C600&amp;ssl=1 676w, https:\/\/i0.wp.com\/www.manquepierda.com\/historiarealbetis\/files\/2016\/01\/GIR%C3%93N-1-0.jpg?resize=768%2C682&amp;ssl=1 768w, https:\/\/i0.wp.com\/www.manquepierda.com\/historiarealbetis\/files\/2016\/01\/GIR%C3%93N-1-0.jpg?resize=789%2C700&amp;ssl=1 789w, https:\/\/i0.wp.com\/www.manquepierda.com\/historiarealbetis\/files\/2016\/01\/GIR%C3%93N-1-0.jpg?w=1058&amp;ssl=1 1058w\" sizes=\"auto, (max-width: 220px) 100vw, 220px\" \/><\/a><em><strong>1-0.-22 minutos.<\/strong><\/em><\/p>\n<p style=\"text-align: justify\"><em><strong>\u00abAPARICIO centra muy bien, toca PALLAR\u00c9S sobre LANDA, que mete el pie.<\/strong><\/em><\/p>\n<p style=\"text-align: justify\"><em><strong> El bal\u00f3n sale forzado, pero lo alcanza Fernando, y, de chut por bajo bate a Jos\u00e9 Lu\u00eds BORJA\u00bb.<\/strong><\/em><\/p>\n<p style=\"text-align: justify\"><strong>Foto Serrano.-A.B.C.-Sevilla, martes 24-Enero-1967.<\/strong><\/p>\n<p style=\"text-align: justify\"><strong>8-Interior Diestro.-Jos\u00e9 GONZ\u00c1LEZ Gonz\u00e1lez (a) \u00abPepe Gonz\u00e1lez\u00bb.<\/strong><\/p>\n<p style=\"text-align: justify\"><strong>9-Centro delantero-Ariete.-Jes\u00fas Mar\u00eda LANDA Berasat\u00e9gui.<\/strong><\/p>\n<p style=\"text-align: justify\"><strong>10-Interior Zurdo.-Antonio PALLAR\u00c9S Huertas.<\/strong><\/p>\n<p style=\"text-align: justify\"><a href=\"https:\/\/www.manquepierda.com\/historiarealbetis\/46707-1967-enero-22-segunda-real-betis-balompie-2-real-murcia-0-49aniversario\/rogelio-2-9\/\" rel=\"attachment wp-att-46717\"><img data-recalc-dims=\"1\" loading=\"lazy\" decoding=\"async\" class=\"alignleft size-thumbnail wp-image-46717\" src=\"https:\/\/i0.wp.com\/www.manquepierda.com\/historiarealbetis\/files\/2016\/01\/Rogelio-2.jpg?resize=147%2C220&#038;ssl=1\" alt=\"Rogelio-2\" width=\"147\" height=\"220\" srcset=\"https:\/\/i0.wp.com\/www.manquepierda.com\/historiarealbetis\/files\/2016\/01\/Rogelio-2.jpg?resize=147%2C220&amp;ssl=1 147w, https:\/\/i0.wp.com\/www.manquepierda.com\/historiarealbetis\/files\/2016\/01\/Rogelio-2.jpg?w=222&amp;ssl=1 222w\" sizes=\"auto, (max-width: 147px) 100vw, 147px\" \/><\/a><strong>11-Extremo Zurdo.-ROGELIO Sosa Ram\u00edrez (23 a\u00f1os+9 meses+11 d\u00edas).-Natural de Coria del R\u00edo (Sevilla), domingo 11 de Abril de 1943.<\/strong><\/p>\n<p style=\"text-align: justify\"><a href=\"https:\/\/www.manquepierda.com\/historiarealbetis\/46707-1967-enero-22-segunda-real-betis-balompie-2-real-murcia-0-49aniversario\/19670122rogelio\/\" rel=\"attachment wp-att-46718\"><img data-recalc-dims=\"1\" loading=\"lazy\" decoding=\"async\" class=\"alignright size-thumbnail wp-image-46718\" src=\"https:\/\/i0.wp.com\/www.manquepierda.com\/historiarealbetis\/files\/2016\/01\/19670122Rogelio.jpg?resize=162%2C220&#038;ssl=1\" alt=\"19670122Rogelio\" width=\"162\" height=\"220\" srcset=\"https:\/\/i0.wp.com\/www.manquepierda.com\/historiarealbetis\/files\/2016\/01\/19670122Rogelio.jpg?resize=162%2C220&amp;ssl=1 162w, https:\/\/i0.wp.com\/www.manquepierda.com\/historiarealbetis\/files\/2016\/01\/19670122Rogelio.jpg?resize=442%2C600&amp;ssl=1 442w, https:\/\/i0.wp.com\/www.manquepierda.com\/historiarealbetis\/files\/2016\/01\/19670122Rogelio.jpg?resize=768%2C1042&amp;ssl=1 768w, https:\/\/i0.wp.com\/www.manquepierda.com\/historiarealbetis\/files\/2016\/01\/19670122Rogelio.jpg?resize=516%2C700&amp;ssl=1 516w, https:\/\/i0.wp.com\/www.manquepierda.com\/historiarealbetis\/files\/2016\/01\/19670122Rogelio.jpg?w=1009&amp;ssl=1 1009w\" sizes=\"auto, (max-width: 162px) 100vw, 162px\" \/><\/a><em><strong>\u00abA los 69 minutos, Robles da mano al borde del \u00e1rea. Saca el castigo el \u00ab11\u00bb verdiblanco con gran efecto y el cuero da en la escuadra izquierda del meta Borja\u00bb.<\/strong><\/em><\/p>\n<p style=\"text-align: center\"><strong>Foto Serrano.-ABC-SE-19670124-Martes.<\/strong><\/p>\n<p style=\"text-align: justify\"><em><strong>2-0.-81 minutos.-ROGELIO avanza por el centro y ch\u00fa archisuperior a media altura. <\/strong><\/em><\/p>\n<p style=\"text-align: justify\"><em><strong>El bal\u00f3n llega al fondo de las redes defendidas por el portero Jos\u00e9 Lu\u00eds rozando el poste derecho. <\/strong><\/em><\/p>\n<p style=\"text-align: center\"><em><strong>Es el segundo gol b\u00e9tico que acaba con los temores de una igualada.<\/strong><\/em><\/p>\n<p style=\"text-align: justify\"><em><strong>Al final del encuentro el p\u00fablico despide al Real Betis Balompi\u00e9 con aplausos y sale satisfecho del Estadio \u00abBenito Villamar\u00edn\u00bb.-El comentario general es que la victoria tiene m\u00e1s m\u00e9rito porque el Real Murcia Cf no cedi\u00f3 ni un solo palmo del terreno sin antes disputar lo\u00bb.-<\/strong><\/em><strong>Extracto cr\u00f3nica \u00abIGARFE\u00bb-\u00abHoja del Lunes\u00bb-Sevilla 23 de Enero de 1967.<\/strong><\/p>\n<p style=\"text-align: center\">VS.<\/p>\n<p style=\"text-align: justify\"><a href=\"https:\/\/www.manquepierda.com\/historiarealbetis\/46707-1967-enero-22-segunda-real-betis-balompie-2-real-murcia-0-49aniversario\/carteleria19670122\/\" rel=\"attachment wp-att-46719\"><img data-recalc-dims=\"1\" loading=\"lazy\" decoding=\"async\" class=\"alignleft size-medium wp-image-46719\" src=\"https:\/\/i0.wp.com\/www.manquepierda.com\/historiarealbetis\/files\/2016\/01\/Carteleria19670122.jpg?resize=427%2C600&#038;ssl=1\" alt=\"Carteleria19670122\" width=\"427\" height=\"600\" srcset=\"https:\/\/i0.wp.com\/www.manquepierda.com\/historiarealbetis\/files\/2016\/01\/Carteleria19670122.jpg?resize=427%2C600&amp;ssl=1 427w, https:\/\/i0.wp.com\/www.manquepierda.com\/historiarealbetis\/files\/2016\/01\/Carteleria19670122.jpg?resize=157%2C220&amp;ssl=1 157w, https:\/\/i0.wp.com\/www.manquepierda.com\/historiarealbetis\/files\/2016\/01\/Carteleria19670122.jpg?resize=498%2C700&amp;ssl=1 498w, https:\/\/i0.wp.com\/www.manquepierda.com\/historiarealbetis\/files\/2016\/01\/Carteleria19670122.jpg?w=617&amp;ssl=1 617w\" sizes=\"auto, (max-width: 427px) 100vw, 427px\" \/><\/a>S\u00c9PTIMO CLASIFICADO CON 20 PUNTOS M\u00c1S 2 POSITIVOS (campo: 7g+0e+2p.-Fuera: 2g+2e+5p) 27-23 TANTOS FAVOR-CONTRA.<\/p>\n<p style=\"text-align: justify\">1962-1968.-Presidente don Manuel Medina Bard\u00f3n.<\/p>\n<p style=\"text-align: justify\"><a href=\"https:\/\/www.manquepierda.com\/historiarealbetis\/46707-1967-enero-22-segunda-real-betis-balompie-2-real-murcia-0-49aniversario\/martin\/\" rel=\"attachment wp-att-46720\"><img data-recalc-dims=\"1\" loading=\"lazy\" decoding=\"async\" class=\"aligncenter size-thumbnail wp-image-46720\" src=\"https:\/\/i0.wp.com\/www.manquepierda.com\/historiarealbetis\/files\/2016\/01\/Mart%C3%ADn.jpg?resize=167%2C220&#038;ssl=1\" alt=\"Mart\u00edn\" width=\"167\" height=\"220\" srcset=\"https:\/\/i0.wp.com\/www.manquepierda.com\/historiarealbetis\/files\/2016\/01\/Mart%C3%ADn.jpg?resize=167%2C220&amp;ssl=1 167w, https:\/\/i0.wp.com\/www.manquepierda.com\/historiarealbetis\/files\/2016\/01\/Mart%C3%ADn.jpg?w=271&amp;ssl=1 271w\" sizes=\"auto, (max-width: 167px) 100vw, 167px\" \/><\/a>1966-1967 Entrenador Jos\u00e9 Mar\u00eda Mart\u00edn Rodr\u00edguez.<\/p>\n<p style=\"text-align: justify\">\u00abOPINAN LOS ENTRENADORES\u00bb por BORMUJO.-\u00abHOJA DEL LUNES\u00bb-Sevilla 23-01-1967.<\/p>\n<p style=\"text-align: justify\"><strong>\u00abJos\u00e9 Mar\u00eda Mart\u00edn, disgustado por un \u00abmont\u00f3n\u00bb de factores\u00bb.<\/strong><\/p>\n<p style=\"text-align: justify\">\u00abEl entrenador murciano, aunque hab\u00eda encajado correctamente la derrota, se hallaba el hombre disgustado. Era l\u00f3gico.<\/p>\n<p style=\"text-align: justify\"><strong>&#8211;La lesi\u00f3n de Maraver, en primer t\u00e9rmino, y luego la falta de veteran\u00eda, por otra, hicieron viable la victoria del Real Betis Balompi\u00e9. Maraver tuvo que ausentarse con una lesi\u00f3n de tobillo cuando m\u00e1s falta hac\u00eda su presencia, y luego mis chicos no supieron contrarrestar la fortaleza y la experiencia defensiva del Betis con las mismas armas. Si tienen m\u00e1s \u00abpicard\u00eda\u00bb y Maraver no se lesiona posiblemente el resultado final no habr\u00eda sido tan favorable para el equipo local.<\/strong><\/p>\n<p style=\"text-align: justify\">&#8211;\u00bfNo le ha gustado el Betis Balompi\u00e9?<\/p>\n<p style=\"text-align: justify\"><strong>&#8211;Sinceramente reconozco que no ha estado a la altura de cuando nos visit\u00f3 en \u00abLa Condomina\u00bb [3\u00aa Jornada 25-09-1966: 1-2 (0-1 Landa 19&#8217;+0-2 Rogelio 71 minutos.-Lu\u00eds Bell\u00f3)].-Le hemos dado \u00abguerra\u00bb y ya con esto hay bastante si consideramos que, al no poder sacar un punto, que bien lo merecimos, hicimos sudar al enemigo que se considera favorito al ascenso.<\/strong><\/p>\n<p style=\"text-align: justify\">&#8211;\u00bfNo cree que sus delanteros adoleciesen de remate?<\/p>\n<p style=\"text-align: justify\"><strong>&#8211;El Betis jug\u00f3 muy retrasado, con una defensa muy cerrada, y no permitieron a mis delanteros rematar.<\/strong><\/p>\n<p style=\"text-align: justify\">&#8211;Luego fue una virtud defensiva local. \u00bfNo opina igual?&#8230;<\/p>\n<p style=\"text-align: justify\"><strong>&#8211;En cierto modo. Pero lo que no es igual que un equipo como el Betis Balompi\u00e9, obligado a atacar, sostuviera tan alzada la defensa. Especialmente en el segundo tiempo.<\/strong><\/p>\n<p style=\"text-align: justify\">&#8211;Pero es sistema efectivo cuando se compensa con peligrosos contraataques, como acaba de hacerlo el Real Betis, \u00bfno le parece?<\/p>\n<p style=\"text-align: justify\"><strong>&#8211;\u00a1Conforme, conforme\u00a1 Pero insisto que hoy no me ha gustado el Betis como cuando estuvo en Murcia la \u00faltima vez.<\/strong><\/p>\n<p style=\"text-align: justify\">&#8211;Resumiendo&#8230;<\/p>\n<p style=\"text-align: justify\"><strong>&#8211;Que reconozco la validez del triunfo andaluz, porque los dos goles fueron bien conseguidos, pero que para alcanzarlos no hicieron tantos m\u00e9ritos. Fueron dos incursiones aisladas coronadas con fortuna, mientras que nosotros jugamos con m\u00e9ritos para igualar el resultado.<\/strong><\/p>\n<p style=\"text-align: justify\">Jos\u00e9 Mar\u00eda Mart\u00edn mostrase evidentemente disgustado&#8230; a causa de un \u00abmont\u00f3n\u00bb de factores\u00bb.<\/p>\n<p style=\"text-align: center\"><a href=\"https:\/\/www.manquepierda.com\/historiarealbetis\/46707-1967-enero-22-segunda-real-betis-balompie-2-real-murcia-0-49aniversario\/escudo-futbol-murcia\/\" rel=\"attachment wp-att-46725\"><img data-recalc-dims=\"1\" loading=\"lazy\" decoding=\"async\" class=\"aligncenter size-thumbnail wp-image-46725\" src=\"https:\/\/i0.wp.com\/www.manquepierda.com\/historiarealbetis\/files\/2016\/01\/escudo-futbol-murcia.jpg?resize=220%2C220&#038;ssl=1\" alt=\"escudo-futbol-murcia\" width=\"220\" height=\"220\" srcset=\"https:\/\/i0.wp.com\/www.manquepierda.com\/historiarealbetis\/files\/2016\/01\/escudo-futbol-murcia.jpg?resize=220%2C220&amp;ssl=1 220w, https:\/\/i0.wp.com\/www.manquepierda.com\/historiarealbetis\/files\/2016\/01\/escudo-futbol-murcia.jpg?w=300&amp;ssl=1 300w\" sizes=\"auto, (max-width: 220px) 100vw, 220px\" \/><\/a>REAL MURCIA CLUB F\u00daTBOL-0 TANTOS.<\/p>\n<p style=\"text-align: center\"><a href=\"https:\/\/www.manquepierda.com\/historiarealbetis\/46707-1967-enero-22-segunda-real-betis-balompie-2-real-murcia-0-49aniversario\/borja\/\" rel=\"attachment wp-att-46726\"><img data-recalc-dims=\"1\" loading=\"lazy\" decoding=\"async\" class=\"aligncenter size-thumbnail wp-image-46726\" src=\"https:\/\/i0.wp.com\/www.manquepierda.com\/historiarealbetis\/files\/2016\/01\/Borja.jpg?resize=167%2C220&#038;ssl=1\" alt=\"Borja\" width=\"167\" height=\"220\" srcset=\"https:\/\/i0.wp.com\/www.manquepierda.com\/historiarealbetis\/files\/2016\/01\/Borja.jpg?resize=167%2C220&amp;ssl=1 167w, https:\/\/i0.wp.com\/www.manquepierda.com\/historiarealbetis\/files\/2016\/01\/Borja.jpg?w=240&amp;ssl=1 240w\" sizes=\"auto, (max-width: 167px) 100vw, 167px\" \/><\/a>1-Jos\u00e9 Lu\u00eds BORJA Alarc\u00f3n.-<strong>2 goles encajados.<\/strong><\/p>\n<p style=\"text-align: center\">2-SILVIO Villaescusa Medina.<\/p>\n<p style=\"text-align: justify\">5-Juan MARAVER L\u00f3pez.-<em><strong>\u00abLos defensas del Murcia entr\u00f3 al bal\u00f3n sin contemplaciones, y el<\/strong><\/em><strong>&#8211;<\/strong><strong>ex del SFbC-<\/strong><em><strong>result\u00f3 lesionado por su excesivo temperamento: por hacer una fea entrada a Landa. En su ca\u00edda se torci\u00f3 el tobillo izquierdo, en el que sufre un esguince. Pero no se resquebraj\u00f3 el conjunto \u00abpimentonero\u00bb por jugar con 10 hombres desde el minuto 32&#8243;.-(IGARFE).<br \/>\n<\/strong><\/em><\/p>\n<p style=\"text-align: center\">3-Jos\u00e9 Ram\u00f3n Garc\u00eda ERVITI.-Defensas.<\/p>\n<p style=\"text-align: center\">4-GERARDO Exp\u00f3sito P\u00e9rez.-6-Juan Ruiz ROBLES.-Medios.<\/p>\n<p style=\"text-align: justify\">7-JUAN ANTONIO L\u00f3pez Gallego.-8-Antonio VIDAL Morales.-9-Jos\u00e9 Ignacio MENDIOLEA L\u00f3pez de Eguinoa.-10-Capit\u00e1n-Eduardo G\u00f3mez Garc\u00eda-Barb\u00f3n (a) \u00abLALO\u00bb.-11-SERAF\u00cdN Garc\u00eda Mu\u00f1oz.-Delanteros.<\/p>\n<p style=\"text-align: center\"><a href=\"https:\/\/www.manquepierda.com\/historiarealbetis\/46707-1967-enero-22-segunda-real-betis-balompie-2-real-murcia-0-49aniversario\/lorente-3\/\" rel=\"attachment wp-att-46732\"><img data-recalc-dims=\"1\" loading=\"lazy\" decoding=\"async\" class=\"aligncenter size-medium wp-image-46732\" src=\"https:\/\/i0.wp.com\/www.manquepierda.com\/historiarealbetis\/files\/2016\/01\/Lorente.jpg?resize=461%2C600&#038;ssl=1\" alt=\"Lorente\" width=\"461\" height=\"600\" srcset=\"https:\/\/i0.wp.com\/www.manquepierda.com\/historiarealbetis\/files\/2016\/01\/Lorente.jpg?resize=461%2C600&amp;ssl=1 461w, https:\/\/i0.wp.com\/www.manquepierda.com\/historiarealbetis\/files\/2016\/01\/Lorente.jpg?resize=169%2C220&amp;ssl=1 169w, https:\/\/i0.wp.com\/www.manquepierda.com\/historiarealbetis\/files\/2016\/01\/Lorente.jpg?resize=537%2C700&amp;ssl=1 537w, https:\/\/i0.wp.com\/www.manquepierda.com\/historiarealbetis\/files\/2016\/01\/Lorente.jpg?w=750&amp;ssl=1 750w\" sizes=\"auto, (max-width: 461px) 100vw, 461px\" \/><\/a>Vi\u00f1eta de LORENTE.-\u00abHOJA DEL LUNES\u00bb-Sevilla 23 de Enero de 1967-<\/p>\n<p style=\"text-align: center\">\n","protected":false},"excerpt":{"rendered":"<p>XXVI EDICI\u00d3N-CAMPEONATO NACIONAL LIGA SEGUNDA DIVISI\u00d3N-GRUPO II-TEMPORARADA 1966-1967.-DESDE DOMINGO 11 DE SEPTIEMBRE DE 1966 HASTA DOMINGO 23 DE ABRIL DE 1967; AMBAS FECHAS INCLUSIVE. \u00abUna situaci\u00f3n de peligro ante el marco \u00abpimentonero\u00bb-Bal\u00f3n blanco con estrellas verdes.-Foto Serrano-ABC-SE-19670124-Martes. 1967-ENERO 22-DOMINGO EN LA \u00abCIUDAD DEL SOL\u00bb-16&#8217;30 HORAS \u00abESTADIO BENITO VILLAMAR\u00cdN\u00bb 18\u00aa JORNADA (NOVENO PARTIDO DE ABONO).-Clave Marcador&#8230;<\/p>\n","protected":false},"author":48,"featured_media":46710,"comment_status":"open","ping_status":"open","sticky":false,"template":"","format":"standard","meta":{"_kad_post_transparent":"","_kad_post_title":"","_kad_post_layout":"","_kad_post_sidebar_id":"","_kad_post_content_style":"","_kad_post_vertical_padding":"","_kad_post_feature":"","_kad_post_feature_position":"","_kad_post_header":false,"_kad_post_footer":false,"_kad_post_classname":"","_jetpack_memberships_contains_paid_content":false,"footnotes":"","jetpack_publicize_message":"","jetpack_publicize_feature_enabled":true,"jetpack_social_post_already_shared":true,"jetpack_social_options":{"image_generator_settings":{"template":"highway","default_image_id":0,"font":"","enabled":false},"version":2}},"categories":[902,1],"tags":[2224,1247,17874,16574],"class_list":["post-46707","post","type-post","status-publish","format-standard","has-post-thumbnail","hentry","category-1960-1969","category-portada","tag-1966-67","tag-1247","tag-liga-segunda-1966-67","tag-real-murcia-cf"],"jetpack_publicize_connections":[],"jetpack_featured_media_url":"https:\/\/i0.wp.com\/www.manquepierda.com\/historiarealbetis\/files\/2016\/01\/19670122SRRN1.jpg?fit=1906%2C1106&ssl=1","jetpack_sharing_enabled":true,"jetpack_shortlink":"https:\/\/wp.me\/p1ij08-c9l","jetpack-related-posts":[],"_links":{"self":[{"href":"https:\/\/www.manquepierda.com\/historiarealbetis\/wp-json\/wp\/v2\/posts\/46707","targetHints":{"allow":["GET"]}}],"collection":[{"href":"https:\/\/www.manquepierda.com\/historiarealbetis\/wp-json\/wp\/v2\/posts"}],"about":[{"href":"https:\/\/www.manquepierda.com\/historiarealbetis\/wp-json\/wp\/v2\/types\/post"}],"author":[{"embeddable":true,"href":"https:\/\/www.manquepierda.com\/historiarealbetis\/wp-json\/wp\/v2\/users\/48"}],"replies":[{"embeddable":true,"href":"https:\/\/www.manquepierda.com\/historiarealbetis\/wp-json\/wp\/v2\/comments?post=46707"}],"version-history":[{"count":1,"href":"https:\/\/www.manquepierda.com\/historiarealbetis\/wp-json\/wp\/v2\/posts\/46707\/revisions"}],"predecessor-version":[{"id":98215,"href":"https:\/\/www.manquepierda.com\/historiarealbetis\/wp-json\/wp\/v2\/posts\/46707\/revisions\/98215"}],"wp:featuredmedia":[{"embeddable":true,"href":"https:\/\/www.manquepierda.com\/historiarealbetis\/wp-json\/wp\/v2\/media\/46710"}],"wp:attachment":[{"href":"https:\/\/www.manquepierda.com\/historiarealbetis\/wp-json\/wp\/v2\/media?parent=46707"}],"wp:term":[{"taxonomy":"category","embeddable":true,"href":"https:\/\/www.manquepierda.com\/historiarealbetis\/wp-json\/wp\/v2\/categories?post=46707"},{"taxonomy":"post_tag","embeddable":true,"href":"https:\/\/www.manquepierda.com\/historiarealbetis\/wp-json\/wp\/v2\/tags?post=46707"}],"curies":[{"name":"wp","href":"https:\/\/api.w.org\/{rel}","templated":true}]}}