{"id":46730,"date":"2016-01-25T07:06:37","date_gmt":"2016-01-25T06:06:37","guid":{"rendered":"http:\/\/www.manquepierda.com\/historiarealbetis\/?p=46730"},"modified":"2021-06-20T15:56:04","modified_gmt":"2021-06-20T13:56:04","slug":"entrevista-ernesto-pons-1963-2","status":"publish","type":"post","link":"https:\/\/www.manquepierda.com\/historiarealbetis\/entrevista-ernesto-pons-1963-2\/","title":{"rendered":"Entrevista Ernesto Pons 1963"},"content":{"rendered":"<figure id=\"attachment_46756\" aria-describedby=\"caption-attachment-46756\" style=\"width: 680px\" class=\"wp-caption aligncenter\"><a href=\"https:\/\/i0.wp.com\/www.manquepierda.com\/historiarealbetis\/files\/2016\/01\/31-Entrevista-Ernesto-Pons-imagen.jpg?ssl=1\" rel=\"attachment wp-att-46756\"><img data-recalc-dims=\"1\" loading=\"lazy\" decoding=\"async\" class=\"size-medium wp-image-46756\" src=\"https:\/\/i0.wp.com\/www.manquepierda.com\/historiarealbetis\/files\/2016\/01\/31-Entrevista-Ernesto-Pons-imagen.jpg?resize=680%2C595&#038;ssl=1\" alt=\"Ernesto Pons con el periodista Mart\u00edn Benito\" width=\"680\" height=\"595\" srcset=\"https:\/\/i0.wp.com\/www.manquepierda.com\/historiarealbetis\/files\/2016\/01\/31-Entrevista-Ernesto-Pons-imagen.jpg?resize=680%2C595&amp;ssl=1 680w, https:\/\/i0.wp.com\/www.manquepierda.com\/historiarealbetis\/files\/2016\/01\/31-Entrevista-Ernesto-Pons-imagen.jpg?resize=220%2C193&amp;ssl=1 220w, https:\/\/i0.wp.com\/www.manquepierda.com\/historiarealbetis\/files\/2016\/01\/31-Entrevista-Ernesto-Pons-imagen.jpg?w=698&amp;ssl=1 698w\" sizes=\"auto, (max-width: 680px) 100vw, 680px\" \/><\/a><figcaption id=\"caption-attachment-46756\" class=\"wp-caption-text\">Ernesto Pons con el periodista Mart\u00edn Benito<\/figcaption><\/figure>\n<p>La pasada semana vimos <strong><a href=\"https:\/\/www.manquepierda.com\/historiarealbetis\/46585-entrevista-benito-villamarin-1963\/\">aqu\u00ed<\/a>&nbsp;<\/strong>una entrevista de 1963 con el presidente b\u00e9tico Benito Villamar\u00edn, en la que \u00e9ste mencionaba la contrataci\u00f3n de Ernesto Pons con el objetivo de aprovechar mejor la cantera del club.<\/p>\n<p>Hoy traemos una entrevista al mismo Ernesto Pons que es posterior a la de Villamar\u00edn en 19 d\u00edas, y en la que \u00e9ste explica los pasos que se van a dar en dos \u00e1reas del club: la cantera y las secciones deportivas que por entonces ten\u00eda el Betis.<\/p>\n<p>La labor de cantera se centra en 3 apartados: el Triana Balompi\u00e9, no olvidemos que estamos en el momento en que \u00e9ste se integra dentro de la estructura del club como filial del primer equipo, y los equipos de juveniles y aficionados.<\/p>\n<p>Y en el tema de las secciones deportivas una amplia reorganizaci\u00f3n con el fin de potenciarlas, en una \u00e9poca en que el Betis ten\u00eda numerosas secciones dedicadas a la pr\u00e1ctica de otros deportes. Y todo ello aprovechando la experiencia de Ernesto Pons, que por aquel entonces era el ejemplo de un atleta multidisciplinar.<\/p>\n<p>&nbsp;<\/p>\n<p><em>T<span style=\"color: #008000\">en\u00eda el Betis un especial inter\u00e9s en encauzar y modernizar su organizaci\u00f3n, de dar nuevo impulso no s\u00f3lo al f\u00fatbol, sino tambi\u00e9n a otros deportes. Y dentro del f\u00fatbol conseguir un vivero permanente capaz de nutrir al primer equipo cuando fuera necesario. A final de temporada se contrat\u00f3 a Domingo Balma\u00f1\u00e1 como entrenador, y Pons firm\u00f3 contrato por cuatro a\u00f1os de asesor deportivo, con la misi\u00f3n de preparar a los juveniles y aficionados, as\u00ed como de hacerse cargo de la recuperaci\u00f3n f\u00edsica de los jugadores profesionales que sean dados de baja por el m\u00e9dico.<\/span><\/em><\/p>\n<p><span style=\"color: #008000\"><em>El d\u00eda de la presentaci\u00f3n oficial de los jugadores charlamos con Pons. A\u00fan no hab\u00eda concretado su plan de trabajo y hemos vuelto a citarnos con \u00e9l para que nos diese una primera impresi\u00f3n de lo que ser\u00edan las secciones puestas bajo su mandato.<\/em><\/span><\/p>\n<p><span style=\"color: #008000\"><em>Hab\u00eda dos cuestiones completamente diferentes que tratar. Por una parte, la futbol\u00edstica, concerniente a los aficionados y a los juveniles; por otra, las secciones deportivas.&nbsp; En primer lugar tratamos la cuesti\u00f3n f\u00fatbol. Quer\u00edamos conocer sus proyectos y aspiraciones.<\/em><\/span><\/p>\n<ul>\n<li><span style=\"color: #008000\"><em>Ha comenzado la temporada de los profesionales. \u00bfCu\u00e1ndo se iniciar\u00e1 para los jugadores que est\u00e1n bajo tur \u00f3rdenes?<\/em><\/span><\/li>\n<li><span style=\"color: #008000\"><em>Lo m\u00e1s urgente es la puesta en marcha del Triana, puesto que su campeonato dar\u00e1 comienzos a mediados de septiembre. Sin embargo, y teniendo en cuenta que la mayor\u00eda de los jugadores que habr\u00e1n de integrar la plantilla de ese equipo han seguido ininterrumpidamente en activo, los entrenamientos oficiales no comenzar\u00e1n hasta mediado agosto. Por esas mismas fechas se convocar\u00e1 a los juveniles. El fin de esta convocatoria ser\u00e1 exponer la reorganizaci\u00f3n del grupo y explicar c\u00f3mo y cu\u00e1ndo tendr\u00e1n lugar las primeras sesiones preparatorias. La fecha est\u00e1 supeditada al arreglo del campo del Triana, y se calcula ser\u00e1 a \u00faltimos de agosto. Los aficionados, teniendo en cuenta que el campeonato no comenzar\u00e1 hasta diciembre, y que, por otra parte, la base del equipo lo constituir\u00e1n posiblemente los propios jugadores del Triana, todos ellos aficionados, la preparaci\u00f3n y conjunci\u00f3n del equipo se dejar\u00e1 para m\u00e1s adelante.<\/em><\/span><\/li>\n<li><span style=\"color: #008000\"><em>\u00bfPuede hablarme de los juveniles?<\/em><\/span><\/li>\n<li><span style=\"color: #008000\"><em>El Betis tiene una buena plantilla de chicos j\u00f3venes que prometen mucho. Por su n\u00famero, constituyen una especie de Escuela de Jugadores de la que pueden salir todos los a\u00f1os varis elementos con posibilidades de pasar al campo profesional. Siempre he cre\u00eddo que el jugador \u201cse hace\u201d, \u201cno nace\u201d. Para llegar a la meta es imprescindible poseer predisposiciones. No todos los individuos las poseen. Pero una cosa son las predisposiciones y otra muy diferente las cualidades. Estas \u00faltimas siempre son el producto de un trabajo racional y met\u00f3dico.<\/em><\/span><\/li>\n<li><span style=\"color: #008000\"><em>\u00bfAspiraciones?<\/em><\/span><\/li>\n<li><span style=\"color: #008000\"><em>Lo mismo que en al alpinismo, no debemos mirar hacia abajo, para evitar la posibilidad de v\u00e9rtigo, ni excesivamente a lo alto, a fin de que no nos entre el des\u00e1nimo al ver cu\u00e1nto nos falta para llagar a la cumbre; nuestra mirada quedar\u00e1 pendiente del punto inmediato superior al que ahora ocupamos y, poco a poco, confiamos en llegar a lo m\u00e1s alto, es decir, al logro de campeonatos en todas las especialidades deportivas<\/em><\/span><\/li>\n<li><span style=\"color: #008000\"><em>\u00bfM\u00e1s concretamente?<\/em><\/span><\/li>\n<li><span style=\"color: #008000\"><em>El Triana puede y debe aspirar al ascenso a Tercera Divisi\u00f3n. El equipo juvenil participar\u00e1, as\u00ed lo espero, en el Campeonato de Espa\u00f1a y a poco que el sorteo le sea propicio puede llegar a la final. El que, sobre el papel, tiene menos posibilidades es el equipo de aficionados, por la raz\u00f3n de que participan en su campeonato equipos potentes de Tercera Divisi\u00f3n.<\/em><\/span><\/li>\n<\/ul>\n<p><span style=\"color: #008000\"><em>&nbsp;<\/em><\/span><\/p>\n<p><span style=\"color: #008000\"><em>Tambi\u00e9n le preguntamos por nombres concretos. Pons estima que a\u00fan no puede juzgar con criterio propio sobre los j\u00f3venes que van a estar bajo sus \u00f3rdenes. Desea verlos, examinarlos y comprobar las posibilidades de cada uno. Tarea a la que se dedicar\u00e1 con el entusiasmo y capacidad que en \u00e9l son habituales.<\/em><\/span><\/p>\n<ul>\n<li><span style=\"color: #008000\"><em>\u00bfSu misi\u00f3n con los profesionales?<\/em><\/span><\/li>\n<li><span style=\"color: #008000\"><em>Encargarme de la recuperaci\u00f3n f\u00edsica de todos aquellos jugadores que hayan sido dados de baja por el m\u00e9dico del club, as\u00ed como otros trabajos similares que tenga a bien encomendarme el se\u00f1or Balma\u00f1\u00e1. Dirigir personalmente el entrenamiento de los juveniles, aficionados y equipo del Triana. Para este trabajo contar\u00e9 con la colaboraci\u00f3n de los se\u00f1ores Valenzuela, Torres y Aranda, respectivamente.<\/em><\/span><\/li>\n<\/ul>\n<p><span style=\"color: #008000\"><em>&nbsp;<\/em><\/span><\/p>\n<p><span style=\"color: #008000\"><em>Pasamos a otro punto. Las secciones deportivas. Se ha rumoreado que el Betis pensaba dedicar menos atenci\u00f3n a estos menesteres.<\/em><\/span><\/p>\n<ul>\n<li><span style=\"color: #008000\"><em>El plan de reorganizaci\u00f3n es amplio. Pretendemos, contra lo que se ha rumoreado, dar un auge y un impulso inusitado a las secciones deportivas. El reparto de mi tiempo est\u00e1 pensado: por la ma\u00f1ana en Heli\u00f3polis con los profesionales; luego en el club para atender el aspecto burocr\u00e1tico. Por la tarde, sesi\u00f3n continua en el campo del Triana con los componentes de este equipo, los aficionados y los juveniles. Ver\u00e9 de asistir cuantas veces pueda a los entrenamientos de las diversas secciones y, por \u00faltimo, de nueve a diez estar\u00e9 nuevamente en las oficinas del club &nbsp;&nbsp;&nbsp;<\/em><\/span><\/li>\n<li><span style=\"color: #008000\"><em>\u00bfQu\u00e9 secciones deportivas ser\u00e1n reorganizadas?<\/em><\/span><\/li>\n<li><span style=\"color: #008000\"><em>Las de atletismo, balonmano, baloncesto, boxeo, tenis de mesa y levantamiento de peso. Habr\u00e1 un delegado de la Junta Directiva, el cual servir\u00e1 de enlace entre la misma y el asesor deportivo. De \u00e9ste depender\u00e1n los diversos delegados de secci\u00f3n, quienes estar\u00e1n tambi\u00e9n en contacto con el asesor de moral y los servicios m\u00e9dicos. Cada secci\u00f3n dispondr\u00e1 del correspondiente entrenador. Los que quieran pertenecer a ella deber\u00e1n solicitarlo y ser aprobado su ingreso por el delegado. Habr\u00e1 un secretario que llevar\u00e1 un libro-registro de socios, aparte de las funciones propias de su cargo. Cada secci\u00f3n contar\u00e1, as\u00ed mismo, con un jefe de organizaciones y un masajista. Las normas para la reorganizaci\u00f3n, ya aprobadas por el delegado de la Junta, tratan de la organizaci\u00f3n, doctrina, did\u00e1ctica pedag\u00f3gica y presupuesto. Existe tambi\u00e9n el proyecto de editar mensualmente un bolet\u00edn de actividades que ser\u00e1 repartido a todos y a cada uno de los componentes de las diversas secciones. <\/em><\/span><\/li>\n<li><span style=\"color: #008000\"><em>\u00bfCrees que existe en Sevilla afici\u00f3n suficiente para lograr un n\u00famero adecuado de hombres que sobresalgan en los distintos deportes?<\/em><\/span><\/li>\n<li><span style=\"color: #008000\"><em>En una ciudad de medio mill\u00f3n de habitantes hay gente para todo. Sevilla es, en s\u00ed, una poblaci\u00f3n deportiva. Todo depende de la labor de proselitismo que se haga<\/em><\/span><\/li>\n<li><span style=\"color: #008000\"><em>\u00bfPor qu\u00e9 especialidad tiene Pons predilecci\u00f3n?<\/em><\/span><\/li>\n<li><span style=\"color: #008000\"><em>Pons puede tener sus preferencias, pero el asesor deportivo del Real Betis Balompi\u00e9 no debe tenerlas; deben ser atendidas por igual todas las actividades deportivas. He estructurado unas normas para la reorganizaci\u00f3n de las mismas, que ser\u00e1n entregadas a los diferentes delegados. Tambi\u00e9n personalmente supervisar\u00e9 los entrenamientos de las diferentes secciones y tendr\u00e9, ma\u00f1ana y tarde, unas horas de oficina para atender y asesorar a los diversos delegados<\/em><\/span><\/li>\n<li><span style=\"color: #008000\"><em>Como uno de los mejores preparadores f\u00edsicos de Espa\u00f1a, \u00bfpodr\u00edas dar un dec\u00e1logo a los que se piensan dedicar al deporte?<\/em><\/span><\/li>\n<li><span style=\"color: #008000\"><em>Para sobresalir en atletismo, lo mismo que en cualquier deporte, resulta imprescindible: Primero, ser perseverante; segundo, trabajar afanosamente; tercero, luchar con tes\u00f3n; cuarto, cultivar la inteligencia; quinto, confortarse con los reveses, aceptando las derrotas como nuevas ense\u00f1anzas; sexto, perder con honor y ganar sin menospreciar al contrario; s\u00e9ptimo, sacrificar el amor propio para aceptar las ideas de otros a loa cu\u00e1les consideramos m\u00e1s capaces; octavo, insistir una, diez, cien veces en determinada pr\u00e1ctica hasta haberse convencido de la eficacia o de la inutilidad de un movimiento; noveno, sacrificar distracciones y placeres, practicando todo aquello que fortalece el car\u00e1cter; y d\u00e9cimo, ser idealista, en suma, trabajar y luchar por hacer realidad ese ideal<\/em><\/span><\/li>\n<\/ul>\n<p><span style=\"color: #008000\"><em>&nbsp;<\/em><\/span><\/p>\n<p><span style=\"color: #008000\"><em>Buenos proyectos y mejores prop\u00f3sitos de Ernesto Pons, que, como en esas pel\u00edculas de \u00e9poca al hacer la entrada de un personaje, puede alardear de una serie interminable de t\u00edtulos: profesor de educaci\u00f3n f\u00edsica, entrenador de f\u00fatbol, atletismo, baloncesto y hockey sobre patines, profesor en cursos organizados por las Federaciones de Atletismo, F\u00fatbol, Baloncesto, Boxeo y Hockey sobre Patines, ex profesor de educaci\u00f3n f\u00edsica de la Universidad de Barcelona, ex asesor&nbsp; de educaci\u00f3n f\u00edsica del Departamento Nacional del Frente de Juventudes\u2026<\/em><\/span><\/p>\n<p><span style=\"color: #008000\"><em>Y estos son unos pocos.<\/em><\/span><\/p>\n<p><span style=\"color: #008000\"><em>Que todo sea feliz realidad. &nbsp;&nbsp;&nbsp;&nbsp;&nbsp;&nbsp;&nbsp;&nbsp;<\/em><\/span><\/p>\n<p>Fuente: Mart\u00edn Benito en Sevilla 31 de julio de 1963<\/p>\n","protected":false},"excerpt":{"rendered":"<p>La pasada semana vimos aqu\u00ed&nbsp;una entrevista de 1963 con el presidente b\u00e9tico Benito Villamar\u00edn, en la que \u00e9ste mencionaba la contrataci\u00f3n de Ernesto Pons con el objetivo de aprovechar mejor la cantera del club. Hoy traemos una entrevista al mismo Ernesto Pons que es posterior a la de Villamar\u00edn en 19 d\u00edas, y en la&#8230;<\/p>\n","protected":false},"author":5,"featured_media":46756,"comment_status":"open","ping_status":"open","sticky":false,"template":"","format":"standard","meta":{"_kad_post_transparent":"","_kad_post_title":"","_kad_post_layout":"","_kad_post_sidebar_id":"","_kad_post_content_style":"","_kad_post_vertical_padding":"","_kad_post_feature":"","_kad_post_feature_position":"","_kad_post_header":false,"_kad_post_footer":false,"_kad_post_classname":"","_jetpack_memberships_contains_paid_content":false,"footnotes":"","jetpack_publicize_message":"","jetpack_publicize_feature_enabled":true,"jetpack_social_post_already_shared":true,"jetpack_social_options":{"image_generator_settings":{"template":"highway","default_image_id":0,"font":"","enabled":false},"version":2}},"categories":[902,17191,892,1],"tags":[4281,5078,8185,13406,2211],"class_list":["post-46730","post","type-post","status-publish","format-standard","has-post-thumbnail","hentry","category-1960-1969","category-cantera","category-entrenadores-temas","category-portada","tag-4281","tag-1963-64","tag-ernesto-pons","tag-martin-benito","tag-triana-balompie"],"jetpack_publicize_connections":[],"jetpack_featured_media_url":"https:\/\/i0.wp.com\/www.manquepierda.com\/historiarealbetis\/files\/2016\/01\/31-Entrevista-Ernesto-Pons-imagen.jpg?fit=698%2C611&ssl=1","jetpack_sharing_enabled":true,"jetpack_shortlink":"https:\/\/wp.me\/p1ij08-c9I","jetpack-related-posts":[],"_links":{"self":[{"href":"https:\/\/www.manquepierda.com\/historiarealbetis\/wp-json\/wp\/v2\/posts\/46730","targetHints":{"allow":["GET"]}}],"collection":[{"href":"https:\/\/www.manquepierda.com\/historiarealbetis\/wp-json\/wp\/v2\/posts"}],"about":[{"href":"https:\/\/www.manquepierda.com\/historiarealbetis\/wp-json\/wp\/v2\/types\/post"}],"author":[{"embeddable":true,"href":"https:\/\/www.manquepierda.com\/historiarealbetis\/wp-json\/wp\/v2\/users\/5"}],"replies":[{"embeddable":true,"href":"https:\/\/www.manquepierda.com\/historiarealbetis\/wp-json\/wp\/v2\/comments?post=46730"}],"version-history":[{"count":0,"href":"https:\/\/www.manquepierda.com\/historiarealbetis\/wp-json\/wp\/v2\/posts\/46730\/revisions"}],"wp:featuredmedia":[{"embeddable":true,"href":"https:\/\/www.manquepierda.com\/historiarealbetis\/wp-json\/wp\/v2\/media\/46756"}],"wp:attachment":[{"href":"https:\/\/www.manquepierda.com\/historiarealbetis\/wp-json\/wp\/v2\/media?parent=46730"}],"wp:term":[{"taxonomy":"category","embeddable":true,"href":"https:\/\/www.manquepierda.com\/historiarealbetis\/wp-json\/wp\/v2\/categories?post=46730"},{"taxonomy":"post_tag","embeddable":true,"href":"https:\/\/www.manquepierda.com\/historiarealbetis\/wp-json\/wp\/v2\/tags?post=46730"}],"curies":[{"name":"wp","href":"https:\/\/api.w.org\/{rel}","templated":true}]}}