{"id":46739,"date":"2016-01-23T17:12:03","date_gmt":"2016-01-23T16:12:03","guid":{"rendered":"http:\/\/www.manquepierda.com\/historiarealbetis\/?p=46739"},"modified":"2024-08-18T17:33:14","modified_gmt":"2024-08-18T15:33:14","slug":"1966-enero-23-primera-real-betis-balompie-2-cd-sabadell-1-50aniversario","status":"publish","type":"post","link":"https:\/\/www.manquepierda.com\/historiarealbetis\/1966-enero-23-primera-real-betis-balompie-2-cd-sabadell-1-50aniversario\/","title":{"rendered":"1966-Enero 23-Primera.-Real Betis Balompi\u00e9-2 CD Sabadell-1.-50Aniversario."},"content":{"rendered":"<p style=\"text-align: justify\">XXXV EDICI\u00d3N-CAMPEONATO NACIONAL LIGA PRIMERA DIVISI\u00d3N-TEMPORADA 1965-1966.-Desde domingo 05 de Septiembre de 1965 hasta el domingo 03 de Abril de 1966; ambos inclusive.<\/p>\n<p style=\"text-align: justify\"><a href=\"https:\/\/www.manquepierda.com\/historiarealbetis\/46739-1966-enero-23-primera-real-betis-balompie-2-cd-sabadell-1-50aniversario\/19660123serrano\/\" rel=\"attachment wp-att-46740\"><img data-recalc-dims=\"1\" loading=\"lazy\" decoding=\"async\" class=\"aligncenter size-medium wp-image-46740\" src=\"https:\/\/i0.wp.com\/www.manquepierda.com\/historiarealbetis\/files\/2016\/01\/19660123serrano.jpg?resize=680%2C383&#038;ssl=1\" alt=\"19660123serrano\" width=\"680\" height=\"383\" srcset=\"https:\/\/i0.wp.com\/www.manquepierda.com\/historiarealbetis\/files\/2016\/01\/19660123serrano.jpg?resize=680%2C383&amp;ssl=1 680w, https:\/\/i0.wp.com\/www.manquepierda.com\/historiarealbetis\/files\/2016\/01\/19660123serrano.jpg?resize=220%2C124&amp;ssl=1 220w, https:\/\/i0.wp.com\/www.manquepierda.com\/historiarealbetis\/files\/2016\/01\/19660123serrano.jpg?resize=768%2C432&amp;ssl=1 768w, https:\/\/i0.wp.com\/www.manquepierda.com\/historiarealbetis\/files\/2016\/01\/19660123serrano.jpg?resize=960%2C540&amp;ssl=1 960w, https:\/\/i0.wp.com\/www.manquepierda.com\/historiarealbetis\/files\/2016\/01\/19660123serrano.jpg?w=1614&amp;ssl=1 1614w\" sizes=\"auto, (max-width: 680px) 100vw, 680px\" \/><\/a><em>\u00abPALLAR\u00c9S no es hombre fuertemente cotizado. Y lo cierto es que en \u00e9l tiene el cuadro b\u00e9tico uno de sus jugadores de rendimiento m\u00e1s regular y eficiente. El domingo&#8211;cumpliendo con sus normas&#8211;jug\u00f3 un buen encuentro y colabor\u00f3 en la justa victoria del equipo con un gol. El del grabado\u00bb.-<\/em><strong>Foto Serrano (ABC-SE-19660125-Martes).<\/strong><\/p>\n<p style=\"text-align: justify\"><a href=\"https:\/\/www.manquepierda.com\/historiarealbetis\/46739-1966-enero-23-primera-real-betis-balompie-2-cd-sabadell-1-50aniversario\/dardo19660123\/\" rel=\"attachment wp-att-46741\"><img data-recalc-dims=\"1\" loading=\"lazy\" decoding=\"async\" class=\"alignright size-medium wp-image-46741\" src=\"https:\/\/i0.wp.com\/www.manquepierda.com\/historiarealbetis\/files\/2016\/01\/DARDO19660123.jpg?resize=360%2C600&#038;ssl=1\" alt=\"DARDO19660123\" width=\"360\" height=\"600\" srcset=\"https:\/\/i0.wp.com\/www.manquepierda.com\/historiarealbetis\/files\/2016\/01\/DARDO19660123.jpg?resize=360%2C600&amp;ssl=1 360w, https:\/\/i0.wp.com\/www.manquepierda.com\/historiarealbetis\/files\/2016\/01\/DARDO19660123.jpg?resize=132%2C220&amp;ssl=1 132w, https:\/\/i0.wp.com\/www.manquepierda.com\/historiarealbetis\/files\/2016\/01\/DARDO19660123.jpg?resize=420%2C700&amp;ssl=1 420w, https:\/\/i0.wp.com\/www.manquepierda.com\/historiarealbetis\/files\/2016\/01\/DARDO19660123.jpg?w=675&amp;ssl=1 675w\" sizes=\"auto, (max-width: 360px) 100vw, 360px\" \/><\/a><strong>1966-ENERO 23-DOMINGO 16&#8217;30 HORAS EN LA \u00abHELI\u00d3POLIS\u00bb (\u00abCiudad del Sol\u00bb)-ESTADIO \u00abBENITO VILLAMAR\u00cdN\u00bb-11\u00ba PARTIDO DE ABONO.-20\u00aa JORNADA.-Clave Marcador Simult\u00e1neo \u00abDARDO\u00bb: \u00abBitter CINZANO soda\u00bb.<br \/>\n<\/strong><\/p>\n<p style=\"text-align: justify\">\u00abRegistr\u00f3 una entrada regular, a causa de la inseguridad del tiempo.<\/p>\n<p style=\"text-align: justify\">El terreno era todo lo contrario de como debe hallarse para jugar normalmente al f\u00fatbol.<\/p>\n<p style=\"text-align: justify\">Por esto, la caracter\u00edstica principal del partido que los b\u00e9ticos ganaron por 2-1 al CD Sabadell ha sido, principalmente, una agotadora lucha contra el barro\u00bb.-IGARFE.<\/p>\n<p style=\"text-align: center\"><a href=\"https:\/\/www.manquepierda.com\/historiarealbetis\/46739-1966-enero-23-primera-real-betis-balompie-2-cd-sabadell-1-50aniversario\/avelino-villamarin-prieto-12\/\" rel=\"attachment wp-att-46742\"><img data-recalc-dims=\"1\" loading=\"lazy\" decoding=\"async\" class=\"alignleft size-thumbnail wp-image-46742\" src=\"https:\/\/i0.wp.com\/www.manquepierda.com\/historiarealbetis\/files\/2016\/01\/Avelino-Villamar%C3%ADn-Prieto.jpg?resize=164%2C220&#038;ssl=1\" alt=\"Avelino Villamar\u00edn Prieto\" width=\"164\" height=\"220\" srcset=\"https:\/\/i0.wp.com\/www.manquepierda.com\/historiarealbetis\/files\/2016\/01\/Avelino-Villamar%C3%ADn-Prieto.jpg?resize=164%2C220&amp;ssl=1 164w, https:\/\/i0.wp.com\/www.manquepierda.com\/historiarealbetis\/files\/2016\/01\/Avelino-Villamar%C3%ADn-Prieto.jpg?resize=448%2C600&amp;ssl=1 448w, https:\/\/i0.wp.com\/www.manquepierda.com\/historiarealbetis\/files\/2016\/01\/Avelino-Villamar%C3%ADn-Prieto.jpg?w=458&amp;ssl=1 458w\" sizes=\"auto, (max-width: 164px) 100vw, 164px\" \/><\/a><em><strong>Don AVELINO VILLAMAR\u00cdN PRIETO.<\/strong><\/em><\/p>\n<p style=\"text-align: justify\"><em><strong>Presidente accidental desde el martes 07 de Diciembre de 1965 (Emotiva carta de su hermano Benito dimitiendo a causa de su grave enfermedad c\u00e1ncer de pulm\u00f3n (53 a\u00f1os+3 meses+10 d\u00edas).-Industrial.-Natural de PUGA-To\u00e9n (Ourense), domingo 13 de Octubre de 1912.-Obituario en Sevilla, viernes 23 de Junio de 1989 (76 A\u00f1os+8 meses+10 d\u00edas) D. E. P.<\/strong><\/em><\/p>\n<p style=\"text-align: justify\"><a href=\"https:\/\/www.manquepierda.com\/historiarealbetis\/46739-1966-enero-23-primera-real-betis-balompie-2-cd-sabadell-1-50aniversario\/pepe-valera-9\/\" rel=\"attachment wp-att-46743\"><img data-recalc-dims=\"1\" loading=\"lazy\" decoding=\"async\" class=\"aligncenter size-thumbnail wp-image-46743\" src=\"https:\/\/i0.wp.com\/www.manquepierda.com\/historiarealbetis\/files\/2016\/01\/Pepe-Valera.jpg?resize=220%2C189&#038;ssl=1\" alt=\"Pepe Valera\" width=\"220\" height=\"189\" srcset=\"https:\/\/i0.wp.com\/www.manquepierda.com\/historiarealbetis\/files\/2016\/01\/Pepe-Valera.jpg?resize=220%2C189&amp;ssl=1 220w, https:\/\/i0.wp.com\/www.manquepierda.com\/historiarealbetis\/files\/2016\/01\/Pepe-Valera.jpg?w=672&amp;ssl=1 672w\" sizes=\"auto, (max-width: 220px) 100vw, 220px\" \/><\/a><strong>Jos\u00e9 VALERA Nocera (49 a\u00f1os+8 meses menos 3 d\u00edas).-Natural de Sevilla, viernes 26 de Mayo de 1916.-Obituario en Jerez de la Frontera (C\u00e1diz), s\u00e1bado 13 de Mayo de 2006 (90 a\u00f1os menos 13 d\u00edas) D. E. P.<\/strong><\/p>\n<p style=\"text-align: center\">\u00abOPINAN LOS ENTRENADORES\u00bb por BORMUJO.-\u00abHOJA DEL LUNES\u00bb-Sevilla, 24-Enero 1966.<\/p>\n<p style=\"text-align: center\"><strong>\u00abPEPE VALERA NO CREE QUE EL SABADELL CONTIN\u00daE EN LA DIVISI\u00d3N DE HONOR\u00bb.<\/strong><\/p>\n<p style=\"text-align: justify\">\u00abLa decisi\u00f3n final de Gardeazabal sancionando al Real Betis Balompi\u00e9 con un penalti bastante discutible, ha empa\u00f1ado la alegr\u00eda del triunfo entre los jugadores locales, y de ah\u00ed la exaltaci\u00f3n reinante entre ellos cuando hicimos acto de presencia en el vestuario b\u00e9tico.<\/p>\n<p style=\"text-align: center\">Pepe Varela, <strong>el entrenador accidental, <\/strong>era el m\u00e1s ecu\u00e1nime en aquella balumba.<\/p>\n<p style=\"text-align: justify\"><strong>&#8211;Si el penalti con que acabamos de ser sancionados es legal, entonces, de continuo se deben estar ejecutando tales sanciones en todos los campos de f\u00fatbol. Y que el \u00e1rbitro vasco ha reconocido su fallo lo explica que, incluso, ha dado por terminado el encuentro antes de cubrirse el tiempo reglamentario. Faltaban 2 minutos. Otro pormenor al respecto: los propios jugadores vallesanos iniciaron la retirada de nuestra zona y no pudieron ocultar su alegre sorpresa cuando se apercibieron del regalo arbitral.<\/strong><\/p>\n<p style=\"text-align: justify\">&#8211;\u00bfEntonces, crees que el Betis Balompi\u00e9 ha jugado bien?<\/p>\n<p style=\"text-align: justify\"><strong>&#8211;Desde luego, ha sido infinitamente superior al CD Sabadell Cf, que, en verdad, me ha defraudado, y, por otro lado, bastante pr\u00e1ctico rendimiento han cuajado los m\u00edos en un barrizal impracticable.<\/strong><\/p>\n<p style=\"text-align: justify\">-\u00bfQu\u00e9 resultado debi\u00f3 ser el exacto?<\/p>\n<p style=\"text-align: justify\"><strong>&#8211;En el peor de los casos, pero con entera justicia, el de 3-0.<\/strong><\/p>\n<p style=\"text-align: justify\">&#8211;\u00bfC\u00f3mo has visto al Sabadell Cf?<\/p>\n<p style=\"text-align: justify\"><strong>&#8211;La verdad, que no puedo concebir que este equipo permanezca en la Divisi\u00f3n de Honor. Es lo que podemos calificar de \u00abcaso perdido\u00bb.<\/strong><\/p>\n<p style=\"text-align: justify\"><a href=\"https:\/\/www.manquepierda.com\/historiarealbetis\/46739-1966-enero-23-primera-real-betis-balompie-2-cd-sabadell-1-50aniversario\/juan-gardeazabal-3\/\" rel=\"attachment wp-att-46744\"><img data-recalc-dims=\"1\" loading=\"lazy\" decoding=\"async\" class=\"alignright size-full wp-image-46744\" src=\"https:\/\/i0.wp.com\/www.manquepierda.com\/historiarealbetis\/files\/2016\/01\/juan-gardeazabal.jpg?resize=138%2C218&#038;ssl=1\" alt=\"juan-gardeazabal\" width=\"138\" height=\"218\" \/><\/a>\u00abJuan GARDEAZABAL Garay ha tenido una actuaci\u00f3n irregular y protestada. Ha \u00abflotado\u00bb un poco sobre el barro, no ha se\u00f1alado un claro penalti de Mu\u00f1oz, en tiro de Landa, y castig\u00f3, en medio de una bronca fenomenal, una mano involuntaria de Montaner, que vali\u00f3 el tanto vallesano.<\/p>\n<p style=\"text-align: justify\"><em>Un colegiado de la categor\u00eda del se\u00f1or Gardeazabal debe mostrar siempre personalidad, y, esta tarde, en un partido jugado sin violencias, complic\u00f3 bastante su cometido. Esto dio paso a las protestas de los espectadores, al flamear de pa\u00f1uelos&#8230; Adem\u00e1s, ante la \u00abtormenta\u00bb, se\u00f1al\u00f3 el final del encuentro un minuto antes de tiempo\u00bb.-<\/em>IGARFE.<\/p>\n<p style=\"text-align: justify\"><strong>\u00abLos aplausos acogieron la presencia del Centro de Deportes Sabadell Club de F\u00fatbol, capitaneado por Sertucha, y se intensificaron, hasta convertirse en ovaci\u00f3n, cuando apareci\u00f3 el Real Betis Balompi\u00e9, con Grau como capit\u00e1n\u00bb.<\/strong><\/p>\n<p style=\"text-align: justify\"><em><strong>14\u00ba CLASIFICADO CON 15 PUNTOS Y MENOS 7 NEGATIVOS (6-Ganados+3-Empatados+11-Perdidos) 45 GOLES A FAVOR Y 15 TANTOS EN CONTRA.<\/strong><\/em><\/p>\n<p style=\"text-align: center\">CALIFICACI\u00d3N DE JUGADORES POR IGARFE.-\u00abHOJA DEL LUNES\u00bb-Sevilla 23-Enero 1966:<\/p>\n<p style=\"text-align: center\"><a href=\"https:\/\/www.manquepierda.com\/historiarealbetis\/46022-1964-diciembre-27-primera-real-betis-balompie-2-cf-barcelona-1-51aniversario\/escudo-realbetisbalompie1960-6\/\" rel=\"attachment wp-att-46030\"><img data-recalc-dims=\"1\" loading=\"lazy\" decoding=\"async\" class=\"aligncenter size-thumbnail wp-image-46030\" src=\"https:\/\/i0.wp.com\/www.manquepierda.com\/historiarealbetis\/files\/2015\/12\/Escudo-RealBetisBalompi%C3%A91960.jpg?resize=220%2C172&#038;ssl=1\" alt=\"Escudo RealBetisBalompi\u00e91960'\" width=\"220\" height=\"172\" srcset=\"https:\/\/i0.wp.com\/www.manquepierda.com\/historiarealbetis\/files\/2015\/12\/Escudo-RealBetisBalompi%C3%A91960.jpg?resize=220%2C172&amp;ssl=1 220w, https:\/\/i0.wp.com\/www.manquepierda.com\/historiarealbetis\/files\/2015\/12\/Escudo-RealBetisBalompi%C3%A91960.jpg?w=600&amp;ssl=1 600w\" sizes=\"auto, (max-width: 220px) 100vw, 220px\" \/><\/a><strong>REAL BETIS BALOMPI\u00c9-2 GOLES.<\/strong><\/p>\n<p style=\"text-align: justify\"><a href=\"https:\/\/www.manquepierda.com\/historiarealbetis\/46739-1966-enero-23-primera-real-betis-balompie-2-cd-sabadell-1-50aniversario\/jpe\/\" rel=\"attachment wp-att-46745\"><img data-recalc-dims=\"1\" loading=\"lazy\" decoding=\"async\" class=\"aligncenter size-thumbnail wp-image-46745\" src=\"https:\/\/i0.wp.com\/www.manquepierda.com\/historiarealbetis\/files\/2016\/01\/JPE.jpg?resize=159%2C220&#038;ssl=1\" alt=\"JPE\" width=\"159\" height=\"220\" srcset=\"https:\/\/i0.wp.com\/www.manquepierda.com\/historiarealbetis\/files\/2016\/01\/JPE.jpg?resize=159%2C220&amp;ssl=1 159w, https:\/\/i0.wp.com\/www.manquepierda.com\/historiarealbetis\/files\/2016\/01\/JPE.jpg?w=257&amp;ssl=1 257w\" sizes=\"auto, (max-width: 159px) 100vw, 159px\" \/><\/a><strong>1-Guardameta (-1-).-Juan PEREA ESTEVE (25 a\u00f1os+9 meses+11 d\u00edas).-1 tanto encajado.-Natural de Alicante, viernes 12 de Abril de 1940.<\/strong><\/p>\n<p style=\"text-align: center\">ZAGUEROS:<\/p>\n<p style=\"text-align: justify\"><strong>2-Lateral Diestro (-1-).-Francisco GRAU Pla.-Capit\u00e1n.<\/strong><\/p>\n<p style=\"text-align: justify\"><strong>5-Central (-2-).-Antonio Manuel Mart\u00ednez Morales (a) \u00abANT\u00d3N\u00bb.<\/strong><\/p>\n<p style=\"text-align: justify\"><strong>3-Lateral Zurdo (-1-).-Francisco APARICIO Rambal.<\/strong><\/p>\n<p style=\"text-align: center\">MEDIOS:<\/p>\n<p style=\"text-align: justify\"><strong>4-Diestro (-2-).-Jos\u00e9 Mar\u00eda Garc\u00eda MONTANER.<\/strong><\/p>\n<p style=\"text-align: justify\"><strong>6-Zurdo (-2-).-Miguel AZC\u00c1RATE Iceta.<\/strong><\/p>\n<p style=\"text-align: center\">DELANTEROS:<\/p>\n<p style=\"text-align: justify\"><strong><a href=\"https:\/\/www.manquepierda.com\/historiarealbetis\/46707-1967-enero-22-segunda-real-betis-balompie-2-real-murcia-0-49aniversario\/fernando-giron-de-la-fuente-7\/\" rel=\"attachment wp-att-46715\"><img data-recalc-dims=\"1\" loading=\"lazy\" decoding=\"async\" class=\"alignleft size-thumbnail wp-image-46715\" src=\"https:\/\/i0.wp.com\/www.manquepierda.com\/historiarealbetis\/files\/2016\/01\/Fernando-GIR%C3%93N-De-la-Fuente.jpg?resize=129%2C220&#038;ssl=1\" alt=\"Fernando GIR\u00d3N De la Fuente\" width=\"129\" height=\"220\" srcset=\"https:\/\/i0.wp.com\/www.manquepierda.com\/historiarealbetis\/files\/2016\/01\/Fernando-GIR%C3%93N-De-la-Fuente.jpg?resize=129%2C220&amp;ssl=1 129w, https:\/\/i0.wp.com\/www.manquepierda.com\/historiarealbetis\/files\/2016\/01\/Fernando-GIR%C3%93N-De-la-Fuente.jpg?resize=352%2C600&amp;ssl=1 352w, https:\/\/i0.wp.com\/www.manquepierda.com\/historiarealbetis\/files\/2016\/01\/Fernando-GIR%C3%93N-De-la-Fuente.jpg?w=363&amp;ssl=1 363w\" sizes=\"auto, (max-width: 129px) 100vw, 129px\" \/><\/a><\/strong><\/p>\n<p style=\"text-align: justify\">\n<p style=\"text-align: justify\"><strong>7-Extremo Diestro (-2-).-Fernando GIR\u00d3N De la Fuente (27 a\u00f1os+16 d\u00edas).-Natural de Zamora, s\u00e1bado 07 de Enero de 1939.<br \/>\n<\/strong><\/p>\n<p style=\"text-align: justify\"><em><strong>1-0.-12 minutos.-\u00bb Despu\u00e9s de dos c\u00f3rners contra la porter\u00eda del Centro Deportivo Sabadell Club de F\u00fatbol, Rogelio hizo una magn\u00edfica jugada, centr\u00f3 pasado y Fernando a puerta vac\u00eda logr\u00f3 el primer tanto de la tarde, acogido con gran entusiasmo\u00bb.<\/strong><\/em><\/p>\n<p style=\"text-align: justify\"><a href=\"https:\/\/www.manquepierda.com\/historiarealbetis\/46739-1966-enero-23-primera-real-betis-balompie-2-cd-sabadell-1-50aniversario\/pallares-huertas-antonio-32\/\" rel=\"attachment wp-att-46748\"><img data-recalc-dims=\"1\" loading=\"lazy\" decoding=\"async\" class=\"alignleft size-thumbnail wp-image-46748\" src=\"https:\/\/i0.wp.com\/www.manquepierda.com\/historiarealbetis\/files\/2016\/01\/Pallar%C3%A9s-Huertas-Antonio.jpg?resize=172%2C220&#038;ssl=1\" alt=\"Pallar\u00e9s Huertas, Antonio\" width=\"172\" height=\"220\" srcset=\"https:\/\/i0.wp.com\/www.manquepierda.com\/historiarealbetis\/files\/2016\/01\/Pallar%C3%A9s-Huertas-Antonio.jpg?resize=172%2C220&amp;ssl=1 172w, https:\/\/i0.wp.com\/www.manquepierda.com\/historiarealbetis\/files\/2016\/01\/Pallar%C3%A9s-Huertas-Antonio.jpg?w=425&amp;ssl=1 425w\" sizes=\"auto, (max-width: 172px) 100vw, 172px\" \/><\/a><strong>2-0.-59 minutos.-<em>\u00abPALLAR\u00c9S lanza un gran chut y Sertucha da mano. El penalti lo transforma Antonio fusilando al meta Juan Mar\u00eda Benegas\u00bb.<\/em><\/strong><\/p>\n<p style=\"text-align: justify\"><strong>8-Interior Diestro (-3-).-Antonio PALLAR\u00c9S Huertas (25 a\u00f1os+1 mes+18 d\u00edas).-Natural de Alicante, jueves 05 de Diciembre de 1940.<\/strong><\/p>\n<p style=\"text-align: center\">\u00bfqui\u00e9n estuvo como nunca?<\/p>\n<p style=\"text-align: justify\"><em><strong>\u00abVuelve a este espacio, en el que tantas veces ha salido por m\u00e9ritos propios. Su labor de centrocampo frente al Sabadell fue impecable, dando conjunci\u00f3n a las l\u00edneas defensivas y de ataque y, adem\u00e1s, estuvo en posici\u00f3n de tiro en muchas ocasiones. El y Azc\u00e1rate hicieron en la zona ancha una gran labor.-<\/strong><\/em><strong>Por eso, Pallar\u00e9s se ha ganado la copa de <em>\u00abFundador-Domecq\u00bb <\/em>el co\u00f1ac que est\u00e1 \u00a1como nunca\u00a1<br \/>\n<\/strong><\/p>\n<p style=\"text-align: justify\"><strong>9-Centro Delantero-Ariete (-2-).-Jes\u00fas Mar\u00eda LANDA Berasat\u00e9gui.<\/strong><\/p>\n<p style=\"text-align: justify\"><strong>10-Interior Zurdo (-1-).-Joaqu\u00edn Sierra Vallejo (a) \u00abQUINO\u00bb.<\/strong><\/p>\n<p style=\"text-align: justify\"><strong>11-Extremo Zurdo (-2-).-ROGELIO Sosa Ram\u00edrez.<\/strong><\/p>\n<p style=\"text-align: center\">Vs.<\/p>\n<p style=\"text-align: justify\">16\u00ba CLASIFICADO CON 13 PUNTOS Y MENOS 7 NEGATIVOS (5ganados+3empatados+12perdidos) 30-13 TANTOS FAVOR MENOS CONTRA.<\/p>\n<p style=\"text-align: center\"><strong>1965-1973.-Presidente don Ricardo Ross\u00f3n.<\/strong><\/p>\n<p style=\"text-align: justify\"><a href=\"https:\/\/www.manquepierda.com\/historiarealbetis\/46739-1966-enero-23-primera-real-betis-balompie-2-cd-sabadell-1-50aniversario\/pasieguito\/\" rel=\"attachment wp-att-46749\"><img data-recalc-dims=\"1\" loading=\"lazy\" decoding=\"async\" class=\"alignleft size-thumbnail wp-image-46749\" src=\"https:\/\/i0.wp.com\/www.manquepierda.com\/historiarealbetis\/files\/2016\/01\/Pasieguito.jpg?resize=171%2C220&#038;ssl=1\" alt=\"Pasieguito\" width=\"171\" height=\"220\" srcset=\"https:\/\/i0.wp.com\/www.manquepierda.com\/historiarealbetis\/files\/2016\/01\/Pasieguito.jpg?resize=171%2C220&amp;ssl=1 171w, https:\/\/i0.wp.com\/www.manquepierda.com\/historiarealbetis\/files\/2016\/01\/Pasieguito.jpg?resize=465%2C600&amp;ssl=1 465w, https:\/\/i0.wp.com\/www.manquepierda.com\/historiarealbetis\/files\/2016\/01\/Pasieguito.jpg?resize=543%2C700&amp;ssl=1 543w, https:\/\/i0.wp.com\/www.manquepierda.com\/historiarealbetis\/files\/2016\/01\/Pasieguito.jpg?w=620&amp;ssl=1 620w\" sizes=\"auto, (max-width: 171px) 100vw, 171px\" \/><\/a>\u00abOPINAN LOS ENTRENADORES\u00bb por BORMUJO.-\u00abHOJA DEL LUNES\u00bb-Sevilla, 23 de Enero de 1966.<\/p>\n<p style=\"text-align: center\">Bernardino P\u00e9rez Elizar\u00e1n (a) \u00abPASIEGUITO\u00bb:<\/p>\n<p style=\"text-align: justify\"><strong>\u00abESPERA QUE LOS \u00c9XITOS DE OTROS EQUIPOS EN EL \u00abESTADIO BENITO VILLAMAR\u00cdN\u00bb SALVEN AL SABADELL\u00bb.<\/strong><\/p>\n<p style=\"text-align: justify\">Cuando llegamos hasta \u00abPasieguito\u00bb, el entrenador vallesano, \u00e9ste confesaba a un periodista catal\u00e1n que nos hab\u00eda anticipado:<\/p>\n<p style=\"text-align: justify\"><strong>&#8211;Espero que otros equipos punt\u00faen aqu\u00ed, en el estadio Villamar\u00edn, y as\u00ed podremos eludir el descenso.<\/strong><\/p>\n<p style=\"text-align: justify\"><strong>&#8212;<\/strong>&#8211;Argumentamos: \u00bfAcaso no cree en las propias posibilidades?<\/p>\n<p style=\"text-align: justify\"><strong>&#8211;La ausencia de seis titulares nos est\u00e1 obligando a estructurar equipos de circunstancias que no permiten rendir el nivel l\u00f3gico.<\/strong><\/p>\n<p style=\"text-align: justify\">&#8211;\u00bfQuiere significar que hoy el Sabadell no rindi\u00f3?<\/p>\n<p style=\"text-align: justify\"><strong>&#8211;Por esa raz\u00f3n y por el estado del terreno. No comprendo que siendo el f\u00fatbol un espect\u00e1culo de primera magnitud, los clubes no se gasten dinero en arreglar adecuadamente sus instalaciones.<\/strong><\/p>\n<p style=\"text-align: justify\">&#8211;\u00bfEse penalti final, y que ha servido al Sabadell acortar distancias, puede determinar favorablemente en average particular con el Betis, llegado el trance?<\/p>\n<p style=\"text-align: justify\"><strong>&#8211;No. En este sentido nos vamos siempre por delante [<em>5\u00aa Jornada.-1965-10-03: CD Sabadell Cf-4 vs. Real Betis Balompi\u00e9-1 (2-1.-62 minutos.-\u00c1ngel De la Fuente Rubio)]<\/em><\/strong><\/p>\n<p style=\"text-align: justify\">&#8211;\u00bfQu\u00e9 le ha parecido el Real Betis?<\/p>\n<p style=\"text-align: justify\"><strong>&#8211;Hizo lo que pudo sobre el barrizal.<\/strong><\/p>\n<p style=\"text-align: justify\">&#8211;\u00bfEntonces, opina que el estado del terreno de juego ha influido?&#8230;<\/p>\n<p style=\"text-align: justify\"><strong>&#8211;En todo, y de manera muy decisiva. Estoy seguro de que sobre un terreno mejor acondicionado todo habr\u00eda variado.<\/strong><\/p>\n<p style=\"text-align: justify\">&#8211;\u00bfInclu\u00eddo el resultado?&#8230;<\/p>\n<p style=\"text-align: justify\"><strong>&#8211;Hasta ese extremo no puedo asegurar; pero, en nuestro trabajo, sin lugar a dudas\u00bb.<\/strong><\/p>\n<p style=\"text-align: center\"><a href=\"https:\/\/www.manquepierda.com\/historiarealbetis\/46739-1966-enero-23-primera-real-betis-balompie-2-cd-sabadell-1-50aniversario\/escudo-14\/\" rel=\"attachment wp-att-46750\"><img data-recalc-dims=\"1\" loading=\"lazy\" decoding=\"async\" class=\"aligncenter size-thumbnail wp-image-46750\" src=\"https:\/\/i0.wp.com\/www.manquepierda.com\/historiarealbetis\/files\/2016\/01\/escudo-14.jpg?resize=196%2C220&#038;ssl=1\" alt=\"escudo-14\" width=\"196\" height=\"220\" srcset=\"https:\/\/i0.wp.com\/www.manquepierda.com\/historiarealbetis\/files\/2016\/01\/escudo-14.jpg?resize=196%2C220&amp;ssl=1 196w, https:\/\/i0.wp.com\/www.manquepierda.com\/historiarealbetis\/files\/2016\/01\/escudo-14.jpg?w=357&amp;ssl=1 357w\" sizes=\"auto, (max-width: 196px) 100vw, 196px\" \/><\/a>CD SABADELL CF-1 TANTO.<\/p>\n<p style=\"text-align: justify\">CLASIFICACI\u00d3N JUGADORES por IGNACIO GARC\u00cdA FERREIRA.-\u00abHOJA DEL LUNES\u00bb-SEVILLA 23-01-1966:<\/p>\n<p style=\"text-align: center\"><a href=\"https:\/\/www.manquepierda.com\/historiarealbetis\/46739-1966-enero-23-primera-real-betis-balompie-2-cd-sabadell-1-50aniversario\/benegas-3\/\" rel=\"attachment wp-att-46751\"><img data-recalc-dims=\"1\" loading=\"lazy\" decoding=\"async\" class=\"aligncenter size-thumbnail wp-image-46751\" src=\"https:\/\/i0.wp.com\/www.manquepierda.com\/historiarealbetis\/files\/2016\/01\/Benegas.jpg?resize=158%2C220&#038;ssl=1\" alt=\"Benegas\" width=\"158\" height=\"220\" srcset=\"https:\/\/i0.wp.com\/www.manquepierda.com\/historiarealbetis\/files\/2016\/01\/Benegas.jpg?resize=158%2C220&amp;ssl=1 158w, https:\/\/i0.wp.com\/www.manquepierda.com\/historiarealbetis\/files\/2016\/01\/Benegas.jpg?w=321&amp;ssl=1 321w\" sizes=\"auto, (max-width: 158px) 100vw, 158px\" \/><\/a>Juan Mar\u00eda BENEGAS S\u00e1nchez-Aguirre.-(1-).-<strong>Portero.-2 goles encajados.<\/strong><\/p>\n<p style=\"text-align: justify\">2-Lu\u00eds MU\u00d1OZ Grau (-3-).-5-Baldiri ALAVEDRA Pla (-2-).-\u00c1ngel SERTUCHA Ere\u00f1ozaga-Capit\u00e1n (-1-).-Defensas.<\/p>\n<p style=\"text-align: justify\">4-Joaqu\u00edn HERN\u00c1NDEZ L\u00f3pez (-1-).-6-Jaime ARQU\u00c9 Ballester.-Medios.<\/p>\n<p style=\"text-align: justify\">7-Josep PALAU Busquet (-1-).-8-Josep Antoni NOYA Bou (-2-).-9-SABINO Andonegui Belaustegui (-0-)<\/p>\n<p style=\"text-align: left\"><a href=\"https:\/\/www.manquepierda.com\/historiarealbetis\/46739-1966-enero-23-primera-real-betis-balompie-2-cd-sabadell-1-50aniversario\/vidalii\/\" rel=\"attachment wp-att-46752\"><img data-recalc-dims=\"1\" loading=\"lazy\" decoding=\"async\" class=\"alignleft size-thumbnail wp-image-46752\" src=\"https:\/\/i0.wp.com\/www.manquepierda.com\/historiarealbetis\/files\/2016\/01\/VidalII.jpg?resize=156%2C220&#038;ssl=1\" alt=\"VidalII\" width=\"156\" height=\"220\" srcset=\"https:\/\/i0.wp.com\/www.manquepierda.com\/historiarealbetis\/files\/2016\/01\/VidalII.jpg?resize=156%2C220&amp;ssl=1 156w, https:\/\/i0.wp.com\/www.manquepierda.com\/historiarealbetis\/files\/2016\/01\/VidalII.jpg?w=217&amp;ssl=1 217w\" sizes=\"auto, (max-width: 156px) 100vw, 156px\" \/><\/a>10-Antonio VIDAL Planella (a) \u00abVIDAL II\u00bb (-1-).<\/p>\n<p style=\"text-align: left\"><strong>2-1.-88 minutos.-\u00abEn tiro de Vidal, el bal\u00f3n da en la mano de Jos\u00e9 Mar\u00eda Garc\u00eda MONTANER; Gardeazabal se\u00f1ala penalti, y desata las iras del p\u00fablico y las protestas de los jugadores b\u00e9ticos.<\/strong><\/p>\n<p style=\"text-align: left\"><strong>Vidal II transforma el m\u00e1ximo castigo en el tanto del honor vallesano\u00bb.<\/strong><\/p>\n<p style=\"text-align: left\">11-Antonio CAMPS Bau (-1-).-Delanteros.<\/p>\n<p style=\"text-align: center\"><a href=\"https:\/\/www.manquepierda.com\/historiarealbetis\/46739-1966-enero-23-primera-real-betis-balompie-2-cd-sabadell-1-50aniversario\/llorentehdl\/\" rel=\"attachment wp-att-46753\"><img data-recalc-dims=\"1\" loading=\"lazy\" decoding=\"async\" class=\"aligncenter size-medium wp-image-46753\" src=\"https:\/\/i0.wp.com\/www.manquepierda.com\/historiarealbetis\/files\/2016\/01\/LlorenteHDL.jpg?resize=395%2C600&#038;ssl=1\" alt=\"LlorenteHDL\" width=\"395\" height=\"600\" srcset=\"https:\/\/i0.wp.com\/www.manquepierda.com\/historiarealbetis\/files\/2016\/01\/LlorenteHDL.jpg?resize=395%2C600&amp;ssl=1 395w, https:\/\/i0.wp.com\/www.manquepierda.com\/historiarealbetis\/files\/2016\/01\/LlorenteHDL.jpg?resize=145%2C220&amp;ssl=1 145w, https:\/\/i0.wp.com\/www.manquepierda.com\/historiarealbetis\/files\/2016\/01\/LlorenteHDL.jpg?resize=461%2C700&amp;ssl=1 461w, https:\/\/i0.wp.com\/www.manquepierda.com\/historiarealbetis\/files\/2016\/01\/LlorenteHDL.jpg?w=754&amp;ssl=1 754w\" sizes=\"auto, (max-width: 395px) 100vw, 395px\" \/><\/a>Vi\u00f1eta de LORENTE.-\u00abHOJA DEL LUNES\u00bb-Sevilla 23 de Enero de 1966.<\/p>\n<p style=\"text-align: right\">\n<p style=\"text-align: justify\">\n<p style=\"text-align: center\">\n","protected":false},"excerpt":{"rendered":"<p>XXXV EDICI\u00d3N-CAMPEONATO NACIONAL LIGA PRIMERA DIVISI\u00d3N-TEMPORADA 1965-1966.-Desde domingo 05 de Septiembre de 1965 hasta el domingo 03 de Abril de 1966; ambos inclusive. \u00abPALLAR\u00c9S no es hombre fuertemente cotizado. Y lo cierto es que en \u00e9l tiene el cuadro b\u00e9tico uno de sus jugadores de rendimiento m\u00e1s regular y eficiente. El domingo&#8211;cumpliendo con sus normas&#8211;jug\u00f3&#8230;<\/p>\n","protected":false},"author":48,"featured_media":46740,"comment_status":"open","ping_status":"open","sticky":false,"template":"","format":"standard","meta":{"_kad_post_transparent":"","_kad_post_title":"","_kad_post_layout":"","_kad_post_sidebar_id":"","_kad_post_content_style":"","_kad_post_vertical_padding":"","_kad_post_feature":"","_kad_post_feature_position":"","_kad_post_header":false,"_kad_post_footer":false,"_kad_post_classname":"","_jetpack_memberships_contains_paid_content":false,"footnotes":"","jetpack_publicize_message":"","jetpack_publicize_feature_enabled":true,"jetpack_social_post_already_shared":true,"jetpack_social_options":{"image_generator_settings":{"template":"highway","default_image_id":0,"font":"","enabled":false},"version":2}},"categories":[902,1],"tags":[8183,1592,17047,17861],"class_list":["post-46739","post","type-post","status-publish","format-standard","has-post-thumbnail","hentry","category-1960-1969","category-portada","tag-1965-66","tag-1592","tag-ce-sabadell","tag-liga-primera-1965-66"],"jetpack_publicize_connections":[],"jetpack_featured_media_url":"https:\/\/i0.wp.com\/www.manquepierda.com\/historiarealbetis\/files\/2016\/01\/19660123serrano.jpg?fit=1614%2C908&ssl=1","jetpack_sharing_enabled":true,"jetpack_shortlink":"https:\/\/wp.me\/p1ij08-c9R","jetpack-related-posts":[],"_links":{"self":[{"href":"https:\/\/www.manquepierda.com\/historiarealbetis\/wp-json\/wp\/v2\/posts\/46739","targetHints":{"allow":["GET"]}}],"collection":[{"href":"https:\/\/www.manquepierda.com\/historiarealbetis\/wp-json\/wp\/v2\/posts"}],"about":[{"href":"https:\/\/www.manquepierda.com\/historiarealbetis\/wp-json\/wp\/v2\/types\/post"}],"author":[{"embeddable":true,"href":"https:\/\/www.manquepierda.com\/historiarealbetis\/wp-json\/wp\/v2\/users\/48"}],"replies":[{"embeddable":true,"href":"https:\/\/www.manquepierda.com\/historiarealbetis\/wp-json\/wp\/v2\/comments?post=46739"}],"version-history":[{"count":1,"href":"https:\/\/www.manquepierda.com\/historiarealbetis\/wp-json\/wp\/v2\/posts\/46739\/revisions"}],"predecessor-version":[{"id":97055,"href":"https:\/\/www.manquepierda.com\/historiarealbetis\/wp-json\/wp\/v2\/posts\/46739\/revisions\/97055"}],"wp:featuredmedia":[{"embeddable":true,"href":"https:\/\/www.manquepierda.com\/historiarealbetis\/wp-json\/wp\/v2\/media\/46740"}],"wp:attachment":[{"href":"https:\/\/www.manquepierda.com\/historiarealbetis\/wp-json\/wp\/v2\/media?parent=46739"}],"wp:term":[{"taxonomy":"category","embeddable":true,"href":"https:\/\/www.manquepierda.com\/historiarealbetis\/wp-json\/wp\/v2\/categories?post=46739"},{"taxonomy":"post_tag","embeddable":true,"href":"https:\/\/www.manquepierda.com\/historiarealbetis\/wp-json\/wp\/v2\/tags?post=46739"}],"curies":[{"name":"wp","href":"https:\/\/api.w.org\/{rel}","templated":true}]}}