{"id":46857,"date":"2016-01-28T07:32:20","date_gmt":"2016-01-28T06:32:20","guid":{"rendered":"http:\/\/www.manquepierda.com\/historiarealbetis\/?p=46857"},"modified":"2024-09-27T07:57:36","modified_gmt":"2024-09-27T05:57:36","slug":"real-sociedad-betis-liga-1935","status":"publish","type":"post","link":"https:\/\/www.manquepierda.com\/historiarealbetis\/real-sociedad-betis-liga-1935\/","title":{"rendered":"Real Sociedad-Betis Liga 1935"},"content":{"rendered":"<p><a href=\"https:\/\/i0.wp.com\/www.manquepierda.com\/historiarealbetis\/files\/2016\/01\/Real-Sociedad-Betis-Liga-1935.jpg?ssl=1\" rel=\"attachment wp-att-46858\"><img data-recalc-dims=\"1\" loading=\"lazy\" decoding=\"async\" class=\"aligncenter size-medium wp-image-46858\" src=\"https:\/\/i0.wp.com\/www.manquepierda.com\/historiarealbetis\/files\/2016\/01\/Real-Sociedad-Betis-Liga-1935.jpg?resize=680%2C437&#038;ssl=1\" alt=\"Real Sociedad-Betis Liga 1935\" width=\"680\" height=\"437\" srcset=\"https:\/\/i0.wp.com\/www.manquepierda.com\/historiarealbetis\/files\/2016\/01\/Real-Sociedad-Betis-Liga-1935.jpg?resize=680%2C437&amp;ssl=1 680w, https:\/\/i0.wp.com\/www.manquepierda.com\/historiarealbetis\/files\/2016\/01\/Real-Sociedad-Betis-Liga-1935.jpg?resize=220%2C142&amp;ssl=1 220w, https:\/\/i0.wp.com\/www.manquepierda.com\/historiarealbetis\/files\/2016\/01\/Real-Sociedad-Betis-Liga-1935.jpg?resize=768%2C494&amp;ssl=1 768w, https:\/\/i0.wp.com\/www.manquepierda.com\/historiarealbetis\/files\/2016\/01\/Real-Sociedad-Betis-Liga-1935.jpg?resize=960%2C617&amp;ssl=1 960w, https:\/\/i0.wp.com\/www.manquepierda.com\/historiarealbetis\/files\/2016\/01\/Real-Sociedad-Betis-Liga-1935.jpg?w=1009&amp;ssl=1 1009w\" sizes=\"auto, (max-width: 680px) 100vw, 680px\" \/><\/a><\/p>\n<p>17 de marzo de 1935 en Atocha \u00a0Donostia 2 \u00a0Betis 4; jornada 16 del Campeonato de Liga de Primera Divisi\u00f3n.<\/p>\n<p>En la imagen un acoso del equipo donostiarra sobre la meta b\u00e9tica defendida por el guardameta Joaqu\u00edn Urquiaga. Peral es el defensa b\u00e9tico que est\u00e1 bajo los palos, mientras que Areso queda en el centro del \u00e1rea y G\u00f3mez observa la jugada al fondo.<\/p>\n<p>D\u00eda de fuerte lluvia sobre San Sebasti\u00e1n, el campo hecho un lodazal y p\u00fablico que presencia el partido cobijado bajo los paraguas.<\/p>\n<p>Insausti adelant\u00f3 al equipo vasco en el minuto 50, pero en el 52 empat\u00f3 Unamuno y en el 53 Timimi remontaba para el Betis. En el 65 Lecue y en el 87 Timimi sentenciaron el partido, cerrando Chol\u00edn en el minuto 89 al hacer el segundo gol blanquiazul.<\/p>\n<p>Como curiosidades que es el equipo local quien cambia de indumentaria, al vestir camiseta blanca y pantal\u00f3n azul, para no coincidir con la camiseta a rayas del Betis. Tambi\u00e9n caracter\u00edsticos de la \u00e9poca los postes cuadrados.<\/p>\n<p>Con esta victoria el Betis pon\u00eda fin a la crisis de resultados de los 3 \u00faltimos partidos ( 1 empate y 2 derrotas) que hab\u00edan permitido al Madrid reducir la ventaja que el equipo b\u00e9tico le llevaba al frente de la clasificaci\u00f3n.<\/p>\n<p>Harold Lowe entrenaba al Donostia y Patrick O\u00b4Connell al Betis<\/p>\n","protected":false},"excerpt":{"rendered":"<p>17 de marzo de 1935 en Atocha \u00a0Donostia 2 \u00a0Betis 4; jornada 16 del Campeonato de Liga de Primera Divisi\u00f3n. En la imagen un acoso del equipo donostiarra sobre la meta b\u00e9tica defendida por el guardameta Joaqu\u00edn Urquiaga. Peral es el defensa b\u00e9tico que est\u00e1 bajo los palos, mientras que Areso queda en el centro&#8230;<\/p>\n","protected":false},"author":5,"featured_media":46858,"comment_status":"open","ping_status":"open","sticky":false,"template":"","format":"standard","meta":{"_kad_post_transparent":"","_kad_post_title":"","_kad_post_layout":"","_kad_post_sidebar_id":"","_kad_post_content_style":"","_kad_post_vertical_padding":"","_kad_post_feature":"","_kad_post_feature_position":"","_kad_post_header":false,"_kad_post_footer":false,"_kad_post_classname":"","_jetpack_memberships_contains_paid_content":false,"footnotes":"","jetpack_publicize_message":"","jetpack_publicize_feature_enabled":true,"jetpack_social_post_already_shared":true,"jetpack_social_options":{"image_generator_settings":{"template":"highway","default_image_id":0,"font":"","enabled":false},"version":2}},"categories":[899,1],"tags":[2267,45,4032,1170,1454,17913,17928,1016,15912],"class_list":["post-46857","post","type-post","status-publish","format-standard","has-post-thumbnail","hentry","category-1930-1939","category-portada","tag-1934-35","tag-45","tag-donostia","tag-francisco-gomez","tag-joaquin-urquiaga","tag-jose-suarez-peral","tag-liga-primera-1934-35","tag-pedro-areso","tag-real-sociedad-de-futbol"],"jetpack_publicize_connections":[],"jetpack_featured_media_url":"https:\/\/i0.wp.com\/www.manquepierda.com\/historiarealbetis\/files\/2016\/01\/Real-Sociedad-Betis-Liga-1935.jpg?fit=1009%2C649&ssl=1","jetpack_sharing_enabled":true,"jetpack_shortlink":"https:\/\/wp.me\/p1ij08-cbL","jetpack-related-posts":[],"_links":{"self":[{"href":"https:\/\/www.manquepierda.com\/historiarealbetis\/wp-json\/wp\/v2\/posts\/46857","targetHints":{"allow":["GET"]}}],"collection":[{"href":"https:\/\/www.manquepierda.com\/historiarealbetis\/wp-json\/wp\/v2\/posts"}],"about":[{"href":"https:\/\/www.manquepierda.com\/historiarealbetis\/wp-json\/wp\/v2\/types\/post"}],"author":[{"embeddable":true,"href":"https:\/\/www.manquepierda.com\/historiarealbetis\/wp-json\/wp\/v2\/users\/5"}],"replies":[{"embeddable":true,"href":"https:\/\/www.manquepierda.com\/historiarealbetis\/wp-json\/wp\/v2\/comments?post=46857"}],"version-history":[{"count":2,"href":"https:\/\/www.manquepierda.com\/historiarealbetis\/wp-json\/wp\/v2\/posts\/46857\/revisions"}],"predecessor-version":[{"id":99753,"href":"https:\/\/www.manquepierda.com\/historiarealbetis\/wp-json\/wp\/v2\/posts\/46857\/revisions\/99753"}],"wp:featuredmedia":[{"embeddable":true,"href":"https:\/\/www.manquepierda.com\/historiarealbetis\/wp-json\/wp\/v2\/media\/46858"}],"wp:attachment":[{"href":"https:\/\/www.manquepierda.com\/historiarealbetis\/wp-json\/wp\/v2\/media?parent=46857"}],"wp:term":[{"taxonomy":"category","embeddable":true,"href":"https:\/\/www.manquepierda.com\/historiarealbetis\/wp-json\/wp\/v2\/categories?post=46857"},{"taxonomy":"post_tag","embeddable":true,"href":"https:\/\/www.manquepierda.com\/historiarealbetis\/wp-json\/wp\/v2\/tags?post=46857"}],"curies":[{"name":"wp","href":"https:\/\/api.w.org\/{rel}","templated":true}]}}