{"id":47178,"date":"2016-02-07T00:01:28","date_gmt":"2016-02-06T23:01:28","guid":{"rendered":"http:\/\/www.manquepierda.com\/historiarealbetis\/?p=47178"},"modified":"2024-08-24T17:07:17","modified_gmt":"2024-08-24T15:07:17","slug":"1955-febrero-06-segundagii-real-betis-balompie-2-atletico-tetuan-1-61aniversario","status":"publish","type":"post","link":"https:\/\/www.manquepierda.com\/historiarealbetis\/1955-febrero-06-segundagii-real-betis-balompie-2-atletico-tetuan-1-61aniversario\/","title":{"rendered":"1955-Febrero 06-SegundaG2.-Real Betis Balompi\u00e9-2 Atl\u00e9tico Tetu\u00e1n-1.-61Aniversario."},"content":{"rendered":"<p style=\"text-align: justify\">XXIV EDICI\u00d3N-CAMPEONATO NACIONAL LIGA SEGUNDA DIVISI\u00d3N-GRUPO II-TEMPORADA 1954-1955.-DESDE DOMINGO 12 DE SEPTIEMBRE DE 1954 HASTA DOMINGO 10 DE ABRIL DE 1955; AMBAS FECHAS INCLUSIVE.<\/p>\n<p style=\"text-align: center\">Fuente \u00abABC-Sevilla-Domingo 06 de Febrero de 1955:<\/p>\n<p style=\"text-align: center\"><img data-recalc-dims=\"1\" loading=\"lazy\" decoding=\"async\" class=\"aligncenter size-large wp-image-47179\" src=\"https:\/\/i0.wp.com\/www.manquepierda.com\/historiarealbetis\/files\/2016\/02\/DARDO19550206.jpg?resize=517%2C700&#038;ssl=1\" alt=\"DARDO19550206\" width=\"517\" height=\"700\" srcset=\"https:\/\/i0.wp.com\/www.manquepierda.com\/historiarealbetis\/files\/2016\/02\/DARDO19550206.jpg?resize=517%2C700&amp;ssl=1 517w, https:\/\/i0.wp.com\/www.manquepierda.com\/historiarealbetis\/files\/2016\/02\/DARDO19550206.jpg?resize=163%2C220&amp;ssl=1 163w, https:\/\/i0.wp.com\/www.manquepierda.com\/historiarealbetis\/files\/2016\/02\/DARDO19550206.jpg?resize=443%2C600&amp;ssl=1 443w, https:\/\/i0.wp.com\/www.manquepierda.com\/historiarealbetis\/files\/2016\/02\/DARDO19550206.jpg?resize=768%2C1040&amp;ssl=1 768w\" sizes=\"auto, (max-width: 517px) 100vw, 517px\" \/><\/p>\n<p style=\"text-align: justify\"><strong>1955-FEBRERO 06-DOMINGO EN LA \u00abCIUDAD DEL SOL\u00bb-ESTADIO MUNICIPAL \u00abHELI\u00d3POLIS\u00bb-DIA DEL CLUB.-16&#8217;30 HORAS: 22\u00aa JORNADA.-Clave Marcador Simult\u00e1neo \u00abDARDO\u00bb-LETRA \u00abH\u00bb.<\/strong><\/p>\n<p style=\"text-align: center\">Arbitr\u00f3 el colegiado madrile\u00f1o Jos\u00e9 JIM\u00c9NEZ LUNA.-Aline\u00e1ndose ambas escuadras de la forma siguiente:<\/p>\n<p style=\"text-align: justify\"><strong>S\u00c9PTIMO CLASIFICADO CON 25 PUNTOS Y +3 POSITIVOS (10-GANADOS+5-EMPATADOS+7-PERDIDOS) 40-GOLES A FAVOR Y 34-TANTOS EN CONTRA.<\/strong><\/p>\n<p style=\"text-align: justify\"><em><strong>Don Manuel RUIZ RODR\u00cdGUEZ (55 a\u00f1os+11 meses menos 12 d\u00edas)-Industrial-Natural de Coria del R\u00edo <img data-recalc-dims=\"1\" loading=\"lazy\" decoding=\"async\" class=\"alignright size-thumbnail wp-image-47180\" src=\"https:\/\/i0.wp.com\/www.manquepierda.com\/historiarealbetis\/files\/2016\/02\/Manuel-RUIZ-Rodr%C3%ADguez.jpg?resize=166%2C220&#038;ssl=1\" alt=\"Manuel RUIZ Rodr\u00edguez\" width=\"166\" height=\"220\" srcset=\"https:\/\/i0.wp.com\/www.manquepierda.com\/historiarealbetis\/files\/2016\/02\/Manuel-RUIZ-Rodr%C3%ADguez.jpg?resize=166%2C220&amp;ssl=1 166w, https:\/\/i0.wp.com\/www.manquepierda.com\/historiarealbetis\/files\/2016\/02\/Manuel-RUIZ-Rodr%C3%ADguez.jpg?resize=454%2C600&amp;ssl=1 454w, https:\/\/i0.wp.com\/www.manquepierda.com\/historiarealbetis\/files\/2016\/02\/Manuel-RUIZ-Rodr%C3%ADguez.jpg?resize=768%2C1016&amp;ssl=1 768w, https:\/\/i0.wp.com\/www.manquepierda.com\/historiarealbetis\/files\/2016\/02\/Manuel-RUIZ-Rodr%C3%ADguez.jpg?resize=529%2C700&amp;ssl=1 529w\" sizes=\"auto, (max-width: 166px) 100vw, 166px\" \/>(Sevilla), s\u00e1bado 18 de Marzo de 1899.-Obituario en Sevilla, martes 09 de Octubre de 1956 (57 A\u00f1os+7 meses menos 9 d\u00edas) D. E. P.<\/strong><\/em><\/p>\n<p style=\"text-align: justify\"><em><strong>Presidente Real Betis Balompi\u00e9-Temporadas 1952-1953 \u00e1 1954-1955, ambas inclusive.<\/strong><\/em><\/p>\n<p style=\"text-align: center\"><strong><img data-recalc-dims=\"1\" loading=\"lazy\" decoding=\"async\" class=\"alignleft size-thumbnail wp-image-47181\" src=\"https:\/\/i0.wp.com\/www.manquepierda.com\/historiarealbetis\/files\/2016\/02\/FranciscoG%C3%B3mezVicente-Entrenador.1.jpg?resize=174%2C220&#038;ssl=1\" alt=\"FranciscoG\u00f3mezVicente-Entrenador.1\" width=\"174\" height=\"220\" srcset=\"https:\/\/i0.wp.com\/www.manquepierda.com\/historiarealbetis\/files\/2016\/02\/FranciscoG%C3%B3mezVicente-Entrenador.1.jpg?resize=174%2C220&amp;ssl=1 174w, https:\/\/i0.wp.com\/www.manquepierda.com\/historiarealbetis\/files\/2016\/02\/FranciscoG%C3%B3mezVicente-Entrenador.1.jpg?w=293&amp;ssl=1 293w\" sizes=\"auto, (max-width: 174px) 100vw, 174px\" \/>Entrenador 1954-1955.<\/strong><\/p>\n<p style=\"text-align: justify\"><strong>Francisco G\u00d3MEZ Vicente (44 a\u00f1os+9 meses menos 6 d\u00edas)-Natural de Almer\u00eda, jueves 12 de Mayo de 1910.-Obituario en Barcelona, martes 29 de Noviembre de 1983 (73 A\u00f1os+6 meses+17 d\u00edas).-D. E. P.<\/strong><\/p>\n<p style=\"text-align: center\"><img data-recalc-dims=\"1\" loading=\"lazy\" decoding=\"async\" class=\"aligncenter size-full wp-image-46897\" src=\"https:\/\/i0.wp.com\/www.manquepierda.com\/historiarealbetis\/files\/2016\/01\/1941-RBB.jpg?resize=154%2C154&#038;ssl=1\" alt=\"1941-RBB\" width=\"154\" height=\"154\" \/><strong>REAL BETIS BALOMPI\u00c9-2 GOLES.<br \/>\n<\/strong><\/p>\n<p style=\"text-align: center\"><img data-recalc-dims=\"1\" loading=\"lazy\" decoding=\"async\" class=\"aligncenter size-full wp-image-47182\" src=\"https:\/\/i0.wp.com\/www.manquepierda.com\/historiarealbetis\/files\/2016\/02\/Alineaci%C3%B3n-Betis-Atco.-Tetu%C3%A1n-Liga-1955.jpg?resize=648%2C397&#038;ssl=1\" alt=\"Alineaci\u00f3n-Betis-Atco.-Tetu\u00e1n-Liga-1955\" width=\"648\" height=\"397\" srcset=\"https:\/\/i0.wp.com\/www.manquepierda.com\/historiarealbetis\/files\/2016\/02\/Alineaci%C3%B3n-Betis-Atco.-Tetu%C3%A1n-Liga-1955.jpg?w=648&amp;ssl=1 648w, https:\/\/i0.wp.com\/www.manquepierda.com\/historiarealbetis\/files\/2016\/02\/Alineaci%C3%B3n-Betis-Atco.-Tetu%C3%A1n-Liga-1955.jpg?resize=220%2C135&amp;ssl=1 220w\" sizes=\"auto, (max-width: 648px) 100vw, 648px\" \/><\/p>\n<p style=\"text-align: justify\"><strong>De izquierda a derecha imagen: MONTES (Suplente)-\u00abPORTU\u00bb-CIFUENTES-\u00d3SCAR-HURTADO-GABILONDO-BARINAGA.-Mismo orden agachados: GONZ\u00c1LEZ-VILLOTA-DEL SOL-FLORES-MARCOS MART\u00cdN.<\/strong><\/p>\n<p style=\"text-align: justify\"><strong>*1-Guardameta (1 tanto encajado).-Pedro GONZ\u00c1LEZ L\u00e1zaro (28 a\u00f1os+9 meses menos 3 d\u00edas)-Natural de Madrid, domingo 09 de Mayo de 1926.-\u00cddem, domingo 07 de Marzo de 1999 (72 A\u00f1os+10 meses menos 2 d\u00edas) D. E. P.<\/strong><\/p>\n<p style=\"text-align: center\"><strong>Zagueros:<\/strong><\/p>\n<p style=\"text-align: justify\"><strong>2-Lateral Diestro.-Jos\u00e9 Besteiro Fari\u00f1as (a) \u00abPORTU\u00bb.-5-Central.-Juan de la Cruz GABILONDO Muguerza.-3-Lateral Zurdo.-Lu\u00eds CIFUENTES Zarracina.<\/strong><\/p>\n<p style=\"text-align: center\"><strong>Medios:<\/strong><\/p>\n<p style=\"text-align: justify\"><strong>4-Diestro.-\u00d3SCAR Rodr\u00edguez Arauna.-6-Zurdo.-Jes\u00fas Mar\u00eda HURTADO Arrieta.<\/strong><\/p>\n<p style=\"text-align: justify\"><strong>7-Extremo Diestro.-Lu\u00eds DEL SOL Cascajares.-8-Interior Diestro.-Sabino BARINAGA Alberdi.<\/strong><\/p>\n<p style=\"text-align: justify\"><strong>*9-Centro Delantero-Ariete (1-0.-54 minutos).-Isidro VILLOTA Elejalde (23 a\u00f1os+9 meses menos 10 d\u00edas)-Natural de Bilbao (Vizcaya), s\u00e1bado 16 de Mayo de 1931.-Obituario en Madrid, lunes 26 de Agosto de 2002 (71 A\u00f1os+3 meses+10 d\u00edas) D. E. P.<\/strong><\/p>\n<p style=\"text-align: justify\"><strong>*10-Interior Zurdo (2-0.-56 minutos).-MARCOS MART\u00cdN Mart\u00edn De las Ventas (28 a\u00f1os+9 meses+2 d\u00edas)-Natural de Madrid, martes 04 de Mayo de 1926.-Obituario en Denia (Alicante), viernes 15 de Febrero de 2002 (75 A\u00f1os+10 meses+11 d\u00edas) D. E. P.<\/strong><\/p>\n<p style=\"text-align: justify\"><strong>11-Extremo Zurdo.-\u00c1ngel FLORES Allende.<\/strong><\/p>\n<p style=\"text-align: center\">Vs.<\/p>\n<p style=\"text-align: justify\">CUARTO CLASIFICADO CON 27 PUNTOS Y +5 POSITIVOS (12ganados+3empatados+7perdidos) 29-24 TANTOS FAVOR-CONTRA.<\/p>\n<p style=\"text-align: justify\"><img data-recalc-dims=\"1\" loading=\"lazy\" decoding=\"async\" class=\"alignright size-thumbnail wp-image-47186\" src=\"https:\/\/i0.wp.com\/www.manquepierda.com\/historiarealbetis\/files\/2016\/02\/Barrios.jpg?resize=154%2C220&#038;ssl=1\" alt=\"Barrios\" width=\"154\" height=\"220\" srcset=\"https:\/\/i0.wp.com\/www.manquepierda.com\/historiarealbetis\/files\/2016\/02\/Barrios.jpg?resize=154%2C220&amp;ssl=1 154w, https:\/\/i0.wp.com\/www.manquepierda.com\/historiarealbetis\/files\/2016\/02\/Barrios.jpg?w=237&amp;ssl=1 237w\" sizes=\"auto, (max-width: 154px) 100vw, 154px\" \/><\/p>\n<p style=\"text-align: right\">Antonio BARRIOS Seoane Entrenador-Temporada 1954-1955.<\/p>\n<p style=\"text-align: center\"><img data-recalc-dims=\"1\" loading=\"lazy\" decoding=\"async\" class=\"size-thumbnail wp-image-47187 alignnone\" src=\"https:\/\/i0.wp.com\/www.manquepierda.com\/historiarealbetis\/files\/2016\/02\/CAT.jpg?resize=163%2C220&#038;ssl=1\" alt=\"CAT\" width=\"163\" height=\"220\" srcset=\"https:\/\/i0.wp.com\/www.manquepierda.com\/historiarealbetis\/files\/2016\/02\/CAT.jpg?resize=163%2C220&amp;ssl=1 163w, https:\/\/i0.wp.com\/www.manquepierda.com\/historiarealbetis\/files\/2016\/02\/CAT.jpg?resize=445%2C600&amp;ssl=1 445w, https:\/\/i0.wp.com\/www.manquepierda.com\/historiarealbetis\/files\/2016\/02\/CAT.jpg?resize=768%2C1035&amp;ssl=1 768w, https:\/\/i0.wp.com\/www.manquepierda.com\/historiarealbetis\/files\/2016\/02\/CAT.jpg?resize=519%2C700&amp;ssl=1 519w, https:\/\/i0.wp.com\/www.manquepierda.com\/historiarealbetis\/files\/2016\/02\/CAT.jpg?w=1187&amp;ssl=1 1187w\" sizes=\"auto, (max-width: 163px) 100vw, 163px\" \/>1941-1956.-CLUB ATL\u00c9TICO TETU\u00c1N-1 TANTO.<\/p>\n<p style=\"text-align: center\"><img data-recalc-dims=\"1\" loading=\"lazy\" decoding=\"async\" class=\"aligncenter size-thumbnail wp-image-47188\" src=\"https:\/\/i0.wp.com\/www.manquepierda.com\/historiarealbetis\/files\/2016\/02\/Goyo.jpg?resize=155%2C220&#038;ssl=1\" alt=\"Goyo\" width=\"155\" height=\"220\" srcset=\"https:\/\/i0.wp.com\/www.manquepierda.com\/historiarealbetis\/files\/2016\/02\/Goyo.jpg?resize=155%2C220&amp;ssl=1 155w, https:\/\/i0.wp.com\/www.manquepierda.com\/historiarealbetis\/files\/2016\/02\/Goyo.jpg?w=170&amp;ssl=1 170w\" sizes=\"auto, (max-width: 155px) 100vw, 155px\" \/><\/p>\n<p style=\"text-align: justify\">1-Gregorio Vergel Serrano (a) \u00abGOYO\u00bb.-<strong>2 goles encajados*Portero.<\/strong><\/p>\n<p style=\"text-align: justify\">2-Juan JUANEDA Saurina.-5-Esteban ALARC\u00d3N S\u00e1nchez.-3-Juan Barbero L\u00f3pez (a) \u00abJUANELE\u00bb.<\/p>\n<p style=\"text-align: center\"><img data-recalc-dims=\"1\" loading=\"lazy\" decoding=\"async\" class=\"aligncenter size-thumbnail wp-image-47189\" src=\"https:\/\/i0.wp.com\/www.manquepierda.com\/historiarealbetis\/files\/2016\/02\/LOLI-1.jpg?resize=144%2C220&#038;ssl=1\" alt=\"LOLI-1\" width=\"144\" height=\"220\" srcset=\"https:\/\/i0.wp.com\/www.manquepierda.com\/historiarealbetis\/files\/2016\/02\/LOLI-1.jpg?resize=144%2C220&amp;ssl=1 144w, https:\/\/i0.wp.com\/www.manquepierda.com\/historiarealbetis\/files\/2016\/02\/LOLI-1.jpg?w=242&amp;ssl=1 242w\" sizes=\"auto, (max-width: 144px) 100vw, 144px\" \/><\/p>\n<p style=\"text-align: justify\">4-<strong>Manuel G\u00f3mez Dom\u00ednguez (a) \u00abLOLI.-<\/strong>6-Rafael MU\u00d1OZ Mart\u00edn.-Medios.<\/p>\n<p style=\"text-align: center\"><img data-recalc-dims=\"1\" loading=\"lazy\" decoding=\"async\" class=\"aligncenter size-thumbnail wp-image-47190\" src=\"https:\/\/i0.wp.com\/www.manquepierda.com\/historiarealbetis\/files\/2016\/02\/Chicha.jpg?resize=147%2C220&#038;ssl=1\" alt=\"Chicha\" width=\"147\" height=\"220\" srcset=\"https:\/\/i0.wp.com\/www.manquepierda.com\/historiarealbetis\/files\/2016\/02\/Chicha.jpg?resize=147%2C220&amp;ssl=1 147w, https:\/\/i0.wp.com\/www.manquepierda.com\/historiarealbetis\/files\/2016\/02\/Chicha.jpg?w=171&amp;ssl=1 171w\" sizes=\"auto, (max-width: 147px) 100vw, 147px\" \/><\/p>\n<p style=\"text-align: justify\">7-Lahsen Ben Mohamed Ahmed (a) \u00abCHICHA\u00bb (<strong>2-1.-87 minutos-penalti).-<\/strong>8-Juan MORENO L\u00f3pez.<\/p>\n<p style=\"text-align: center\"><img data-recalc-dims=\"1\" loading=\"lazy\" decoding=\"async\" class=\"aligncenter size-thumbnail wp-image-47191\" src=\"https:\/\/i0.wp.com\/www.manquepierda.com\/historiarealbetis\/files\/2016\/02\/Jos%C3%A9-PATRICIO-Villarrubia.jpg?resize=220%2C220&#038;ssl=1\" alt=\"Jos\u00e9 PATRICIO Villarrubia\" width=\"220\" height=\"220\" srcset=\"https:\/\/i0.wp.com\/www.manquepierda.com\/historiarealbetis\/files\/2016\/02\/Jos%C3%A9-PATRICIO-Villarrubia.jpg?resize=220%2C220&amp;ssl=1 220w, https:\/\/i0.wp.com\/www.manquepierda.com\/historiarealbetis\/files\/2016\/02\/Jos%C3%A9-PATRICIO-Villarrubia.jpg?w=264&amp;ssl=1 264w\" sizes=\"auto, (max-width: 220px) 100vw, 220px\" \/><\/p>\n<p style=\"text-align: center\">9-<strong>Jos\u00e9 PATRICIO Villarrubia.<\/strong><\/p>\n<p style=\"text-align: justify\">10-Francisco L\u00d3PEZ Cardosa.-11-Jos\u00e9 GINER Bleda.-Delanteros.<\/p>\n<p style=\"text-align: center\"><img data-recalc-dims=\"1\" loading=\"lazy\" decoding=\"async\" class=\"aligncenter size-full wp-image-47192\" src=\"https:\/\/i0.wp.com\/www.manquepierda.com\/historiarealbetis\/files\/2016\/02\/Vi%C3%B1eta-VF.jpg?resize=679%2C922&#038;ssl=1\" alt=\"Vi\u00f1eta VF\" width=\"679\" height=\"922\" srcset=\"https:\/\/i0.wp.com\/www.manquepierda.com\/historiarealbetis\/files\/2016\/02\/Vi%C3%B1eta-VF.jpg?w=679&amp;ssl=1 679w, https:\/\/i0.wp.com\/www.manquepierda.com\/historiarealbetis\/files\/2016\/02\/Vi%C3%B1eta-VF.jpg?resize=162%2C220&amp;ssl=1 162w, https:\/\/i0.wp.com\/www.manquepierda.com\/historiarealbetis\/files\/2016\/02\/Vi%C3%B1eta-VF.jpg?resize=442%2C600&amp;ssl=1 442w, https:\/\/i0.wp.com\/www.manquepierda.com\/historiarealbetis\/files\/2016\/02\/Vi%C3%B1eta-VF.jpg?resize=516%2C700&amp;ssl=1 516w\" sizes=\"auto, (max-width: 679px) 100vw, 679px\" \/><\/p>\n<p style=\"text-align: center\"><strong>Vi\u00f1eta Vicente Flores.-ABC-Sevilla 19550208-Martes.<\/strong><\/p>\n","protected":false},"excerpt":{"rendered":"<p>XXIV EDICI\u00d3N-CAMPEONATO NACIONAL LIGA SEGUNDA DIVISI\u00d3N-GRUPO II-TEMPORADA 1954-1955.-DESDE DOMINGO 12 DE SEPTIEMBRE DE 1954 HASTA DOMINGO 10 DE ABRIL DE 1955; AMBAS FECHAS INCLUSIVE. Fuente \u00abABC-Sevilla-Domingo 06 de Febrero de 1955: 1955-FEBRERO 06-DOMINGO EN LA \u00abCIUDAD DEL SOL\u00bb-ESTADIO MUNICIPAL \u00abHELI\u00d3POLIS\u00bb-DIA DEL CLUB.-16&#8217;30 HORAS: 22\u00aa JORNADA.-Clave Marcador Simult\u00e1neo \u00abDARDO\u00bb-LETRA \u00abH\u00bb. Arbitr\u00f3 el colegiado madrile\u00f1o Jos\u00e9 JIM\u00c9NEZ&#8230;<\/p>\n","protected":false},"author":48,"featured_media":47182,"comment_status":"open","ping_status":"open","sticky":false,"template":"","format":"standard","meta":{"_kad_post_transparent":"","_kad_post_title":"","_kad_post_layout":"","_kad_post_sidebar_id":"","_kad_post_content_style":"","_kad_post_vertical_padding":"","_kad_post_feature":"","_kad_post_feature_position":"","_kad_post_header":false,"_kad_post_footer":false,"_kad_post_classname":"","_jetpack_memberships_contains_paid_content":false,"footnotes":"","jetpack_publicize_message":"","jetpack_publicize_feature_enabled":true,"jetpack_social_post_already_shared":true,"jetpack_social_options":{"image_generator_settings":{"template":"highway","default_image_id":0,"font":"","enabled":false},"version":2}},"categories":[901,1],"tags":[2561,55,16819,17902],"class_list":["post-47178","post","type-post","status-publish","format-standard","has-post-thumbnail","hentry","category-1950-1959","category-portada","tag-1954-55","tag-55","tag-club-atletico-tetuan","tag-liga-segunda-1954-55"],"jetpack_publicize_connections":[],"jetpack_featured_media_url":"https:\/\/i0.wp.com\/www.manquepierda.com\/historiarealbetis\/files\/2016\/02\/Alineaci%C3%B3n-Betis-Atco.-Tetu%C3%A1n-Liga-1955.jpg?fit=648%2C397&ssl=1","jetpack_sharing_enabled":true,"jetpack_shortlink":"https:\/\/wp.me\/p1ij08-cgW","jetpack-related-posts":[],"_links":{"self":[{"href":"https:\/\/www.manquepierda.com\/historiarealbetis\/wp-json\/wp\/v2\/posts\/47178","targetHints":{"allow":["GET"]}}],"collection":[{"href":"https:\/\/www.manquepierda.com\/historiarealbetis\/wp-json\/wp\/v2\/posts"}],"about":[{"href":"https:\/\/www.manquepierda.com\/historiarealbetis\/wp-json\/wp\/v2\/types\/post"}],"author":[{"embeddable":true,"href":"https:\/\/www.manquepierda.com\/historiarealbetis\/wp-json\/wp\/v2\/users\/48"}],"replies":[{"embeddable":true,"href":"https:\/\/www.manquepierda.com\/historiarealbetis\/wp-json\/wp\/v2\/comments?post=47178"}],"version-history":[{"count":1,"href":"https:\/\/www.manquepierda.com\/historiarealbetis\/wp-json\/wp\/v2\/posts\/47178\/revisions"}],"predecessor-version":[{"id":97766,"href":"https:\/\/www.manquepierda.com\/historiarealbetis\/wp-json\/wp\/v2\/posts\/47178\/revisions\/97766"}],"wp:featuredmedia":[{"embeddable":true,"href":"https:\/\/www.manquepierda.com\/historiarealbetis\/wp-json\/wp\/v2\/media\/47182"}],"wp:attachment":[{"href":"https:\/\/www.manquepierda.com\/historiarealbetis\/wp-json\/wp\/v2\/media?parent=47178"}],"wp:term":[{"taxonomy":"category","embeddable":true,"href":"https:\/\/www.manquepierda.com\/historiarealbetis\/wp-json\/wp\/v2\/categories?post=47178"},{"taxonomy":"post_tag","embeddable":true,"href":"https:\/\/www.manquepierda.com\/historiarealbetis\/wp-json\/wp\/v2\/tags?post=47178"}],"curies":[{"name":"wp","href":"https:\/\/api.w.org\/{rel}","templated":true}]}}