{"id":47217,"date":"2016-02-09T07:35:16","date_gmt":"2016-02-09T06:35:16","guid":{"rendered":"http:\/\/www.manquepierda.com\/historiarealbetis\/?p=47217"},"modified":"2024-09-29T00:11:54","modified_gmt":"2024-09-28T22:11:54","slug":"alineacion-cadiz-betis-liga-1978","status":"publish","type":"post","link":"https:\/\/www.manquepierda.com\/historiarealbetis\/alineacion-cadiz-betis-liga-1978\/","title":{"rendered":"Alineaci\u00f3n C\u00e1diz-Betis Liga 1978"},"content":{"rendered":"<p><a href=\"https:\/\/i0.wp.com\/www.manquepierda.com\/historiarealbetis\/files\/2016\/02\/Alineaci%C3%B3n-C%C3%A1diz-Betis-Liga-1978.jpg?ssl=1\" rel=\"attachment wp-att-47218\"><img data-recalc-dims=\"1\" loading=\"lazy\" decoding=\"async\" class=\"aligncenter size-medium wp-image-47218\" src=\"https:\/\/i0.wp.com\/www.manquepierda.com\/historiarealbetis\/files\/2016\/02\/Alineaci%C3%B3n-C%C3%A1diz-Betis-Liga-1978.jpg?resize=680%2C454&#038;ssl=1\" alt=\"Alineaci\u00f3n C\u00e1diz-Betis Liga 1978\" width=\"680\" height=\"454\" srcset=\"https:\/\/i0.wp.com\/www.manquepierda.com\/historiarealbetis\/files\/2016\/02\/Alineaci%C3%B3n-C%C3%A1diz-Betis-Liga-1978.jpg?resize=680%2C454&amp;ssl=1 680w, https:\/\/i0.wp.com\/www.manquepierda.com\/historiarealbetis\/files\/2016\/02\/Alineaci%C3%B3n-C%C3%A1diz-Betis-Liga-1978.jpg?resize=220%2C147&amp;ssl=1 220w, https:\/\/i0.wp.com\/www.manquepierda.com\/historiarealbetis\/files\/2016\/02\/Alineaci%C3%B3n-C%C3%A1diz-Betis-Liga-1978.jpg?resize=768%2C513&amp;ssl=1 768w, https:\/\/i0.wp.com\/www.manquepierda.com\/historiarealbetis\/files\/2016\/02\/Alineaci%C3%B3n-C%C3%A1diz-Betis-Liga-1978.jpg?w=855&amp;ssl=1 855w\" sizes=\"auto, (max-width: 680px) 100vw, 680px\" \/><\/a><\/p>\n<p>12 de febrero de 1978 en \u00a0Carranza \u00a0C\u00e1diz \u00a00 \u00a0 Betis 5; jornada 21 del Campeonato de Liga de Primera Divisi\u00f3n.<\/p>\n<p>En la imagen Campos, Ben\u00edtez, Biosca, Sabat\u00e9, Gordillo y L\u00f3pez; abajo Garc\u00eda Soriano, Alabanda, Hugo Cabezas, Carde\u00f1osa \u00a0y Anzarda.<\/p>\n<p>Dos goles de Carde\u00f1osa, dos goles de Hugo Cabezas y otro de Garc\u00eda Soriano sirvieron al Betis \u00a0para una aplastante victoria.<\/p>\n<p>Mariano Moreno entrenaba al Betis y Rafael Iriondo al Betis.<\/p>\n","protected":false},"excerpt":{"rendered":"<p>12 de febrero de 1978 en \u00a0Carranza \u00a0C\u00e1diz \u00a00 \u00a0 Betis 5; jornada 21 del Campeonato de Liga de Primera Divisi\u00f3n. En la imagen Campos, Ben\u00edtez, Biosca, Sabat\u00e9, Gordillo y L\u00f3pez; abajo Garc\u00eda Soriano, Alabanda, Hugo Cabezas, Carde\u00f1osa \u00a0y Anzarda. Dos goles de Carde\u00f1osa, dos goles de Hugo Cabezas y otro de Garc\u00eda Soriano sirvieron&#8230;<\/p>\n","protected":false},"author":5,"featured_media":47218,"comment_status":"open","ping_status":"open","sticky":false,"template":"","format":"standard","meta":{"_kad_post_transparent":"","_kad_post_title":"","_kad_post_layout":"","_kad_post_sidebar_id":"","_kad_post_content_style":"","_kad_post_vertical_padding":"","_kad_post_feature":"","_kad_post_feature_position":"","_kad_post_header":false,"_kad_post_footer":false,"_kad_post_classname":"","_jetpack_memberships_contains_paid_content":false,"footnotes":"","jetpack_publicize_message":"","jetpack_publicize_feature_enabled":true,"jetpack_social_post_already_shared":true,"jetpack_social_options":{"image_generator_settings":{"template":"highway","default_image_id":0,"font":"","enabled":false},"version":2}},"categories":[903,1],"tags":[2144,59,1120,1157,187,1179,940,1304,1178,1505,1155,17799,1303,1305,1164],"class_list":["post-47217","post","type-post","status-publish","format-standard","has-post-thumbnail","hentry","category-1970-1979","category-portada","tag-1977-78","tag-59","tag-antonio-benitez","tag-antonio-biosca","tag-cadiz-cf","tag-eduardo-anzarda","tag-hugo-cabezas","tag-jaume-sabate","tag-javier-lopez","tag-juan-antonio-garcia-soriano","tag-julio-cardenosa","tag-liga-primera-1977-78","tag-manuel-campos","tag-rafael-gordillo","tag-sebastian-alabanda"],"jetpack_publicize_connections":[],"jetpack_featured_media_url":"https:\/\/i0.wp.com\/www.manquepierda.com\/historiarealbetis\/files\/2016\/02\/Alineaci%C3%B3n-C%C3%A1diz-Betis-Liga-1978.jpg?fit=855%2C571&ssl=1","jetpack_sharing_enabled":true,"jetpack_shortlink":"https:\/\/wp.me\/p1ij08-chz","jetpack-related-posts":[],"_links":{"self":[{"href":"https:\/\/www.manquepierda.com\/historiarealbetis\/wp-json\/wp\/v2\/posts\/47217","targetHints":{"allow":["GET"]}}],"collection":[{"href":"https:\/\/www.manquepierda.com\/historiarealbetis\/wp-json\/wp\/v2\/posts"}],"about":[{"href":"https:\/\/www.manquepierda.com\/historiarealbetis\/wp-json\/wp\/v2\/types\/post"}],"author":[{"embeddable":true,"href":"https:\/\/www.manquepierda.com\/historiarealbetis\/wp-json\/wp\/v2\/users\/5"}],"replies":[{"embeddable":true,"href":"https:\/\/www.manquepierda.com\/historiarealbetis\/wp-json\/wp\/v2\/comments?post=47217"}],"version-history":[{"count":1,"href":"https:\/\/www.manquepierda.com\/historiarealbetis\/wp-json\/wp\/v2\/posts\/47217\/revisions"}],"predecessor-version":[{"id":95720,"href":"https:\/\/www.manquepierda.com\/historiarealbetis\/wp-json\/wp\/v2\/posts\/47217\/revisions\/95720"}],"wp:featuredmedia":[{"embeddable":true,"href":"https:\/\/www.manquepierda.com\/historiarealbetis\/wp-json\/wp\/v2\/media\/47218"}],"wp:attachment":[{"href":"https:\/\/www.manquepierda.com\/historiarealbetis\/wp-json\/wp\/v2\/media?parent=47217"}],"wp:term":[{"taxonomy":"category","embeddable":true,"href":"https:\/\/www.manquepierda.com\/historiarealbetis\/wp-json\/wp\/v2\/categories?post=47217"},{"taxonomy":"post_tag","embeddable":true,"href":"https:\/\/www.manquepierda.com\/historiarealbetis\/wp-json\/wp\/v2\/tags?post=47217"}],"curies":[{"name":"wp","href":"https:\/\/api.w.org\/{rel}","templated":true}]}}