{"id":47265,"date":"2016-02-09T22:27:30","date_gmt":"2016-02-09T21:27:30","guid":{"rendered":"http:\/\/www.manquepierda.com\/historiarealbetis\/?p=47265"},"modified":"2024-08-22T12:23:44","modified_gmt":"2024-08-22T10:23:44","slug":"1956-febrero-09-amistoso-real-betis-balompie-2-cd-don-benito-1-60aniversario","status":"publish","type":"post","link":"https:\/\/www.manquepierda.com\/historiarealbetis\/1956-febrero-09-amistoso-real-betis-balompie-2-cd-don-benito-1-60aniversario\/","title":{"rendered":"1956-Febrero 09-Amistoso.-Real Betis Balompi\u00e9-2 CD Don Benito-1.-60Aniversario."},"content":{"rendered":"<p style=\"text-align: justify\"><em>\u00abPara esta tarde a las 16&#8217;45 horas est\u00e1 anunciado el encuentro amistoso que el Real Betis Balompi\u00e9 ha concertado con el \u00abClub Deportivo Don Benito\u00bb de Badajoz, y se disputar\u00e1 en \u00abHeli\u00f3polis\u00bb. Arbitrar\u00e1 el se\u00f1or S\u00e1nchez Peral.<\/em><\/p>\n<p style=\"text-align: justify\"><em>Pepe Valera ha convocado para hoy a quince jugadores con los cuales har\u00e1 diversos cambios. <strong>Entre ellos figura \u00abChico\u00bb, un chaval de la \u00abcantera\u00bb, y Felipe Alberto Lu\u00eds, el interior canario que todav\u00eda no han visto actuar los aficionados b\u00e9ticos.<\/strong><\/em><\/p>\n<p style=\"text-align: justify\"><em><strong>La lista de jugadores es la siguiente: Am\u00e9rico y Eugenio, porteros; Villa, Ruiz-Mesa, Ledesma, zagueros; Castellanos, Aumesquet y Pe\u00f1afuerte, medios volantes; y \u00abArmand\u00edn\u00bb, Cabrera, \u00abChico\u00bb, Valiente, Felipe, Linares, Villota y Del Sol.<\/strong><\/em><\/p>\n<p style=\"text-align: justify\">El equipo del \u00abDon Benito\u00bb pase\u00f3 ayer por Sevilla y su preparador y delegado estuvo a cumplimentar a los directivos del Real Betis. Forman un conjunto de buen juego que han escalado en poco tiempo diversas categor\u00edas para ahora disputar en el Grupo IV la Fase de Ascenso a Segunda Divisi\u00f3n. Prueba de su buena forma actual lo demuestra el haber vencido en la primera jornada al Almer\u00eda por 4-2, y en Melilla, de donde procede ahora, s\u00f3lo perdi\u00f3 por 3-4. El domingo 12, en C\u00f3rdoba, jugar\u00e1n los extreme\u00f1os contra el l\u00edder del Grupo.<\/p>\n<p style=\"text-align: justify\"><em>El encuentro por tanto ofrece alicientes a los aficionados que esta tarde tendr\u00e1n la oportunidad de comprobar el estado de muchos jugadores que hace tiempo no act\u00faan oficialmente y otros que por vez primera van a vestir el camisol\u00edn listado en verde y blanco. Adem\u00e1s como el partido no tiene el agobio de los puntos, podr\u00e1n actuar los jugadores sin nerviosismo, lo que siempre hace posible que el f\u00fatbol tenga m\u00e1s calidad\u00bb.-<\/em>Recorte de Prensa \u00abCorreo de los Deportes, jueves 09-02-1956\u00bb.<\/p>\n<p style=\"text-align: center\"><img data-recalc-dims=\"1\" loading=\"lazy\" decoding=\"async\" class=\"aligncenter size-large wp-image-47266\" src=\"https:\/\/i0.wp.com\/www.manquepierda.com\/historiarealbetis\/files\/2016\/02\/EstadioMunicipalHeli%C3%B3polis1951.jpg?resize=960%2C453&#038;ssl=1\" alt=\"EstadioMunicipalHeli\u00f3polis1951\" width=\"960\" height=\"453\" srcset=\"https:\/\/i0.wp.com\/www.manquepierda.com\/historiarealbetis\/files\/2016\/02\/EstadioMunicipalHeli%C3%B3polis1951.jpg?resize=960%2C453&amp;ssl=1 960w, https:\/\/i0.wp.com\/www.manquepierda.com\/historiarealbetis\/files\/2016\/02\/EstadioMunicipalHeli%C3%B3polis1951.jpg?resize=220%2C104&amp;ssl=1 220w, https:\/\/i0.wp.com\/www.manquepierda.com\/historiarealbetis\/files\/2016\/02\/EstadioMunicipalHeli%C3%B3polis1951.jpg?resize=680%2C321&amp;ssl=1 680w, https:\/\/i0.wp.com\/www.manquepierda.com\/historiarealbetis\/files\/2016\/02\/EstadioMunicipalHeli%C3%B3polis1951.jpg?resize=768%2C363&amp;ssl=1 768w\" sizes=\"auto, (max-width: 960px) 100vw, 960px\" \/><\/p>\n<p style=\"text-align: justify\"><strong>1956-FEBRERO 09-JUEVES-ESTADIO MUNICIPAL \u00abHELI\u00d3POLIS\u00bb A LAS 16&#8217;45 HORAS PARTIDO AMISTOSO.<\/strong><\/p>\n<p style=\"text-align: justify\"><em>\u00abEl encuentro no ha sido bueno, parte por falta de conjunci\u00f3n de los reservas verdiblancos, y tambi\u00e9n por el mal estado del terreno de juego, al que la constante lluvia ca\u00edda, antes y durante el transcurso del partido, puso hecho un barrizal.<\/em><\/p>\n<p style=\"text-align: justify\">Arbitr\u00f3 excelentemente el colegiado sevillano se\u00f1or S\u00e1nchez Peral, aline\u00e1ndose ambas escuadras de la forma siguiente:<\/p>\n<p style=\"text-align: right\"><img data-recalc-dims=\"1\" loading=\"lazy\" decoding=\"async\" class=\"size-thumbnail wp-image-47267 alignright\" src=\"https:\/\/i0.wp.com\/www.manquepierda.com\/historiarealbetis\/files\/2016\/02\/benitovillamar%C3%ADnprieto.jpg?resize=166%2C220&#038;ssl=1\" alt=\"benitovillamar\u00ednprieto\" width=\"166\" height=\"220\" srcset=\"https:\/\/i0.wp.com\/www.manquepierda.com\/historiarealbetis\/files\/2016\/02\/benitovillamar%C3%ADnprieto.jpg?resize=166%2C220&amp;ssl=1 166w, https:\/\/i0.wp.com\/www.manquepierda.com\/historiarealbetis\/files\/2016\/02\/benitovillamar%C3%ADnprieto.jpg?w=378&amp;ssl=1 378w\" sizes=\"auto, (max-width: 166px) 100vw, 166px\" \/><\/p>\n<p style=\"text-align: right\"><em><strong>Presidente Real Betis Balompi\u00e9, don Benito Villamar\u00edn Prieto.<\/strong><\/em><\/p>\n<p style=\"text-align: left\"><img data-recalc-dims=\"1\" loading=\"lazy\" decoding=\"async\" class=\"alignleft size-thumbnail wp-image-47164\" src=\"https:\/\/i0.wp.com\/www.manquepierda.com\/historiarealbetis\/files\/2016\/02\/Jos%C3%A9-VALERA-Nocera-Entrenador-149x220.jpg?resize=149%2C220&#038;ssl=1\" alt=\"Jos\u00e9 VALERA Nocera-Entrenador\" width=\"149\" height=\"220\" srcset=\"https:\/\/i0.wp.com\/www.manquepierda.com\/historiarealbetis\/files\/2016\/02\/Jos%C3%A9-VALERA-Nocera-Entrenador.jpg?resize=149%2C220&amp;ssl=1 149w, https:\/\/i0.wp.com\/www.manquepierda.com\/historiarealbetis\/files\/2016\/02\/Jos%C3%A9-VALERA-Nocera-Entrenador.jpg?w=153&amp;ssl=1 153w\" sizes=\"auto, (max-width: 149px) 100vw, 149px\" \/><\/p>\n<p style=\"text-align: justify\"><strong>Entrenador-Temporada 1955-1956: Jos\u00e9 Valera Nocera (a) \u00abPepe Valera\u00bb.<br \/>\n<\/strong><\/p>\n<p style=\"text-align: center\"><img data-recalc-dims=\"1\" loading=\"lazy\" decoding=\"async\" class=\"aligncenter size-full wp-image-46897\" src=\"https:\/\/i0.wp.com\/www.manquepierda.com\/historiarealbetis\/files\/2016\/01\/1941-RBB.jpg?resize=154%2C154&#038;ssl=1\" alt=\"1941-RBB\" width=\"154\" height=\"154\" \/><\/p>\n<p style=\"text-align: justify\"><strong>2\u00ba Clasificado-2\u00aa Divisi\u00f3n-Grupo II.-REAL BETIS BALOMPI\u00c9-2 Goles.<\/strong><\/p>\n<p style=\"text-align: center\"><img data-recalc-dims=\"1\" loading=\"lazy\" decoding=\"async\" class=\"aligncenter size-thumbnail wp-image-47273\" src=\"https:\/\/i0.wp.com\/www.manquepierda.com\/historiarealbetis\/files\/2016\/02\/AM%C3%89RICO-Canas-Mart%C3%ADnez.jpg?resize=132%2C220&#038;ssl=1\" alt=\"AM\u00c9RICO Canas Mart\u00ednez\" width=\"132\" height=\"220\" srcset=\"https:\/\/i0.wp.com\/www.manquepierda.com\/historiarealbetis\/files\/2016\/02\/AM%C3%89RICO-Canas-Mart%C3%ADnez.jpg?resize=132%2C220&amp;ssl=1 132w, https:\/\/i0.wp.com\/www.manquepierda.com\/historiarealbetis\/files\/2016\/02\/AM%C3%89RICO-Canas-Mart%C3%ADnez.jpg?resize=361%2C600&amp;ssl=1 361w, https:\/\/i0.wp.com\/www.manquepierda.com\/historiarealbetis\/files\/2016\/02\/AM%C3%89RICO-Canas-Mart%C3%ADnez.jpg?resize=421%2C700&amp;ssl=1 421w, https:\/\/i0.wp.com\/www.manquepierda.com\/historiarealbetis\/files\/2016\/02\/AM%C3%89RICO-Canas-Mart%C3%ADnez.jpg?w=429&amp;ssl=1 429w\" sizes=\"auto, (max-width: 132px) 100vw, 132px\" \/><\/p>\n<p style=\"text-align: justify\"><strong>1-Guardameta.-AM\u00c9RICO Canas Mart\u00ednez.-<em>\u00abNos demostr\u00f3 de nuevo sus excelentes cualidades, para el puesto que ocupa, dando la tranquilidad a los seguidores de que la porter\u00eda est\u00e1 bien cubierta\u00bb.-1 tanto encajado*<br \/>\n<\/em><\/strong><\/p>\n<p style=\"text-align: justify\"><em><strong>\u00abLa defensa fue la mejor l\u00ednea, contundentes los laterales y con una excelente clase en Ruiz Mesa que fue uno de los mejores elementos\u00bb.<\/strong><\/em><\/p>\n<p style=\"text-align: justify\"><strong>2-Zaguero Lateral Diestro.-Diego De la VILLA Ort\u00edz.<\/strong><\/p>\n<p style=\"text-align: justify\"><strong>5-Zaguero Central.-Jos\u00e9 Ruiz MESA.<\/strong><\/p>\n<p style=\"text-align: justify\"><strong>3-Zaguero Lateral Zurdo.-\u00c1ngel LEDESMA Morales.<\/strong><\/p>\n<p style=\"text-align: justify\"><strong>4-Medio Diestro.-Antonio CASTELLANOS Ad\u00e1n.-\u00ab<em>batall\u00f3 mucho y en general estuvo mejor que Pe\u00f1afuerte, que por el af\u00e1n de hacerlo todo, actu\u00f3 por debajo de sus posibilidades\u00bb.<br \/>\n<\/em><\/strong><\/p>\n<p style=\"text-align: center\"><img data-recalc-dims=\"1\" loading=\"lazy\" decoding=\"async\" class=\"aligncenter size-full wp-image-47274\" src=\"https:\/\/i0.wp.com\/www.manquepierda.com\/historiarealbetis\/files\/2016\/02\/penafuerte.jpg?resize=157%2C199&#038;ssl=1\" alt=\"penafuerte\" width=\"157\" height=\"199\" \/><\/p>\n<p style=\"text-align: justify\"><strong>6-Medio Zurdo.-Jos\u00e9 PE\u00d1AFUERTE Ruiz <em>(2-1.-88 minutos.-Penalti de \u00abZori\u00bb que despej\u00f3 con el brazo un bal\u00f3n\u00bb.<\/em><br \/>\n<\/strong><\/p>\n<p style=\"text-align: justify\"><em><strong>\u00abY en la delantera de los nuevos vimos algunos detalles aislado en Felipe, aunque en muchas ocasiones se perdiera en el campo, y \u00abChico\u00bb demostr\u00f3 estar muy verde para jugar por ahora en el Betis Balompi\u00e9. De los ya conocidos, Linares hizo cosas buenas, aunque pocas; Cabrera, no est\u00e1 todav\u00eda en forma, y Valiente estuvo bastante desacertado. Del Sol y \u00abArmand\u00edn\u00bb, que actuaron tras el descanso reglamentario, bien a secas\u00bb.<\/strong><\/em><\/p>\n<p style=\"text-align: justify\"><strong>7-Delantero-Extremo Diestro.-Jos\u00e9 CABRERA Baz\u00e1n. <\/strong><\/p>\n<p style=\"text-align: center\"><img data-recalc-dims=\"1\" loading=\"lazy\" decoding=\"async\" class=\"aligncenter size-thumbnail wp-image-47272\" src=\"https:\/\/i0.wp.com\/www.manquepierda.com\/historiarealbetis\/files\/2016\/02\/ARMAND%C3%8DN.jpg?resize=142%2C220&#038;ssl=1\" alt=\"ARMAND\u00cdN\" width=\"142\" height=\"220\" srcset=\"https:\/\/i0.wp.com\/www.manquepierda.com\/historiarealbetis\/files\/2016\/02\/ARMAND%C3%8DN.jpg?resize=142%2C220&amp;ssl=1 142w, https:\/\/i0.wp.com\/www.manquepierda.com\/historiarealbetis\/files\/2016\/02\/ARMAND%C3%8DN.jpg?w=378&amp;ssl=1 378w\" sizes=\"auto, (max-width: 142px) 100vw, 142px\" \/><\/p>\n<p style=\"text-align: justify\"><strong>[2\u00ba Tiempo.-Armando Bezold Gonz\u00e1lez (a) \u00abARMAND\u00cdN\u00bb]: <em>\u00abA los 15 minutos del 0-1, al rematar una excelente jugada de Del Sol fusil\u00f3 al meta \u00abPep\u00edn\u00bb.<\/em><br \/>\n<\/strong><\/p>\n<p style=\"text-align: justify\"><strong>8-Delantero-Interior Diestro.-FELIPE Alberto Lu\u00eds.<\/strong><\/p>\n<p style=\"text-align: justify\"><strong>9-Centro Delantero-Ariete-\u00abCHICO\u00bb.<\/strong><\/p>\n<p style=\"text-align: justify\"><strong>10-Delantero-Interior Zurdo.-Antonio LINARES Sanz [2\u00baTiempo.-Lu\u00eds DEL SOL Cascajares].<\/strong><\/p>\n<p style=\"text-align: justify\"><strong>11-Delantero-Extremo Zurdo.-Juan VALIENTE Mart\u00ed.<\/strong><\/p>\n<p style=\"text-align: justify\"><em>\u00abLa primera parte termin\u00f3 con empate a cero. El Real Betis domin\u00f3 m\u00e1s y tuvo m\u00e1s oportunidades de marcar, aunque la delantera extreme\u00f1a practic\u00f3 mejor f\u00fatbol si bien falto de profundidad\u00bb.-<\/em>Recortes de Prensa.-\u00abCorreo de los Deportes\u00bb.-Extracto cr\u00f3nica de Vicente Bru.-\u00abEl Correo de Andaluc\u00eda\u00bb-Sevilla, viernes 10 de Febrero de 1956.<\/p>\n<p style=\"text-align: center\">VS.<\/p>\n<p style=\"text-align: center\"><img data-recalc-dims=\"1\" loading=\"lazy\" decoding=\"async\" class=\"aligncenter size-thumbnail wp-image-47271\" src=\"https:\/\/i0.wp.com\/www.manquepierda.com\/historiarealbetis\/files\/2016\/02\/escudo-donbenito.jpg?resize=165%2C220&#038;ssl=1\" alt=\"escudo-donbenito\" width=\"165\" height=\"220\" srcset=\"https:\/\/i0.wp.com\/www.manquepierda.com\/historiarealbetis\/files\/2016\/02\/escudo-donbenito.jpg?resize=165%2C220&amp;ssl=1 165w, https:\/\/i0.wp.com\/www.manquepierda.com\/historiarealbetis\/files\/2016\/02\/escudo-donbenito.jpg?w=180&amp;ssl=1 180w\" sizes=\"auto, (max-width: 165px) 100vw, 165px\" \/><\/p>\n<p style=\"text-align: center\">1955-1956 TERCERA DIVISI\u00d3N-GRUPO XIV-FASE ASCENSO 2\u00aa DIVISI\u00d3N-GRUPO IV-1 TANTO.<\/p>\n<p style=\"text-align: center\">Jos\u00e9 CABA\u00d1AS Torres (2\u00ba Tiempo.-\u00abPEP\u00cdN\u00bb:<strong> 2 goles encajados<\/strong>).<\/p>\n<p style=\"text-align: center\">\u00abZORI\u00bb-AZCONA-SORIANO.<\/p>\n<p style=\"text-align: justify\">\u00abLOLIN\u00bb-VELILLA.-FIGUEROA-CARBONELL-VALVERDE <strong>[PE\u00d1AFUERTE II]<\/strong>-SALVADOR-ARIAS <strong>(0-1.-2\u00ba Tiempo.-Rematando un pase del hermano de Juan Pe\u00f1afuerte Ruiz)<\/strong><\/p>\n<p style=\"text-align: center\">\n","protected":false},"excerpt":{"rendered":"<p>\u00abPara esta tarde a las 16&#8217;45 horas est\u00e1 anunciado el encuentro amistoso que el Real Betis Balompi\u00e9 ha concertado con el \u00abClub Deportivo Don Benito\u00bb de Badajoz, y se disputar\u00e1 en \u00abHeli\u00f3polis\u00bb. Arbitrar\u00e1 el se\u00f1or S\u00e1nchez Peral. Pepe Valera ha convocado para hoy a quince jugadores con los cuales har\u00e1 diversos cambios. Entre ellos figura&#8230;<\/p>\n","protected":false},"author":48,"featured_media":47266,"comment_status":"open","ping_status":"open","sticky":false,"template":"","format":"standard","meta":{"_kad_post_transparent":"","_kad_post_title":"","_kad_post_layout":"","_kad_post_sidebar_id":"","_kad_post_content_style":"","_kad_post_vertical_padding":"","_kad_post_feature":"","_kad_post_feature_position":"","_kad_post_header":false,"_kad_post_footer":false,"_kad_post_classname":"","_jetpack_memberships_contains_paid_content":false,"footnotes":"","jetpack_publicize_message":"","jetpack_publicize_feature_enabled":true,"jetpack_social_post_already_shared":true,"jetpack_social_options":{"image_generator_settings":{"template":"highway","default_image_id":0,"font":"","enabled":false},"version":2}},"categories":[901,1],"tags":[4126,1239,18141],"class_list":["post-47265","post","type-post","status-publish","format-standard","has-post-thumbnail","hentry","category-1950-1959","category-portada","tag-1955-56","tag-1239","tag-cd-don-benito"],"jetpack_publicize_connections":[],"jetpack_featured_media_url":"https:\/\/i0.wp.com\/www.manquepierda.com\/historiarealbetis\/files\/2016\/02\/EstadioMunicipalHeli%C3%B3polis1951.jpg?fit=2296%2C1084&ssl=1","jetpack_sharing_enabled":true,"jetpack_shortlink":"https:\/\/wp.me\/p1ij08-cil","jetpack-related-posts":[],"_links":{"self":[{"href":"https:\/\/www.manquepierda.com\/historiarealbetis\/wp-json\/wp\/v2\/posts\/47265","targetHints":{"allow":["GET"]}}],"collection":[{"href":"https:\/\/www.manquepierda.com\/historiarealbetis\/wp-json\/wp\/v2\/posts"}],"about":[{"href":"https:\/\/www.manquepierda.com\/historiarealbetis\/wp-json\/wp\/v2\/types\/post"}],"author":[{"embeddable":true,"href":"https:\/\/www.manquepierda.com\/historiarealbetis\/wp-json\/wp\/v2\/users\/48"}],"replies":[{"embeddable":true,"href":"https:\/\/www.manquepierda.com\/historiarealbetis\/wp-json\/wp\/v2\/comments?post=47265"}],"version-history":[{"count":1,"href":"https:\/\/www.manquepierda.com\/historiarealbetis\/wp-json\/wp\/v2\/posts\/47265\/revisions"}],"predecessor-version":[{"id":97552,"href":"https:\/\/www.manquepierda.com\/historiarealbetis\/wp-json\/wp\/v2\/posts\/47265\/revisions\/97552"}],"wp:featuredmedia":[{"embeddable":true,"href":"https:\/\/www.manquepierda.com\/historiarealbetis\/wp-json\/wp\/v2\/media\/47266"}],"wp:attachment":[{"href":"https:\/\/www.manquepierda.com\/historiarealbetis\/wp-json\/wp\/v2\/media?parent=47265"}],"wp:term":[{"taxonomy":"category","embeddable":true,"href":"https:\/\/www.manquepierda.com\/historiarealbetis\/wp-json\/wp\/v2\/categories?post=47265"},{"taxonomy":"post_tag","embeddable":true,"href":"https:\/\/www.manquepierda.com\/historiarealbetis\/wp-json\/wp\/v2\/tags?post=47265"}],"curies":[{"name":"wp","href":"https:\/\/api.w.org\/{rel}","templated":true}]}}