{"id":47349,"date":"2016-02-17T07:29:31","date_gmt":"2016-02-17T06:29:31","guid":{"rendered":"http:\/\/www.manquepierda.com\/historiarealbetis\/?p=47349"},"modified":"2024-08-16T19:55:02","modified_gmt":"2024-08-16T17:55:02","slug":"el-banquillo-betico-en-1972","status":"publish","type":"post","link":"https:\/\/www.manquepierda.com\/historiarealbetis\/el-banquillo-betico-en-1972\/","title":{"rendered":"El banquillo b\u00e9tico en 1972"},"content":{"rendered":"<p><a href=\"https:\/\/i0.wp.com\/www.manquepierda.com\/historiarealbetis\/files\/2016\/02\/Banquillo-1972-Honved-en-el-S%C3%A1nchez-Pizju%C3%A1n.jpg?ssl=1\" rel=\"attachment wp-att-47350\"><img data-recalc-dims=\"1\" loading=\"lazy\" decoding=\"async\" class=\"aligncenter size-medium wp-image-47350\" src=\"https:\/\/i0.wp.com\/www.manquepierda.com\/historiarealbetis\/files\/2016\/02\/Banquillo-1972-Honved-en-el-S%C3%A1nchez-Pizju%C3%A1n.jpg?resize=680%2C447&#038;ssl=1\" alt=\"Banquillo 1972 Honved en el S\u00e1nchez Pizju\u00e1n\" width=\"680\" height=\"447\" srcset=\"https:\/\/i0.wp.com\/www.manquepierda.com\/historiarealbetis\/files\/2016\/02\/Banquillo-1972-Honved-en-el-S%C3%A1nchez-Pizju%C3%A1n.jpg?resize=680%2C447&amp;ssl=1 680w, https:\/\/i0.wp.com\/www.manquepierda.com\/historiarealbetis\/files\/2016\/02\/Banquillo-1972-Honved-en-el-S%C3%A1nchez-Pizju%C3%A1n.jpg?resize=220%2C145&amp;ssl=1 220w, https:\/\/i0.wp.com\/www.manquepierda.com\/historiarealbetis\/files\/2016\/02\/Banquillo-1972-Honved-en-el-S%C3%A1nchez-Pizju%C3%A1n.jpg?resize=768%2C505&amp;ssl=1 768w, https:\/\/i0.wp.com\/www.manquepierda.com\/historiarealbetis\/files\/2016\/02\/Banquillo-1972-Honved-en-el-S%C3%A1nchez-Pizju%C3%A1n.jpg?resize=960%2C631&amp;ssl=1 960w, https:\/\/i0.wp.com\/www.manquepierda.com\/historiarealbetis\/files\/2016\/02\/Banquillo-1972-Honved-en-el-S%C3%A1nchez-Pizju%C3%A1n.jpg?w=1240&amp;ssl=1 1240w\" sizes=\"auto, (max-width: 680px) 100vw, 680px\" \/><\/a><\/p>\n<p>22 de agosto de 1972. Banquillo del Betis en el S\u00e1nchez Pizju\u00e1n.<\/p>\n<p>Se trata del partido de semifinales del I Trofeo Ciudad de Sevilla que enfrent\u00f3 al equipo verdiblanco con el Honved de Budapest, y en el que el equipo h\u00fangaro se impuso 4-3 en la pr\u00f3rroga. Con este partido ech\u00f3 a andar el Trofeo Ciudad de Sevilla.<\/p>\n<p>En el banquillo en primer plano se sit\u00faan Manuel Sim\u00f3, Ram\u00f3n Rod\u00edguez del Valle, directivo y m\u00e9dico del club, el directivo Antonio Moreno Docsion, \u00a0el entrenador Ferenc Szusza y su ayudante Esteban Areta.<\/p>\n<p>En segundo plano se adivina a la izquierda un jugador suplente, tal vez Orife, y posteriormente otros dos jugadores b\u00e9ticos, Jenaro y Cobo, y el utillero Adolfito.<\/p>\n","protected":false},"excerpt":{"rendered":"<p>22 de agosto de 1972. Banquillo del Betis en el S\u00e1nchez Pizju\u00e1n. Se trata del partido de semifinales del I Trofeo Ciudad de Sevilla que enfrent\u00f3 al equipo verdiblanco con el Honved de Budapest, y en el que el equipo h\u00fangaro se impuso 4-3 en la pr\u00f3rroga. Con este partido ech\u00f3 a andar el Trofeo&#8230;<\/p>\n","protected":false},"author":5,"featured_media":47350,"comment_status":"open","ping_status":"open","sticky":false,"template":"","format":"standard","meta":{"_kad_post_transparent":"","_kad_post_title":"","_kad_post_layout":"","_kad_post_sidebar_id":"","_kad_post_content_style":"","_kad_post_vertical_padding":"","_kad_post_feature":"","_kad_post_feature_position":"","_kad_post_header":false,"_kad_post_footer":false,"_kad_post_classname":"","_jetpack_memberships_contains_paid_content":false,"footnotes":"","jetpack_publicize_message":"","jetpack_publicize_feature_enabled":true,"jetpack_social_post_already_shared":true,"jetpack_social_options":{"image_generator_settings":{"template":"highway","default_image_id":0,"font":"","enabled":false},"version":2}},"categories":[903,1],"tags":[1091,2309,9482,4585,1317,1092,13541,3280,1181,944,2197,1141],"class_list":["post-47349","post","type-post","status-publish","format-standard","has-post-thumbnail","hentry","category-1970-1979","category-portada","tag-1091","tag-1972-73","tag-adolfo-sancho-adolfito","tag-antonio-moreno-docsion","tag-esteban-areta","tag-ferenc-szusza","tag-i-trofeo-ciudad-de-sevilla","tag-jenaro-roig","tag-juan-manuel-cobo","tag-manuel-simo","tag-ramon-rodriguez-del-valle","tag-rodolfo-orife"],"jetpack_publicize_connections":[],"jetpack_featured_media_url":"https:\/\/i0.wp.com\/www.manquepierda.com\/historiarealbetis\/files\/2016\/02\/Banquillo-1972-Honved-en-el-S%C3%A1nchez-Pizju%C3%A1n.jpg?fit=1240%2C815&ssl=1","jetpack_sharing_enabled":true,"jetpack_shortlink":"https:\/\/wp.me\/p1ij08-cjH","jetpack-related-posts":[],"_links":{"self":[{"href":"https:\/\/www.manquepierda.com\/historiarealbetis\/wp-json\/wp\/v2\/posts\/47349","targetHints":{"allow":["GET"]}}],"collection":[{"href":"https:\/\/www.manquepierda.com\/historiarealbetis\/wp-json\/wp\/v2\/posts"}],"about":[{"href":"https:\/\/www.manquepierda.com\/historiarealbetis\/wp-json\/wp\/v2\/types\/post"}],"author":[{"embeddable":true,"href":"https:\/\/www.manquepierda.com\/historiarealbetis\/wp-json\/wp\/v2\/users\/5"}],"replies":[{"embeddable":true,"href":"https:\/\/www.manquepierda.com\/historiarealbetis\/wp-json\/wp\/v2\/comments?post=47349"}],"version-history":[{"count":1,"href":"https:\/\/www.manquepierda.com\/historiarealbetis\/wp-json\/wp\/v2\/posts\/47349\/revisions"}],"predecessor-version":[{"id":96892,"href":"https:\/\/www.manquepierda.com\/historiarealbetis\/wp-json\/wp\/v2\/posts\/47349\/revisions\/96892"}],"wp:featuredmedia":[{"embeddable":true,"href":"https:\/\/www.manquepierda.com\/historiarealbetis\/wp-json\/wp\/v2\/media\/47350"}],"wp:attachment":[{"href":"https:\/\/www.manquepierda.com\/historiarealbetis\/wp-json\/wp\/v2\/media?parent=47349"}],"wp:term":[{"taxonomy":"category","embeddable":true,"href":"https:\/\/www.manquepierda.com\/historiarealbetis\/wp-json\/wp\/v2\/categories?post=47349"},{"taxonomy":"post_tag","embeddable":true,"href":"https:\/\/www.manquepierda.com\/historiarealbetis\/wp-json\/wp\/v2\/tags?post=47349"}],"curies":[{"name":"wp","href":"https:\/\/api.w.org\/{rel}","templated":true}]}}