{"id":48057,"date":"2016-03-08T07:40:07","date_gmt":"2016-03-08T06:40:07","guid":{"rendered":"http:\/\/www.manquepierda.com\/historiarealbetis\/?p=48057"},"modified":"2024-08-25T18:26:34","modified_gmt":"2024-08-25T16:26:34","slug":"alineacion-betis-plus-ultra-liga-1956","status":"publish","type":"post","link":"https:\/\/www.manquepierda.com\/historiarealbetis\/alineacion-betis-plus-ultra-liga-1956\/","title":{"rendered":"Alineaci\u00f3n Betis-Plus Ultra Liga 1956"},"content":{"rendered":"<p><a href=\"https:\/\/i0.wp.com\/www.manquepierda.com\/historiarealbetis\/files\/2016\/03\/Alineaci%C3%B3n-Betis-Plus-Ultra-Liga-1956.jpg?ssl=1\" rel=\"attachment wp-att-48058\"><img data-recalc-dims=\"1\" loading=\"lazy\" decoding=\"async\" class=\"aligncenter size-medium wp-image-48058\" src=\"https:\/\/i0.wp.com\/www.manquepierda.com\/historiarealbetis\/files\/2016\/03\/Alineaci%C3%B3n-Betis-Plus-Ultra-Liga-1956.jpg?resize=680%2C550&#038;ssl=1\" alt=\"Alineaci\u00f3n Betis-Plus Ultra Liga 1956\" width=\"680\" height=\"550\" srcset=\"https:\/\/i0.wp.com\/www.manquepierda.com\/historiarealbetis\/files\/2016\/03\/Alineaci%C3%B3n-Betis-Plus-Ultra-Liga-1956.jpg?w=680&amp;ssl=1 680w, https:\/\/i0.wp.com\/www.manquepierda.com\/historiarealbetis\/files\/2016\/03\/Alineaci%C3%B3n-Betis-Plus-Ultra-Liga-1956.jpg?resize=220%2C178&amp;ssl=1 220w\" sizes=\"auto, (max-width: 680px) 100vw, 680px\" \/><\/a><\/p>\n<p>18 de marzo de 1956 en Heli\u00f3polis \u00a0Betis \u00a04 \u00a0 Plus Ultra 0; jornada 25 del Campeonato de Liga de Segunda Divisi\u00f3n.<\/p>\n<p>En la imagen arriba Gonz\u00e1lez, Cifuentes, Cela, Vilari\u00f1o, Cabrera, Portu y Felipe; abajo Del Sol, Sobrado, Villota y Armand\u00edn.<\/p>\n<p>Con tantos de Del Sol, Cela, Cabrera y Sobrado el Betis se impuso con facilidad al filial madridista, manteniendo la segunda posici\u00f3n de la tabla clasificatoria.<\/p>\n<p>Pepe Valera entrenaba al Betis y Francisco Trinchat al Plus Ultra<\/p>\n","protected":false},"excerpt":{"rendered":"<p>18 de marzo de 1956 en Heli\u00f3polis \u00a0Betis \u00a04 \u00a0 Plus Ultra 0; jornada 25 del Campeonato de Liga de Segunda Divisi\u00f3n. En la imagen arriba Gonz\u00e1lez, Cifuentes, Cela, Vilari\u00f1o, Cabrera, Portu y Felipe; abajo Del Sol, Sobrado, Villota y Armand\u00edn. Con tantos de Del Sol, Cela, Cabrera y Sobrado el Betis se impuso con&#8230;<\/p>\n","protected":false},"author":5,"featured_media":48058,"comment_status":"open","ping_status":"open","sticky":false,"template":"","format":"standard","meta":{"_kad_post_transparent":"","_kad_post_title":"","_kad_post_layout":"","_kad_post_sidebar_id":"","_kad_post_content_style":"","_kad_post_vertical_padding":"","_kad_post_feature":"","_kad_post_feature_position":"","_kad_post_header":false,"_kad_post_footer":false,"_kad_post_classname":"","_jetpack_memberships_contains_paid_content":false,"footnotes":"","jetpack_publicize_message":"","jetpack_publicize_feature_enabled":true,"jetpack_social_post_already_shared":true,"jetpack_social_options":{"image_generator_settings":{"template":"highway","default_image_id":0,"font":"","enabled":false},"version":2}},"categories":[901,1],"tags":[4126,1239,15961,13693,3860,1607,9593,1337,3010,6864,17881,2580,541,1128],"class_list":["post-48057","post","type-post","status-publish","format-standard","has-post-thumbnail","hentry","category-1950-1959","category-portada","tag-1955-56","tag-1239","tag-agrupacion-deportiva-plus-ultra","tag-armando-bezold-armandin","tag-carlos-cela","tag-eduardo-sobrado","tag-felipe-alberto","tag-isidro-villota","tag-jose-cabrera","tag-julio-vilarino","tag-liga-segunda-1955-56","tag-luis-cifuentes","tag-luis-del-sol","tag-pedro-gonzalez"],"jetpack_publicize_connections":[],"jetpack_featured_media_url":"https:\/\/i0.wp.com\/www.manquepierda.com\/historiarealbetis\/files\/2016\/03\/Alineaci%C3%B3n-Betis-Plus-Ultra-Liga-1956.jpg?fit=680%2C550&ssl=1","jetpack_sharing_enabled":true,"jetpack_shortlink":"https:\/\/wp.me\/p1ij08-cv7","jetpack-related-posts":[],"_links":{"self":[{"href":"https:\/\/www.manquepierda.com\/historiarealbetis\/wp-json\/wp\/v2\/posts\/48057","targetHints":{"allow":["GET"]}}],"collection":[{"href":"https:\/\/www.manquepierda.com\/historiarealbetis\/wp-json\/wp\/v2\/posts"}],"about":[{"href":"https:\/\/www.manquepierda.com\/historiarealbetis\/wp-json\/wp\/v2\/types\/post"}],"author":[{"embeddable":true,"href":"https:\/\/www.manquepierda.com\/historiarealbetis\/wp-json\/wp\/v2\/users\/5"}],"replies":[{"embeddable":true,"href":"https:\/\/www.manquepierda.com\/historiarealbetis\/wp-json\/wp\/v2\/comments?post=48057"}],"version-history":[{"count":1,"href":"https:\/\/www.manquepierda.com\/historiarealbetis\/wp-json\/wp\/v2\/posts\/48057\/revisions"}],"predecessor-version":[{"id":97811,"href":"https:\/\/www.manquepierda.com\/historiarealbetis\/wp-json\/wp\/v2\/posts\/48057\/revisions\/97811"}],"wp:featuredmedia":[{"embeddable":true,"href":"https:\/\/www.manquepierda.com\/historiarealbetis\/wp-json\/wp\/v2\/media\/48058"}],"wp:attachment":[{"href":"https:\/\/www.manquepierda.com\/historiarealbetis\/wp-json\/wp\/v2\/media?parent=48057"}],"wp:term":[{"taxonomy":"category","embeddable":true,"href":"https:\/\/www.manquepierda.com\/historiarealbetis\/wp-json\/wp\/v2\/categories?post=48057"},{"taxonomy":"post_tag","embeddable":true,"href":"https:\/\/www.manquepierda.com\/historiarealbetis\/wp-json\/wp\/v2\/tags?post=48057"}],"curies":[{"name":"wp","href":"https:\/\/api.w.org\/{rel}","templated":true}]}}