{"id":48241,"date":"2016-03-14T18:08:04","date_gmt":"2016-03-14T17:08:04","guid":{"rendered":"http:\/\/www.manquepierda.com\/historiarealbetis\/?p=48241"},"modified":"2024-08-08T20:28:35","modified_gmt":"2024-08-08T18:28:35","slug":"1948-marzo-14-3dg6-real-betis-balompie-3-adchamberi-0-68aniversario","status":"publish","type":"post","link":"https:\/\/www.manquepierda.com\/historiarealbetis\/1948-marzo-14-3dg6-real-betis-balompie-3-adchamberi-0-68aniversario\/","title":{"rendered":"1948-Marzo 14-3DG6.-Real Betis Balompi\u00e9-3 Agrupaci\u00f3n Recreativa Chamber\u00ed-0.-Recortes Prensa."},"content":{"rendered":"<p style=\"text-align: justify\">XII EDICI\u00d3N-CAMPEONATO NACIONAL LIGA TERCERA DIVISI\u00d3N-GRUPO VI-TEMPORADA 1947-1948 DESDE DOMINGO 21 DE SEPTIEMBRE DE 1947 HASTA DOMINGO 11 DE ABRIL DE 1948 AMBAS FECHAS INCLUSIVE.<\/p>\n<p style=\"text-align: center\"><em>RECORTES DE PRENSA ABC-SEVILLA 13 (s\u00e1bado)+14 (domingo)+16 (martes):<\/em><\/p>\n<p style=\"text-align: justify\"><em>\u00abANTE EL BETIS-CHAMBER\u00cd DE MA\u00d1ANA.-Ma\u00f1ana domingo, en Heli\u00f3polis, a las cinco de la tarde, actuar\u00e1n en partido correspondiente al grupo sexto de Tercera Divisi\u00f3n el equipo madrile\u00f1o \u00abChamber\u00ed Cf\u00bb y el Real Betis Balompi\u00e9.<\/em><\/p>\n<p style=\"text-align: justify\"><em>El equipo madrile\u00f1o llegar\u00e1 esta tarde a nuestra ciudad, y, seg\u00fan anuncian, presentar\u00e1 su mejor equipo, con refuerzo de veteranos jugadores, con el fin de a dar la mejor impresi\u00f3n ante el p\u00fablico sevillano.<\/em><\/p>\n<p style=\"text-align: justify\"><strong><em>El Betis har\u00e1 pocas modificaciones, con el fin de conjuntar lo m\u00e1s posible el \u00abonce\u00bb, que el d\u00eda de \u00abSan Jos\u00e9\u00bb jugar\u00e1 interesante eliminatoria de \u00abCopa de Espa\u00f1a\u00bb con el Badajoz.<\/em><\/strong><\/p>\n<p style=\"text-align: justify\"><em><strong>La alineaci\u00f3n del Real Betis ser\u00e1 \u00e9sta: Caller; Cala-Pulido; M\u00e1ximo-Mar\u00edn-Coll; Gelo-Pe\u00f1a-Cabrera-\u00abBor\u00edn\u00bb-\u00abSaro\u00bb.-<\/strong><\/em><em><strong>Seg\u00fan esta alineaci\u00f3n, reaparece el buen jugador Coll, ausente alg\u00fan tiempo del terreno b\u00e9tico.<\/strong><\/em><\/p>\n<p style=\"text-align: center\"><em>Este partido de campeonato ser\u00e1 dirigido por el colegiado andaluz se\u00f1or P\u00e9rez Rodr\u00edguez\u00bb.<\/em><\/p>\n<p style=\"text-align: center\"><em>\u00abEL CHAMBER\u00cd LLEG\u00d3 ANOCHE\u00bb.<\/em><\/p>\n<p style=\"text-align: justify\"><em>Procedente de Madrid, en autob\u00fas lleg\u00f3 anoche el equipo \u00abChamber\u00ed\u00bb, que esta tarde, a las cinco, contender\u00e1 en partido de Liga de Tercera Divisi\u00f3n con el <strong>Real Betis Balompi\u00e9.<\/strong><\/em><\/p>\n<p style=\"text-align: justify\"><em>El \u00abChamber\u00ed\u00bb, no obstante su clasificaci\u00f3n, cuenta con algunos elementos estimables, entre los que descuellan El\u00edas y Col\u00f3n. El equipo viene con catorce jugadores, por lo que su alineaci\u00f3n definitiva no se dar\u00e1 hasta \u00faltima hora.<\/em><\/p>\n<p style=\"text-align: justify\"><em><strong>El Betis Balompi\u00e9 formar\u00e1 como dijimos ayer; es decir: Caller-Cala-Pulido-M\u00e1ximo-Mar\u00edn-Coll-\u00abGelo\u00bb-Pe\u00f1a-Cabrera-\u00abBor\u00edn\u00bb-\u00abSaro\u00bb.<\/strong><\/em><\/p>\n<p style=\"text-align: center\"><em>El partido ser\u00e1 arbitrado por el se\u00f1or P\u00e9rez Rodr\u00edguez\u00bb.<\/em><\/p>\n<p style=\"text-align: justify\"><strong>1948-MARZO 14-DOMINGO 17 HORAS.-ESTADIO MUNICIPAL DE \u00abHELI\u00d3POLIS\u00bb-ENCUENTRO CORRESPONDIENTE A LA 18\u00aa JORNADA-DOMINGO 1\u00ba DE FEBRERO APLAZADO POR:<\/strong><\/p>\n<p style=\"text-align: center\"><img data-recalc-dims=\"1\" loading=\"lazy\" decoding=\"async\" class=\"aligncenter size-medium wp-image-48242\" src=\"https:\/\/i0.wp.com\/www.manquepierda.com\/historiarealbetis\/files\/2016\/03\/Riada-de-1948-680x408-680x408.jpg?resize=680%2C408&#038;ssl=1\" alt=\"Riada-de-1948-680x408\" width=\"680\" height=\"408\" srcset=\"https:\/\/i0.wp.com\/www.manquepierda.com\/historiarealbetis\/files\/2016\/03\/Riada-de-1948-680x408.jpg?resize=680%2C408&amp;ssl=1 680w, https:\/\/i0.wp.com\/www.manquepierda.com\/historiarealbetis\/files\/2016\/03\/Riada-de-1948-680x408.jpg?resize=220%2C132&amp;ssl=1 220w\" sizes=\"auto, (max-width: 680px) 100vw, 680px\" \/><\/p>\n<p style=\"text-align: justify\">\u00abEn \u00abHELI\u00d3POLIS\u00bb se jug\u00f3 este partido correspondiente a Tercera Divisi\u00f3n, que result\u00f3 bastante aburrido, a causa del juego realizado por ambas partes.<\/p>\n<p style=\"text-align: center\"><strong>Domin\u00f3 el Real Betis a lo largo del encuentro, <\/strong>con ligeras reacciones del equipo madrile\u00f1o.<\/p>\n<p style=\"text-align: justify\"><strong>El primer tiempo termin\u00f3 1-0 a favor del equipo verdiblanco, que marc\u00f3 al minuto de juego Cabrera (observen los postes cuadrados-curiosamente-de la porter\u00eda de Gol Sur, en la imagen anexa):<\/strong><\/p>\n<p style=\"text-align: center\"><img data-recalc-dims=\"1\" loading=\"lazy\" decoding=\"async\" class=\"aligncenter size-medium wp-image-48243\" src=\"https:\/\/i0.wp.com\/www.manquepierda.com\/historiarealbetis\/files\/2016\/03\/Betis-Chamber%C3%AD-Liga-1948-NMP-Trofeo-17-3-1948-680x440-680x440.jpg?resize=680%2C440&#038;ssl=1\" alt=\"Betis-Chamber\u00ed-Liga-1948-NMP-Trofeo-17-3-1948-680x440\" width=\"680\" height=\"440\" srcset=\"https:\/\/i0.wp.com\/www.manquepierda.com\/historiarealbetis\/files\/2016\/03\/Betis-Chamber%C3%AD-Liga-1948-NMP-Trofeo-17-3-1948-680x440.jpg?resize=680%2C440&amp;ssl=1 680w, https:\/\/i0.wp.com\/www.manquepierda.com\/historiarealbetis\/files\/2016\/03\/Betis-Chamber%C3%AD-Liga-1948-NMP-Trofeo-17-3-1948-680x440.jpg?resize=220%2C142&amp;ssl=1 220w\" sizes=\"auto, (max-width: 680px) 100vw, 680px\" \/><\/p>\n<p style=\"text-align: center\"><em><strong>En el segundo tiempo, el Real Betis Balompi\u00e9 marc\u00f3 dos tantos m\u00e1s. Uno de Pe\u00f1a y el \u00faltimo de \u00abGelo\u00bb.<\/strong><\/em><\/p>\n<p style=\"text-align: justify\"><strong>No hay que decir que se perdieron numerosas ocasiones de marcar por parte de los jugadores del equipo b\u00e9tico, que estuvieron muy mal en los remates.<\/strong><\/p>\n<p style=\"text-align: justify\">Se jug\u00f3 con lentitud, sin desprenderse a tiempo del bal\u00f3n y con patadones primitivos. La pronta obtenci\u00f3n del primer tanto y la escasa importancia dada al enemigo, influy\u00f3 no poco en la falta de inter\u00e9s del encuentro.<\/p>\n<p style=\"text-align: justify\"><strong>Para el pr\u00f3ximo partido del Campeonato de Espa\u00f1a-Copa General\u00edsimo 4\u00aa Ronda previa-martes 19-03-1948-\u00fanica-contra el CD Badajoz habr\u00e1 que jugar mejor y con m\u00e1s alma, si no quieren quedarse en la cuneta.<\/strong><\/p>\n<p style=\"text-align: justify\">El \u00abChamberi\u00bb es una formaci\u00f3n endeble, en la que descuella notablemente el defensa derecho Garc\u00eda F\u00e9lix. El portero, Talallero. En el centro, Col\u00f3n y en el ataque Miguel, son tambi\u00e9n elementos estimables.<\/p>\n<p style=\"text-align: center\"><img data-recalc-dims=\"1\" loading=\"lazy\" decoding=\"async\" class=\"aligncenter size-thumbnail wp-image-48248\" src=\"https:\/\/i0.wp.com\/www.manquepierda.com\/historiarealbetis\/files\/2016\/03\/APR.jpg?resize=140%2C220&#038;ssl=1\" alt=\"APR\" width=\"140\" height=\"220\" srcset=\"https:\/\/i0.wp.com\/www.manquepierda.com\/historiarealbetis\/files\/2016\/03\/APR.jpg?resize=140%2C220&amp;ssl=1 140w, https:\/\/i0.wp.com\/www.manquepierda.com\/historiarealbetis\/files\/2016\/03\/APR.jpg?w=170&amp;ssl=1 170w\" sizes=\"auto, (max-width: 140px) 100vw, 140px\" \/><\/p>\n<p style=\"text-align: justify\"><strong><em>\u00abEl partido fue arbitrado desacertadamente por Antonio P\u00c9REZ RODR\u00cdGUEZ (39 a\u00f1os+3 meses menos 16 d\u00edas)-Natural de Sevilla, mi\u00e9rcoles 30 de Diciembre de 1908.-Colegio del Sur.<\/em><\/strong><\/p>\n<p style=\"text-align: justify\"><strong><img data-recalc-dims=\"1\" loading=\"lazy\" decoding=\"async\" class=\"alignleft size-thumbnail wp-image-48249\" src=\"https:\/\/i0.wp.com\/www.manquepierda.com\/historiarealbetis\/files\/2016\/03\/Filomeno-De-Aspe-Viuda.jpg?resize=220%2C157&#038;ssl=1\" alt=\"Filomeno-De-Aspe-Viuda\" width=\"220\" height=\"157\" srcset=\"https:\/\/i0.wp.com\/www.manquepierda.com\/historiarealbetis\/files\/2016\/03\/Filomeno-De-Aspe-Viuda.jpg?resize=220%2C157&amp;ssl=1 220w, https:\/\/i0.wp.com\/www.manquepierda.com\/historiarealbetis\/files\/2016\/03\/Filomeno-De-Aspe-Viuda.jpg?resize=680%2C485&amp;ssl=1 680w, https:\/\/i0.wp.com\/www.manquepierda.com\/historiarealbetis\/files\/2016\/03\/Filomeno-De-Aspe-Viuda.jpg?resize=768%2C548&amp;ssl=1 768w, https:\/\/i0.wp.com\/www.manquepierda.com\/historiarealbetis\/files\/2016\/03\/Filomeno-De-Aspe-Viuda.jpg?resize=960%2C685&amp;ssl=1 960w, https:\/\/i0.wp.com\/www.manquepierda.com\/historiarealbetis\/files\/2016\/03\/Filomeno-De-Aspe-Viuda.jpg?w=1564&amp;ssl=1 1564w\" sizes=\"auto, (max-width: 220px) 100vw, 220px\" \/>1947-1948 Presidente don Filomeno DE ASPE MART\u00cdNEZ-Industrial (37 a\u00f1os+11 meses+4 d\u00edas)-Natural de <img data-recalc-dims=\"1\" loading=\"lazy\" decoding=\"async\" class=\"alignright size-thumbnail wp-image-47791\" src=\"https:\/\/i0.wp.com\/www.manquepierda.com\/historiarealbetis\/files\/2016\/02\/FilomenoDeAspeMartinez1.jpg?resize=145%2C220&#038;ssl=1\" alt=\"FilomenoDeAspeMartinez1\" width=\"145\" height=\"220\" srcset=\"https:\/\/i0.wp.com\/www.manquepierda.com\/historiarealbetis\/files\/2016\/02\/FilomenoDeAspeMartinez1.jpg?resize=145%2C220&amp;ssl=1 145w, https:\/\/i0.wp.com\/www.manquepierda.com\/historiarealbetis\/files\/2016\/02\/FilomenoDeAspeMartinez1.jpg?resize=395%2C600&amp;ssl=1 395w, https:\/\/i0.wp.com\/www.manquepierda.com\/historiarealbetis\/files\/2016\/02\/FilomenoDeAspeMartinez1.jpg?resize=460%2C700&amp;ssl=1 460w, https:\/\/i0.wp.com\/www.manquepierda.com\/historiarealbetis\/files\/2016\/02\/FilomenoDeAspeMartinez1.jpg?w=670&amp;ssl=1 670w\" sizes=\"auto, (max-width: 145px) 100vw, 145px\" \/>Sevilla, domingo 10 de Abril de 1910.-\u00cddem, jueves 04 de Abril de 1985 (75 A\u00f1os menos 6 d\u00edas) D. E. P.<\/strong><\/p>\n<p style=\"text-align: center\"><img data-recalc-dims=\"1\" loading=\"lazy\" decoding=\"async\" class=\"aligncenter size-thumbnail wp-image-48250\" src=\"https:\/\/i0.wp.com\/www.manquepierda.com\/historiarealbetis\/files\/2016\/03\/Jos%C3%A9-Quirante.jpeg?resize=156%2C220&#038;ssl=1\" alt=\"Jos\u00e9 Quirante\" width=\"156\" height=\"220\" srcset=\"https:\/\/i0.wp.com\/www.manquepierda.com\/historiarealbetis\/files\/2016\/03\/Jos%C3%A9-Quirante.jpeg?resize=156%2C220&amp;ssl=1 156w, https:\/\/i0.wp.com\/www.manquepierda.com\/historiarealbetis\/files\/2016\/03\/Jos%C3%A9-Quirante.jpeg?w=189&amp;ssl=1 189w\" sizes=\"auto, (max-width: 156px) 100vw, 156px\" \/><\/p>\n<p style=\"text-align: justify\"><strong>Entrenador Jos\u00e9 QUIRANTE PINEDA (64 a\u00f1os+10 meses+4 d\u00edas)-Natural de Cox (Alicante), jueves 10 de Mayo de 1883.-Obituario en Barcelona, s\u00e1bado 30 de Mayo de 1964 (81 A\u00f1os+20 d\u00edas) D. E. P.<\/strong><\/p>\n<p style=\"text-align: center\"><img data-recalc-dims=\"1\" loading=\"lazy\" decoding=\"async\" class=\"aligncenter size-full wp-image-47991\" src=\"https:\/\/i0.wp.com\/www.manquepierda.com\/historiarealbetis\/files\/2016\/03\/1941-RBB.jpg?resize=154%2C154&#038;ssl=1\" alt=\"1941-RBB\" width=\"154\" height=\"154\" \/><\/p>\n<p style=\"text-align: center\"><strong>REAL BETIS BALOMPI\u00c9-3 GOLES.<\/strong><\/p>\n<p style=\"text-align: center\"><img data-recalc-dims=\"1\" loading=\"lazy\" decoding=\"async\" class=\"aligncenter size-thumbnail wp-image-48251\" src=\"https:\/\/i0.wp.com\/www.manquepierda.com\/historiarealbetis\/files\/2016\/03\/Joaqu%C3%ADnCALLERlombera1-126x220-126x220.jpg?resize=126%2C220&#038;ssl=1\" alt=\"Joaqu\u00ednCALLERlombera1-126x220\" width=\"126\" height=\"220\" \/><\/p>\n<p style=\"text-align: justify\"><strong>1-Guardameta (Imbatido marco Verdiblanco).-Joaqu\u00edn CALLER Lombera (30 a\u00f1os+5 meses menos 13 d\u00edas).<br \/>\n<\/strong><\/p>\n<p style=\"text-align: center\"><strong>Zagueros:<\/strong><\/p>\n<p style=\"text-align: center\"><img data-recalc-dims=\"1\" loading=\"lazy\" decoding=\"async\" class=\"aligncenter size-thumbnail wp-image-64195\" src=\"https:\/\/i0.wp.com\/www.manquepierda.com\/historiarealbetis\/files\/2016\/03\/Manuel-CALA-Valiente-MQP.jpg?resize=168%2C220&#038;ssl=1\" alt=\"\" width=\"168\" height=\"220\" srcset=\"https:\/\/i0.wp.com\/www.manquepierda.com\/historiarealbetis\/files\/2016\/03\/Manuel-CALA-Valiente-MQP.jpg?resize=168%2C220&amp;ssl=1 168w, https:\/\/i0.wp.com\/www.manquepierda.com\/historiarealbetis\/files\/2016\/03\/Manuel-CALA-Valiente-MQP.jpg?w=265&amp;ssl=1 265w\" sizes=\"auto, (max-width: 168px) 100vw, 168px\" \/><\/p>\n<p style=\"text-align: justify\"><strong>2-Lateral Diestro.-Manuel CALA Valiente.<\/strong><\/p>\n<p style=\"text-align: center\"><img data-recalc-dims=\"1\" loading=\"lazy\" decoding=\"async\" class=\"aligncenter size-thumbnail wp-image-64196\" src=\"https:\/\/i0.wp.com\/www.manquepierda.com\/historiarealbetis\/files\/2016\/03\/MAR%C3%8DN-Temporada-1947-1948.jpg?resize=119%2C220&#038;ssl=1\" alt=\"\" width=\"119\" height=\"220\" \/><\/p>\n<p><strong>5-Central.-MAR\u00cdN.<\/strong><\/p>\n<p style=\"text-align: center\"><img data-recalc-dims=\"1\" loading=\"lazy\" decoding=\"async\" class=\"aligncenter size-thumbnail wp-image-64198\" src=\"https:\/\/i0.wp.com\/www.manquepierda.com\/historiarealbetis\/files\/2016\/03\/Jos%C3%A9-Garc%C3%ADa-PULIDO-2.jpg?resize=135%2C220&#038;ssl=1\" alt=\"\" width=\"135\" height=\"220\" \/><\/p>\n<p style=\"text-align: justify\"><strong>3-Lateral Zurdo.-Jos\u00e9 Garc\u00eda PULIDO.-Zagueros.<\/strong><\/p>\n<p style=\"text-align: center\"><strong>Medios:<\/strong><\/p>\n<p style=\"text-align: center\"><img data-recalc-dims=\"1\" loading=\"lazy\" decoding=\"async\" class=\"aligncenter size-thumbnail wp-image-64199\" src=\"https:\/\/i0.wp.com\/www.manquepierda.com\/historiarealbetis\/files\/2016\/03\/M%C3%81XIMO-Benito-Velasco.jpg?resize=134%2C220&#038;ssl=1\" alt=\"\" width=\"134\" height=\"220\" srcset=\"https:\/\/i0.wp.com\/www.manquepierda.com\/historiarealbetis\/files\/2016\/03\/M%C3%81XIMO-Benito-Velasco.jpg?resize=134%2C220&amp;ssl=1 134w, https:\/\/i0.wp.com\/www.manquepierda.com\/historiarealbetis\/files\/2016\/03\/M%C3%81XIMO-Benito-Velasco.jpg?w=329&amp;ssl=1 329w\" sizes=\"auto, (max-width: 134px) 100vw, 134px\" \/><\/p>\n<p style=\"text-align: justify\"><strong>4-Diestro.-M\u00c1XIMO Benito Velasco.<\/strong><\/p>\n<p style=\"text-align: center\"><img data-recalc-dims=\"1\" loading=\"lazy\" decoding=\"async\" class=\"aligncenter size-full wp-image-64201\" src=\"https:\/\/i0.wp.com\/www.manquepierda.com\/historiarealbetis\/files\/2016\/03\/Guillermo-COLL-Munar-02.jpg?resize=148%2C206&#038;ssl=1\" alt=\"\" width=\"148\" height=\"206\" \/><\/p>\n<p style=\"text-align: justify\"><strong>6-Zurdo.-Guillermo COLL Munar.-Medios.<\/strong><\/p>\n<p style=\"text-align: center\"><strong>Delanteros:<\/strong><\/p>\n<p style=\"text-align: center\"><img data-recalc-dims=\"1\" loading=\"lazy\" decoding=\"async\" class=\"aligncenter size-thumbnail wp-image-48252\" src=\"https:\/\/i0.wp.com\/www.manquepierda.com\/historiarealbetis\/files\/2016\/03\/gelo-4.jpg?resize=141%2C220&#038;ssl=1\" alt=\"gelo 4\" width=\"141\" height=\"220\" srcset=\"https:\/\/i0.wp.com\/www.manquepierda.com\/historiarealbetis\/files\/2016\/03\/gelo-4.jpg?resize=141%2C220&amp;ssl=1 141w, https:\/\/i0.wp.com\/www.manquepierda.com\/historiarealbetis\/files\/2016\/03\/gelo-4.jpg?w=191&amp;ssl=1 191w\" sizes=\"auto, (max-width: 141px) 100vw, 141px\" \/><\/p>\n<p style=\"text-align: center\"><em><strong>*3-0.-Segundo Tiempo*<\/strong><\/em><\/p>\n<p style=\"text-align: justify\"><strong>7-Extremo Diestro.-\u00c1ngel Lav\u00edn Orizaola (a) \u00abGELO\u00bb (22 a\u00f1os menos 14 d\u00edas).<br \/>\n<\/strong><\/p>\n<p style=\"text-align: center\"><img data-recalc-dims=\"1\" loading=\"lazy\" decoding=\"async\" class=\"aligncenter size-thumbnail wp-image-48253\" src=\"https:\/\/i0.wp.com\/www.manquepierda.com\/historiarealbetis\/files\/2016\/03\/Antonio-PE%C3%91A-Romero.jpg?resize=171%2C220&#038;ssl=1\" alt=\"Antonio PE\u00d1A Romero\" width=\"171\" height=\"220\" srcset=\"https:\/\/i0.wp.com\/www.manquepierda.com\/historiarealbetis\/files\/2016\/03\/Antonio-PE%C3%91A-Romero.jpg?resize=171%2C220&amp;ssl=1 171w, https:\/\/i0.wp.com\/www.manquepierda.com\/historiarealbetis\/files\/2016\/03\/Antonio-PE%C3%91A-Romero.jpg?resize=466%2C600&amp;ssl=1 466w, https:\/\/i0.wp.com\/www.manquepierda.com\/historiarealbetis\/files\/2016\/03\/Antonio-PE%C3%91A-Romero.jpg?w=516&amp;ssl=1 516w\" sizes=\"auto, (max-width: 171px) 100vw, 171px\" \/><\/p>\n<p style=\"text-align: center\"><em><strong>*2-0.-Segundo Tiempo*<\/strong><\/em><\/p>\n<p style=\"text-align: justify\"><strong>8-Interior Diestro.-Antonio PE\u00d1A Romero (25 a\u00f1os+2 meses+13 d\u00edas).<br \/>\n<\/strong><\/p>\n<p style=\"text-align: center\"><img data-recalc-dims=\"1\" loading=\"lazy\" decoding=\"async\" class=\"aligncenter size-full wp-image-48254\" src=\"https:\/\/i0.wp.com\/www.manquepierda.com\/historiarealbetis\/files\/2016\/03\/Jos%C3%A9CABRERANBaz%C3%A1n.jpg?resize=172%2C217&#038;ssl=1\" alt=\"Jos\u00e9CABRERANBaz\u00e1n\" width=\"172\" height=\"217\" \/><\/p>\n<p style=\"text-align: center\"><em><strong>*1-0.-01 Minuto*<\/strong><\/em><\/p>\n<p style=\"text-align: justify\"><strong>9-Centro Delantero-Ariete.-Jos\u00e9 CABRERA Baz\u00e1n (18 a\u00f1os+5 meses menos 2 d\u00edas).<br \/>\n<\/strong><\/p>\n<p style=\"text-align: center\"><img data-recalc-dims=\"1\" loading=\"lazy\" decoding=\"async\" class=\"aligncenter size-thumbnail wp-image-64202\" src=\"https:\/\/i0.wp.com\/www.manquepierda.com\/historiarealbetis\/files\/2016\/03\/BORIN-Salvador-Hern%C3%A1ndez-Sargues.jpg?resize=126%2C220&#038;ssl=1\" alt=\"\" width=\"126\" height=\"220\" srcset=\"https:\/\/i0.wp.com\/www.manquepierda.com\/historiarealbetis\/files\/2016\/03\/BORIN-Salvador-Hern%C3%A1ndez-Sargues.jpg?resize=126%2C220&amp;ssl=1 126w, https:\/\/i0.wp.com\/www.manquepierda.com\/historiarealbetis\/files\/2016\/03\/BORIN-Salvador-Hern%C3%A1ndez-Sargues.jpg?resize=343%2C600&amp;ssl=1 343w, https:\/\/i0.wp.com\/www.manquepierda.com\/historiarealbetis\/files\/2016\/03\/BORIN-Salvador-Hern%C3%A1ndez-Sargues.jpg?w=387&amp;ssl=1 387w\" sizes=\"auto, (max-width: 126px) 100vw, 126px\" \/><\/p>\n<p style=\"text-align: justify\"><strong>10-Interior Zurdo.-Salvador Hern\u00e1ndez Sargues (a) \u00abBOR\u00cdN\u00bb.<\/strong><\/p>\n<p style=\"text-align: center\"><img data-recalc-dims=\"1\" loading=\"lazy\" decoding=\"async\" class=\"aligncenter size-full wp-image-64204\" src=\"https:\/\/i0.wp.com\/www.manquepierda.com\/historiarealbetis\/files\/2016\/03\/SARO-%C3%81ngel-Mart%C3%ADn-Rodr%C3%ADguez-05.jpg?resize=136%2C207&#038;ssl=1\" alt=\"\" width=\"136\" height=\"207\" \/><\/p>\n<p style=\"text-align: justify\"><strong>11-Extremo Zurdo.-\u00c1ngel Mart\u00edn Rodr\u00edguez (a) \u00abSARO\u00bb.<\/strong><\/p>\n<p style=\"text-align: center\">VS.<\/p>\n<p style=\"text-align: center\"><img data-recalc-dims=\"1\" loading=\"lazy\" decoding=\"async\" class=\"aligncenter size-full wp-image-64194\" src=\"https:\/\/i0.wp.com\/www.manquepierda.com\/historiarealbetis\/files\/2016\/03\/chamberi_ar.gif?resize=144%2C144&#038;ssl=1\" alt=\"\" width=\"144\" height=\"144\" \/><\/p>\n<p style=\"text-align: center\">AGRUPACI\u00d3N DEPORTIVA CHAMBER\u00cd-Madrid-0 Tantos.<\/p>\n<p style=\"text-align: justify\">1-TALALLERO <strong>(3 goles encajados).<\/strong><\/p>\n<p style=\"text-align: justify\">2-GARC\u00cdA F\u00c9LIX.-3-ROIG.<\/p>\n<p style=\"text-align: justify\">4-MAC\u00cdAS.-5-COL\u00d3N.<\/p>\n<p style=\"text-align: center\"><img data-recalc-dims=\"1\" loading=\"lazy\" decoding=\"async\" class=\"aligncenter size-thumbnail wp-image-64205\" src=\"https:\/\/i0.wp.com\/www.manquepierda.com\/historiarealbetis\/files\/2016\/03\/Manuel-UTRILLA-Boyer.jpg?resize=103%2C220&#038;ssl=1\" alt=\"\" width=\"103\" height=\"220\" srcset=\"https:\/\/i0.wp.com\/www.manquepierda.com\/historiarealbetis\/files\/2016\/03\/Manuel-UTRILLA-Boyer.jpg?resize=103%2C220&amp;ssl=1 103w, https:\/\/i0.wp.com\/www.manquepierda.com\/historiarealbetis\/files\/2016\/03\/Manuel-UTRILLA-Boyer.jpg?w=229&amp;ssl=1 229w\" sizes=\"auto, (max-width: 103px) 100vw, 103px\" \/><\/p>\n<p style=\"text-align: justify\">6-<strong>Manuel UTRILLA Boyer.<\/strong><\/p>\n<p style=\"text-align: justify\">7-OLMEDO.-8-PUYUELO.-9-\u00c1VILA-10-PAQUITO.-11-MIGUEL.<\/p>\n<p style=\"text-align: justify\"><em>\u00abEl bal\u00f3n utilizado en este partido fue adquirido en \u00abDEPORTES Z\u00bb entre calles de las Sierpes y Rivero.-Remitido\u00bb.<\/em><\/p>\n<hr \/>\n<p style=\"text-align: justify\">\u00abEL PARTIDO DE RUGBY.-El encuentro de rugby entre las selecciones universitarias preceder\u00e1 <strong>Betis-Chamber\u00ed, <\/strong>comenzando a las cuatro de la tarde. El partido ha promovido mucho inter\u00e9s entre los aficionados sevillanos, habi\u00e9ndose entrenados los equipos a fondo durante la actual semana, con el fin de causar la mejor impresi\u00f3n y tratar de captar numerosos adeptos.-A\u00fan no se ha perfilado la constituci\u00f3n de los \u00abquinces\u00bb, que probablemente se ultimar\u00e1 en el d\u00eda de hoy s\u00e1bado\u00bb.<\/p>\n<p style=\"text-align: justify\">\u00abALINEACIONES PARA EL ENCUENTRO DE RUGBY.-A las cuatro de la tarde, en \u00abHeli\u00f3polis\u00bb, comenzar\u00e1 el encuentro de rugby, que tanto inter\u00e9s ha despertado entre los aficionados.<\/p>\n<p style=\"text-align: justify\">El partido ser\u00e1 arbitrado por el jugador internacional Carlos G\u00f3mez De la Cal.-He aqu\u00ed las alineaciones:<\/p>\n<p style=\"text-align: justify\">SELECCI\u00d3N \u00abA\u00bb.-Back (Colomer).-Tres Cuartos (Montero-Chac\u00f3n-Jos\u00e9 Julio-Lecumberri).-Medio mel\u00e9e (Fern\u00e1ndez).-Medio apertura (Carpintero).-Delanteros (Garc\u00eda-Otero-S\u00e1nchez-Barbardillo-Quesada-Rebollo-Mart\u00ednez-Lu\u00eds).<\/p>\n<p style=\"text-align: justify\">SELECCI\u00d3N \u00abB\u00bb.-Catonio (Back).-V\u00e1zquez Cabrera-Pi\u00f1a-Valle y V\u00e1zquez Cabrera II (Tres Cuartos).-Chac\u00f3n (Medio mel\u00e9e).-Silva (Medio apertura).-Juanito-Ribelles-Luque-Barroso-Lazarga-Ar\u00e9valo-Dabrio y Barrera (Delanteros).<\/p>\n<p style=\"text-align: center\"><img data-recalc-dims=\"1\" loading=\"lazy\" decoding=\"async\" class=\"aligncenter size-medium wp-image-48255\" src=\"https:\/\/i0.wp.com\/www.manquepierda.com\/historiarealbetis\/files\/2016\/03\/19480314RUGBY-1.jpg?resize=680%2C467&#038;ssl=1\" alt=\"19480314RUGBY-1\" width=\"680\" height=\"467\" srcset=\"https:\/\/i0.wp.com\/www.manquepierda.com\/historiarealbetis\/files\/2016\/03\/19480314RUGBY-1.jpg?resize=680%2C467&amp;ssl=1 680w, https:\/\/i0.wp.com\/www.manquepierda.com\/historiarealbetis\/files\/2016\/03\/19480314RUGBY-1.jpg?resize=220%2C151&amp;ssl=1 220w, https:\/\/i0.wp.com\/www.manquepierda.com\/historiarealbetis\/files\/2016\/03\/19480314RUGBY-1.jpg?w=693&amp;ssl=1 693w\" sizes=\"auto, (max-width: 680px) 100vw, 680px\" \/><\/p>\n<p style=\"text-align: center\"><img data-recalc-dims=\"1\" loading=\"lazy\" decoding=\"async\" class=\"aligncenter size-large wp-image-48256\" src=\"https:\/\/i0.wp.com\/www.manquepierda.com\/historiarealbetis\/files\/2016\/03\/19480314RUGBY-2.jpg?resize=545%2C700&#038;ssl=1\" alt=\"19480314RUGBY-2\" width=\"545\" height=\"700\" srcset=\"https:\/\/i0.wp.com\/www.manquepierda.com\/historiarealbetis\/files\/2016\/03\/19480314RUGBY-2.jpg?resize=545%2C700&amp;ssl=1 545w, https:\/\/i0.wp.com\/www.manquepierda.com\/historiarealbetis\/files\/2016\/03\/19480314RUGBY-2.jpg?resize=171%2C220&amp;ssl=1 171w, https:\/\/i0.wp.com\/www.manquepierda.com\/historiarealbetis\/files\/2016\/03\/19480314RUGBY-2.jpg?resize=468%2C600&amp;ssl=1 468w, https:\/\/i0.wp.com\/www.manquepierda.com\/historiarealbetis\/files\/2016\/03\/19480314RUGBY-2.jpg?w=692&amp;ssl=1 692w\" sizes=\"auto, (max-width: 545px) 100vw, 545px\" \/><\/p>\n<p style=\"text-align: center\">RECORTE PRENSA-ABC-SEVILLA 19480316-MARTES.<\/p>\n","protected":false},"excerpt":{"rendered":"<p>XII EDICI\u00d3N-CAMPEONATO NACIONAL LIGA TERCERA DIVISI\u00d3N-GRUPO VI-TEMPORADA 1947-1948 DESDE DOMINGO 21 DE SEPTIEMBRE DE 1947 HASTA DOMINGO 11 DE ABRIL DE 1948 AMBAS FECHAS INCLUSIVE. RECORTES DE PRENSA ABC-SEVILLA 13 (s\u00e1bado)+14 (domingo)+16 (martes): \u00abANTE EL BETIS-CHAMBER\u00cd DE MA\u00d1ANA.-Ma\u00f1ana domingo, en Heli\u00f3polis, a las cinco de la tarde, actuar\u00e1n en partido correspondiente al grupo sexto de&#8230;<\/p>\n","protected":false},"author":48,"featured_media":48243,"comment_status":"open","ping_status":"open","sticky":false,"template":"","format":"standard","meta":{"_kad_post_transparent":"","_kad_post_title":"","_kad_post_layout":"","_kad_post_sidebar_id":"","_kad_post_content_style":"","_kad_post_vertical_padding":"","_kad_post_feature":"","_kad_post_feature_position":"","_kad_post_header":false,"_kad_post_footer":false,"_kad_post_classname":"","_jetpack_memberships_contains_paid_content":false,"footnotes":"","jetpack_publicize_message":"","jetpack_publicize_feature_enabled":true,"jetpack_social_post_already_shared":true,"jetpack_social_options":{"image_generator_settings":{"template":"highway","default_image_id":0,"font":"","enabled":false},"version":2}},"categories":[900,1],"tags":[10150,995,17434,17781],"class_list":["post-48241","post","type-post","status-publish","format-standard","has-post-thumbnail","hentry","category-1940-1949","category-portada","tag-1947-48","tag-995","tag-agrupacion-recreativa-chamberi","tag-liga-tercera-1947-48"],"jetpack_publicize_connections":[],"jetpack_featured_media_url":"https:\/\/i0.wp.com\/www.manquepierda.com\/historiarealbetis\/files\/2016\/03\/Betis-Chamber%C3%AD-Liga-1948-NMP-Trofeo-17-3-1948-680x440.jpg?fit=680%2C440&ssl=1","jetpack_sharing_enabled":true,"jetpack_shortlink":"https:\/\/wp.me\/p1ij08-cy5","jetpack-related-posts":[],"_links":{"self":[{"href":"https:\/\/www.manquepierda.com\/historiarealbetis\/wp-json\/wp\/v2\/posts\/48241","targetHints":{"allow":["GET"]}}],"collection":[{"href":"https:\/\/www.manquepierda.com\/historiarealbetis\/wp-json\/wp\/v2\/posts"}],"about":[{"href":"https:\/\/www.manquepierda.com\/historiarealbetis\/wp-json\/wp\/v2\/types\/post"}],"author":[{"embeddable":true,"href":"https:\/\/www.manquepierda.com\/historiarealbetis\/wp-json\/wp\/v2\/users\/48"}],"replies":[{"embeddable":true,"href":"https:\/\/www.manquepierda.com\/historiarealbetis\/wp-json\/wp\/v2\/comments?post=48241"}],"version-history":[{"count":1,"href":"https:\/\/www.manquepierda.com\/historiarealbetis\/wp-json\/wp\/v2\/posts\/48241\/revisions"}],"predecessor-version":[{"id":95608,"href":"https:\/\/www.manquepierda.com\/historiarealbetis\/wp-json\/wp\/v2\/posts\/48241\/revisions\/95608"}],"wp:featuredmedia":[{"embeddable":true,"href":"https:\/\/www.manquepierda.com\/historiarealbetis\/wp-json\/wp\/v2\/media\/48243"}],"wp:attachment":[{"href":"https:\/\/www.manquepierda.com\/historiarealbetis\/wp-json\/wp\/v2\/media?parent=48241"}],"wp:term":[{"taxonomy":"category","embeddable":true,"href":"https:\/\/www.manquepierda.com\/historiarealbetis\/wp-json\/wp\/v2\/categories?post=48241"},{"taxonomy":"post_tag","embeddable":true,"href":"https:\/\/www.manquepierda.com\/historiarealbetis\/wp-json\/wp\/v2\/tags?post=48241"}],"curies":[{"name":"wp","href":"https:\/\/api.w.org\/{rel}","templated":true}]}}