{"id":48556,"date":"2016-03-29T07:29:42","date_gmt":"2016-03-29T05:29:42","guid":{"rendered":"http:\/\/www.manquepierda.com\/historiarealbetis\/?p=48556"},"modified":"2024-08-26T07:19:26","modified_gmt":"2024-08-26T05:19:26","slug":"betis-atl-marbella-liga-1994","status":"publish","type":"post","link":"https:\/\/www.manquepierda.com\/historiarealbetis\/betis-atl-marbella-liga-1994\/","title":{"rendered":"Betis-Atl. Marbella Liga 1994"},"content":{"rendered":"<p><a href=\"https:\/\/i0.wp.com\/www.manquepierda.com\/historiarealbetis\/files\/2016\/03\/Betis-Atl.-Marbella-Liga-1994-Gol-de-Aquino-Diario-16-24-02-1994.jpg?ssl=1\" rel=\"attachment wp-att-48557\"><img data-recalc-dims=\"1\" loading=\"lazy\" decoding=\"async\" class=\"aligncenter size-medium wp-image-48557\" src=\"https:\/\/i0.wp.com\/www.manquepierda.com\/historiarealbetis\/files\/2016\/03\/Betis-Atl.-Marbella-Liga-1994-Gol-de-Aquino-Diario-16-24-02-1994.jpg?resize=680%2C491&#038;ssl=1\" alt=\"Betis-Atl. Marbella Liga 1994 Gol de Aquino Diario 16 24-02-1994\" width=\"680\" height=\"491\" srcset=\"https:\/\/i0.wp.com\/www.manquepierda.com\/historiarealbetis\/files\/2016\/03\/Betis-Atl.-Marbella-Liga-1994-Gol-de-Aquino-Diario-16-24-02-1994.jpg?resize=680%2C491&amp;ssl=1 680w, https:\/\/i0.wp.com\/www.manquepierda.com\/historiarealbetis\/files\/2016\/03\/Betis-Atl.-Marbella-Liga-1994-Gol-de-Aquino-Diario-16-24-02-1994.jpg?resize=220%2C159&amp;ssl=1 220w, https:\/\/i0.wp.com\/www.manquepierda.com\/historiarealbetis\/files\/2016\/03\/Betis-Atl.-Marbella-Liga-1994-Gol-de-Aquino-Diario-16-24-02-1994.jpg?resize=768%2C554&amp;ssl=1 768w, https:\/\/i0.wp.com\/www.manquepierda.com\/historiarealbetis\/files\/2016\/03\/Betis-Atl.-Marbella-Liga-1994-Gol-de-Aquino-Diario-16-24-02-1994.jpg?w=944&amp;ssl=1 944w\" sizes=\"auto, (max-width: 680px) 100vw, 680px\" \/><\/a><\/p>\n<p>23 de febrero de 1994 en el Benito Villamar\u00edn \u00a0Betis 5 \u00a0Atl\u00e9tico Marbella 2; jornada 25 del Campeonato de Liga de Segunda Divisi\u00f3n.<\/p>\n<p>En la imagen el delantero b\u00e9tico Daniel Aquino en el minuto 30 regatea al meta marbell\u00ed Covelo para hacer el 1-0. Posteriormente 2 tantos de Gordillo, uno de Juanito y otro de Toto en propia puerta completar\u00edan la goleada verdiblanca.<\/p>\n<p>Serge Kresic entrenaba al Betis y Ram\u00f3n Blanco al Atl\u00e9tico Marbella.<\/p>\n","protected":false},"excerpt":{"rendered":"<p>23 de febrero de 1994 en el Benito Villamar\u00edn \u00a0Betis 5 \u00a0Atl\u00e9tico Marbella 2; jornada 25 del Campeonato de Liga de Segunda Divisi\u00f3n. En la imagen el delantero b\u00e9tico Daniel Aquino en el minuto 30 regatea al meta marbell\u00ed Covelo para hacer el 1-0. Posteriormente 2 tantos de Gordillo, uno de Juanito y otro de&#8230;<\/p>\n","protected":false},"author":5,"featured_media":48557,"comment_status":"open","ping_status":"open","sticky":false,"template":"","format":"standard","meta":{"_kad_post_transparent":"","_kad_post_title":"","_kad_post_layout":"","_kad_post_sidebar_id":"","_kad_post_content_style":"","_kad_post_vertical_padding":"","_kad_post_feature":"","_kad_post_feature_position":"","_kad_post_header":false,"_kad_post_footer":false,"_kad_post_classname":"","_jetpack_memberships_contains_paid_content":false,"footnotes":"","jetpack_publicize_message":"","jetpack_publicize_feature_enabled":true,"jetpack_social_post_already_shared":true,"jetpack_social_options":{"image_generator_settings":{"template":"highway","default_image_id":0,"font":"","enabled":false},"version":2}},"categories":[905,1],"tags":[2229,1540,13832,1052,17827],"class_list":["post-48556","post","type-post","status-publish","format-standard","has-post-thumbnail","hentry","category-1990-1999","category-portada","tag-1993-94","tag-1540","tag-atletico-marbella","tag-daniel-toribio-aquino","tag-liga-segunda-1993-94"],"jetpack_publicize_connections":[],"jetpack_featured_media_url":"https:\/\/i0.wp.com\/www.manquepierda.com\/historiarealbetis\/files\/2016\/03\/Betis-Atl.-Marbella-Liga-1994-Gol-de-Aquino-Diario-16-24-02-1994.jpg?fit=944%2C681&ssl=1","jetpack_sharing_enabled":true,"jetpack_shortlink":"https:\/\/wp.me\/p1ij08-cDa","jetpack-related-posts":[],"_links":{"self":[{"href":"https:\/\/www.manquepierda.com\/historiarealbetis\/wp-json\/wp\/v2\/posts\/48556","targetHints":{"allow":["GET"]}}],"collection":[{"href":"https:\/\/www.manquepierda.com\/historiarealbetis\/wp-json\/wp\/v2\/posts"}],"about":[{"href":"https:\/\/www.manquepierda.com\/historiarealbetis\/wp-json\/wp\/v2\/types\/post"}],"author":[{"embeddable":true,"href":"https:\/\/www.manquepierda.com\/historiarealbetis\/wp-json\/wp\/v2\/users\/5"}],"replies":[{"embeddable":true,"href":"https:\/\/www.manquepierda.com\/historiarealbetis\/wp-json\/wp\/v2\/comments?post=48556"}],"version-history":[{"count":1,"href":"https:\/\/www.manquepierda.com\/historiarealbetis\/wp-json\/wp\/v2\/posts\/48556\/revisions"}],"predecessor-version":[{"id":97865,"href":"https:\/\/www.manquepierda.com\/historiarealbetis\/wp-json\/wp\/v2\/posts\/48556\/revisions\/97865"}],"wp:featuredmedia":[{"embeddable":true,"href":"https:\/\/www.manquepierda.com\/historiarealbetis\/wp-json\/wp\/v2\/media\/48557"}],"wp:attachment":[{"href":"https:\/\/www.manquepierda.com\/historiarealbetis\/wp-json\/wp\/v2\/media?parent=48556"}],"wp:term":[{"taxonomy":"category","embeddable":true,"href":"https:\/\/www.manquepierda.com\/historiarealbetis\/wp-json\/wp\/v2\/categories?post=48556"},{"taxonomy":"post_tag","embeddable":true,"href":"https:\/\/www.manquepierda.com\/historiarealbetis\/wp-json\/wp\/v2\/tags?post=48556"}],"curies":[{"name":"wp","href":"https:\/\/api.w.org\/{rel}","templated":true}]}}