{"id":48876,"date":"2016-04-10T09:34:38","date_gmt":"2016-04-10T07:34:38","guid":{"rendered":"http:\/\/www.manquepierda.com\/historiarealbetis\/?p=48876"},"modified":"2024-08-17T21:30:32","modified_gmt":"2024-08-17T19:30:32","slug":"yo-los-vi","status":"publish","type":"post","link":"https:\/\/www.manquepierda.com\/historiarealbetis\/yo-los-vi\/","title":{"rendered":"Yo los vi&#8230;"},"content":{"rendered":"<p style=\"text-align: justify\"><a href=\"https:\/\/i0.wp.com\/www.manquepierda.com\/historiarealbetis\/files\/2016\/04\/Yo-los-vi-NMP-FE-4-03-1940.jpg?ssl=1\" rel=\"attachment wp-att-48880\"><img data-recalc-dims=\"1\" loading=\"lazy\" decoding=\"async\" class=\"alignleft size-full wp-image-48880\" src=\"https:\/\/i0.wp.com\/www.manquepierda.com\/historiarealbetis\/files\/2016\/04\/Yo-los-vi-NMP-FE-4-03-1940.jpg?resize=387%2C396&#038;ssl=1\" alt=\"Yo los vi (NMP) FE 4-03-1940\" width=\"387\" height=\"396\" srcset=\"https:\/\/i0.wp.com\/www.manquepierda.com\/historiarealbetis\/files\/2016\/04\/Yo-los-vi-NMP-FE-4-03-1940.jpg?w=387&amp;ssl=1 387w, https:\/\/i0.wp.com\/www.manquepierda.com\/historiarealbetis\/files\/2016\/04\/Yo-los-vi-NMP-FE-4-03-1940.jpg?resize=215%2C220&amp;ssl=1 215w\" sizes=\"auto, (max-width: 387px) 100vw, 387px\" \/><\/a>3 de marzo de 1940. En el Estadio de Heli\u00f3polis el Betis se enfrenta al Athletic Club en la jornada 13 del Campeonato de Liga de Primera Divisi\u00f3n. Faltan 9 para el final del campeonato y el Betis ocupa la \u00faltima posici\u00f3n de la tabla, empatado a 8 puntos con el Racing de Santander, aunque a solo 2 puntos del Celta, que marca la frontera con la promoci\u00f3n.<\/p>\n<p style=\"text-align: justify\">Despu\u00e9s de un mal inicio en el torneo una reacci\u00f3n ha hecho posible la esperanza para conseguir la salvaci\u00f3n, pero la semana anterior una derrota en casa con el Athletic Aviaci\u00f3n, que ser\u00eda el campe\u00f3n, ha puesto las cosas mucho m\u00e1s complicadas.<\/p>\n<p style=\"text-align: justify\">Es una temporada muy dif\u00edcil para el equipo verdiblanco, la primera que se juega tras el par\u00e9ntesis de los 3 a\u00f1os de guerra civil, con una plantilla muy joven y poco experimentada que no consigue cubrir el hueco dejado por los jugadores que pocos a\u00f1os antes hab\u00edan conquistado la Liga.<\/p>\n<p style=\"text-align: justify\">El Betis domina los 90 minutos pero se ve incapaz de perforar la meta que defiende Echevarr\u00eda. La tragedia est\u00e1 cada vez m\u00e1s cerca. Ser\u00eda el primer descenso en la historia b\u00e9tica.<\/p>\n<p style=\"text-align: justify\">Este relato publicado en el diario sevillano FE al d\u00eda siguiente, el 4 de marzo de 1940, nos narra la presencia entre el p\u00fablico que ese d\u00eda llen\u00f3 Heli\u00f3polis de dos veteranos de tiempos gloriosos y su reacci\u00f3n ante la presentida tragedia, que se consumar\u00eda un mes despu\u00e9s<\/p>\n<p>&nbsp;<\/p>\n<p>&nbsp;<\/p>\n<p><span style=\"color: #008000\"><em>Yo los vi al comenzar el partido.<\/em><\/span><\/p>\n<p><span style=\"color: #008000\"><em>En sus rostros se reflejaba la ansiedad, la preocupaci\u00f3n, pero al mismo tiempo la esperanza.<\/em><\/span><\/p>\n<p style=\"text-align: justify\"><span style=\"color: #008000\"><em>Estaban inquietos, sin poder dominar sus nervios. Uno daba paseos constantes; a otro se le cay\u00f3 del papel casi todo el tabaco del pitillo que liaba. Y as\u00ed los dem\u00e1s.<\/em><\/span><\/p>\n<p style=\"text-align: justify\"><span style=\"color: #008000\"><em>Mucho se jugaba el Betis en el partido de ayer frente al Athletic y era natural que sintieran vibrar, en lo m\u00e1s \u00edntimo, la angustia del momento, a\u00f1orando pasadas glorias de las que fueron actores principales.<\/em><\/span><\/p>\n<p style=\"text-align: justify\"><span style=\"color: #008000\"><em>Yo observ\u00e9 con qu\u00e9 unci\u00f3n entusiasta unieron sus manos al salir el equipo blanquiverde, en aplauso ardoroso y animado, como si de \u00e9l dependiera el triunfo tan necesario y anhelado; con qu\u00e9 atenci\u00f3n vigilante segu\u00edan el juego, reflej\u00e1ndose en sus gestos cada una de las fases del mismo; su desaliento a medida que\u00a0 transcurr\u00eda el tiempo y el cero a cero, \u201clas gafas deportivas\u201d, se manten\u00edan en el marcador, sin que los locales fueran capaces de hacerlas gui\u00f1ar a su favor.<\/em><\/span><\/p>\n<p><span style=\"color: #008000\"><em>Yo los vi, tambi\u00e9n, al terminar el encuentro.<\/em><\/span><\/p>\n<p style=\"text-align: justify\"><span style=\"color: #008000\"><em>Callaban. Ninguno de ellos se atrev\u00eda a mirar al otro. Las cabezas bajas, reconcentrados en s\u00ed, mientras el p\u00fablico, indiferente, desfilaba por el grader\u00edo camino de la calle.<\/em><\/span><\/p>\n<p style=\"text-align: justify\"><span style=\"color: #008000\"><em>En sus rostros hab\u00eda l\u00e1grimas. Lloraban como hombres y esas l\u00e1grimas eran el sedante para su dolor y su coraje, contenidos e impotentes. Ellos pasaron, \u00a1ya nada pueden hacer\u00a1<\/em><\/span><\/p>\n<p><span style=\"color: #008000\"><em>\u00bfQu\u00e9 qui\u00e9nes eran?<\/em><\/span><\/p>\n<p><span style=\"color: #008000\"><em>Sus nombres poco importan.<\/em><\/span><\/p>\n<p><span style=\"color: #008000\"><em>\u00a1Unos veteranos que fueron jugadores del Betis\u00a1<\/em><\/span><\/p>\n<p>&nbsp;<\/p>\n","protected":false},"excerpt":{"rendered":"<p>3 de marzo de 1940. En el Estadio de Heli\u00f3polis el Betis se enfrenta al Athletic Club en la jornada 13 del Campeonato de Liga de Primera Divisi\u00f3n. Faltan 9 para el final del campeonato y el Betis ocupa la \u00faltima posici\u00f3n de la tabla, empatado a 8 puntos con el Racing de Santander, aunque&#8230;<\/p>\n","protected":false},"author":5,"featured_media":48880,"comment_status":"open","ping_status":"open","sticky":false,"template":"","format":"standard","meta":{"_kad_post_transparent":"","_kad_post_title":"","_kad_post_layout":"","_kad_post_sidebar_id":"","_kad_post_content_style":"","_kad_post_vertical_padding":"","_kad_post_feature":"","_kad_post_feature_position":"","_kad_post_header":false,"_kad_post_footer":false,"_kad_post_classname":"","_jetpack_memberships_contains_paid_content":false,"footnotes":"","jetpack_publicize_message":"","jetpack_publicize_feature_enabled":true,"jetpack_social_post_already_shared":true,"jetpack_social_options":{"image_generator_settings":{"template":"highway","default_image_id":0,"font":"","enabled":false},"version":2}},"categories":[1,1176],"tags":[17867],"class_list":["post-48876","post","type-post","status-publish","format-standard","has-post-thumbnail","hentry","category-portada","category-relatos-de-futbol","tag-liga-primera-1939-40"],"jetpack_publicize_connections":[],"jetpack_featured_media_url":"https:\/\/i0.wp.com\/www.manquepierda.com\/historiarealbetis\/files\/2016\/04\/Yo-los-vi-NMP-FE-4-03-1940.jpg?fit=387%2C396&ssl=1","jetpack_sharing_enabled":true,"jetpack_shortlink":"https:\/\/wp.me\/p1ij08-cIk","jetpack-related-posts":[],"_links":{"self":[{"href":"https:\/\/www.manquepierda.com\/historiarealbetis\/wp-json\/wp\/v2\/posts\/48876","targetHints":{"allow":["GET"]}}],"collection":[{"href":"https:\/\/www.manquepierda.com\/historiarealbetis\/wp-json\/wp\/v2\/posts"}],"about":[{"href":"https:\/\/www.manquepierda.com\/historiarealbetis\/wp-json\/wp\/v2\/types\/post"}],"author":[{"embeddable":true,"href":"https:\/\/www.manquepierda.com\/historiarealbetis\/wp-json\/wp\/v2\/users\/5"}],"replies":[{"embeddable":true,"href":"https:\/\/www.manquepierda.com\/historiarealbetis\/wp-json\/wp\/v2\/comments?post=48876"}],"version-history":[{"count":1,"href":"https:\/\/www.manquepierda.com\/historiarealbetis\/wp-json\/wp\/v2\/posts\/48876\/revisions"}],"predecessor-version":[{"id":97012,"href":"https:\/\/www.manquepierda.com\/historiarealbetis\/wp-json\/wp\/v2\/posts\/48876\/revisions\/97012"}],"wp:featuredmedia":[{"embeddable":true,"href":"https:\/\/www.manquepierda.com\/historiarealbetis\/wp-json\/wp\/v2\/media\/48880"}],"wp:attachment":[{"href":"https:\/\/www.manquepierda.com\/historiarealbetis\/wp-json\/wp\/v2\/media?parent=48876"}],"wp:term":[{"taxonomy":"category","embeddable":true,"href":"https:\/\/www.manquepierda.com\/historiarealbetis\/wp-json\/wp\/v2\/categories?post=48876"},{"taxonomy":"post_tag","embeddable":true,"href":"https:\/\/www.manquepierda.com\/historiarealbetis\/wp-json\/wp\/v2\/tags?post=48876"}],"curies":[{"name":"wp","href":"https:\/\/api.w.org\/{rel}","templated":true}]}}