{"id":48968,"date":"2016-04-19T07:32:49","date_gmt":"2016-04-19T05:32:49","guid":{"rendered":"http:\/\/www.manquepierda.com\/historiarealbetis\/?p=48968"},"modified":"2024-09-04T18:49:40","modified_gmt":"2024-09-04T16:49:40","slug":"nos-visita-la-ud-las-palmas-4","status":"publish","type":"post","link":"https:\/\/www.manquepierda.com\/historiarealbetis\/nos-visita-la-ud-las-palmas-4\/","title":{"rendered":"Nos visita la UD Las Palmas"},"content":{"rendered":"<figure id=\"attachment_48969\" aria-describedby=\"caption-attachment-48969\" style=\"width: 680px\" class=\"wp-caption aligncenter\"><a href=\"https:\/\/i0.wp.com\/www.manquepierda.com\/historiarealbetis\/files\/2016\/04\/Las-Palmas-2015-16.jpg?ssl=1\" rel=\"attachment wp-att-48969\"><img data-recalc-dims=\"1\" loading=\"lazy\" decoding=\"async\" class=\"size-medium wp-image-48969\" src=\"https:\/\/i0.wp.com\/www.manquepierda.com\/historiarealbetis\/files\/2016\/04\/Las-Palmas-2015-16.jpg?resize=680%2C437&#038;ssl=1\" alt=\"Las Palmas en la 2015-16\" width=\"680\" height=\"437\" srcset=\"https:\/\/i0.wp.com\/www.manquepierda.com\/historiarealbetis\/files\/2016\/04\/Las-Palmas-2015-16.jpg?resize=680%2C437&amp;ssl=1 680w, https:\/\/i0.wp.com\/www.manquepierda.com\/historiarealbetis\/files\/2016\/04\/Las-Palmas-2015-16.jpg?resize=220%2C142&amp;ssl=1 220w, https:\/\/i0.wp.com\/www.manquepierda.com\/historiarealbetis\/files\/2016\/04\/Las-Palmas-2015-16.jpg?resize=768%2C494&amp;ssl=1 768w, https:\/\/i0.wp.com\/www.manquepierda.com\/historiarealbetis\/files\/2016\/04\/Las-Palmas-2015-16.jpg?w=900&amp;ssl=1 900w\" sizes=\"auto, (max-width: 680px) 100vw, 680px\" \/><\/a><figcaption id=\"caption-attachment-48969\" class=\"wp-caption-text\">Las Palmas en la 2015-16<\/figcaption><\/figure>\n<p>Hoy a las 21 horas recibiremos en el Villamar\u00edn a la UD Las Palmas, un club hist\u00f3rico a pesar de\u00a0 que su fundaci\u00f3n es tard\u00eda: 1949, cuando un grupo de 5 equipos canarios (Marino, Victoria, Gran Canaria, Atl\u00e9tico y Arenas) se unieron para crear un equipo que representase a toda la isla. Ha disputado 32 temporadas en Primera, 28 en Segunda y 6 en Segunda B, y ha sido subcampe\u00f3n de Liga en una ocasi\u00f3n y de Copa en otra. Su mejor \u00e9poca fue sin duda la de los a\u00f1os 60 y 70.<\/p>\n<p>La primera visita de Las Palmas a campo b\u00e9tico se produjo el 27 de Diciembre de 1956, con ocasi\u00f3n de un amistoso en que se impusieron los b\u00e9ticos por 1 a 0 con gol de Lasa. Las Palmas ha jugado en terreno b\u00e9tico en 29 ocasiones, repartidas as\u00ed: 19 partidos en Liga de Primera ( 14 victorias b\u00e9ticas, 3 empates y 2 victorias canarias), 5 partidos en Liga de Segunda ( 4 victorias b\u00e9ticas y un empate), 3 partidos de Copa ( 2 victorias b\u00e9ticas y 1 empate) y 2 amistosos (2 victorias b\u00e9ticas).<\/p>\n<p>Entre los jugadores que han participados en los dos clubs podemos destacar a Alexis Trujillo, Angel L\u00f3pez, Nenad Bjelica, Aurelio Campa, Antonio Castellanos, Casto Espinosa, Juan Cedr\u00e9s, Alvaro Cejudo, Jaime P\u00e9rez, Jaime Quesada, Robert Jarni, Wojciech Kowalczyk, Jer\u00f3nimo Figueroa \u201cMomo\u201d, Tom\u00e1s Ol\u00edas, Manuel Oliveira, Jos\u00e9 Casas \u201cPep\u00edn\u201d, Rub\u00e9n Castro, \u00a0Carmelo Trujillo, e Isidro Villota.<\/p>\n<p>Entre los entrenadores Marcel Domingo, Rosendo Hern\u00e1ndez, Jos\u00e9 Alzate y\u00a0 Fernando V\u00e1zquez.<\/p>\n","protected":false},"excerpt":{"rendered":"<p>Hoy a las 21 horas recibiremos en el Villamar\u00edn a la UD Las Palmas, un club hist\u00f3rico a pesar de\u00a0 que su fundaci\u00f3n es tard\u00eda: 1949, cuando un grupo de 5 equipos canarios (Marino, Victoria, Gran Canaria, Atl\u00e9tico y Arenas) se unieron para crear un equipo que representase a toda la isla. Ha disputado 32&#8230;<\/p>\n","protected":false},"author":5,"featured_media":48969,"comment_status":"open","ping_status":"open","sticky":false,"template":"","format":"standard","meta":{"_kad_post_transparent":"","_kad_post_title":"","_kad_post_layout":"","_kad_post_sidebar_id":"","_kad_post_content_style":"","_kad_post_vertical_padding":"","_kad_post_feature":"","_kad_post_feature_position":"","_kad_post_header":false,"_kad_post_footer":false,"_kad_post_classname":"","_jetpack_memberships_contains_paid_content":false,"footnotes":"","jetpack_publicize_message":"","jetpack_publicize_feature_enabled":true,"jetpack_social_post_already_shared":true,"jetpack_social_options":{"image_generator_settings":{"template":"highway","default_image_id":0,"font":"","enabled":false},"version":2}},"categories":[895,1],"tags":[1328,11273,6854,1330,3747,1438,10995,1088,1337,6855,1332,1139,1336,1331,6856,1329,3118,1333,6857,748,1335,1327,1334],"class_list":["post-48968","post","type-post","status-publish","format-standard","has-post-thumbnail","hentry","category-los-rivales","category-portada","tag-alexis-trujillo","tag-alvaro-cejudo","tag-angel-lopez","tag-antonio-castellanos","tag-aurelio-campa","tag-carmelo-trujillo","tag-casto-espinosa","tag-fernando-vazquez","tag-isidro-villota","tag-jaime-perez","tag-jaime-quesada","tag-jeronimo-figueroa-momo","tag-jose-casas-pepin","tag-juan-cedres","tag-manuel-oliveira","tag-nenad-bjelica","tag-pepe-alzate","tag-robert-jarni","tag-rosendo-hernandez","tag-ruben-castro","tag-tomas-olias","tag-ud-las-palmas","tag-wojciech-kowalczyk"],"jetpack_publicize_connections":[],"jetpack_featured_media_url":"https:\/\/i0.wp.com\/www.manquepierda.com\/historiarealbetis\/files\/2016\/04\/Las-Palmas-2015-16.jpg?fit=900%2C579&ssl=1","jetpack_sharing_enabled":true,"jetpack_shortlink":"https:\/\/wp.me\/p1ij08-cJO","jetpack-related-posts":[],"_links":{"self":[{"href":"https:\/\/www.manquepierda.com\/historiarealbetis\/wp-json\/wp\/v2\/posts\/48968","targetHints":{"allow":["GET"]}}],"collection":[{"href":"https:\/\/www.manquepierda.com\/historiarealbetis\/wp-json\/wp\/v2\/posts"}],"about":[{"href":"https:\/\/www.manquepierda.com\/historiarealbetis\/wp-json\/wp\/v2\/types\/post"}],"author":[{"embeddable":true,"href":"https:\/\/www.manquepierda.com\/historiarealbetis\/wp-json\/wp\/v2\/users\/5"}],"replies":[{"embeddable":true,"href":"https:\/\/www.manquepierda.com\/historiarealbetis\/wp-json\/wp\/v2\/comments?post=48968"}],"version-history":[{"count":1,"href":"https:\/\/www.manquepierda.com\/historiarealbetis\/wp-json\/wp\/v2\/posts\/48968\/revisions"}],"predecessor-version":[{"id":98576,"href":"https:\/\/www.manquepierda.com\/historiarealbetis\/wp-json\/wp\/v2\/posts\/48968\/revisions\/98576"}],"wp:featuredmedia":[{"embeddable":true,"href":"https:\/\/www.manquepierda.com\/historiarealbetis\/wp-json\/wp\/v2\/media\/48969"}],"wp:attachment":[{"href":"https:\/\/www.manquepierda.com\/historiarealbetis\/wp-json\/wp\/v2\/media?parent=48968"}],"wp:term":[{"taxonomy":"category","embeddable":true,"href":"https:\/\/www.manquepierda.com\/historiarealbetis\/wp-json\/wp\/v2\/categories?post=48968"},{"taxonomy":"post_tag","embeddable":true,"href":"https:\/\/www.manquepierda.com\/historiarealbetis\/wp-json\/wp\/v2\/tags?post=48968"}],"curies":[{"name":"wp","href":"https:\/\/api.w.org\/{rel}","templated":true}]}}