{"id":49101,"date":"2016-04-23T16:39:26","date_gmt":"2016-04-23T14:39:26","guid":{"rendered":"http:\/\/www.manquepierda.com\/historiarealbetis\/?p=49101"},"modified":"2024-08-30T08:01:12","modified_gmt":"2024-08-30T06:01:12","slug":"1967-abril-23-2dgii-cf-badalona-0-real-betis-balompie-3-49aniversario","status":"publish","type":"post","link":"https:\/\/www.manquepierda.com\/historiarealbetis\/1967-abril-23-2dgii-cf-badalona-0-real-betis-balompie-3-49aniversario\/","title":{"rendered":"1967-Abril 23-2DGII.-Cf Badalona-0 Real Betis Balompi\u00e9-3.-49Aniversario."},"content":{"rendered":"<p style=\"text-align: justify\"><strong>XXXVI EDICI\u00d3N-CAMPEONATO NACIONAL SEGUNDA DIVISI\u00d3N-GRUPO II-TEMPORADA 1966-1967 DESDE DOMINGO 11 DE SEPTIEMBRE DE 1966 HASTA DOMINGO 25 DE JUNIO DE 1967-AMBAS FECHAS INCLUSIVE.<\/strong><\/p>\n<p style=\"text-align: justify\"><strong>1967-ABRIL 23-DOMINGO EN LA \u00abAVENIDA DE NAVARRA\u00bb DE BADALONA-\u00abCAMPO DEL <img data-recalc-dims=\"1\" loading=\"lazy\" decoding=\"async\" class=\"alignright size-full wp-image-49102\" src=\"https:\/\/i0.wp.com\/www.manquepierda.com\/historiarealbetis\/files\/2016\/04\/Navarra.jpg?resize=356%2C230&#038;ssl=1\" alt=\"Navarra\" width=\"356\" height=\"230\" srcset=\"https:\/\/i0.wp.com\/www.manquepierda.com\/historiarealbetis\/files\/2016\/04\/Navarra.jpg?w=356&amp;ssl=1 356w, https:\/\/i0.wp.com\/www.manquepierda.com\/historiarealbetis\/files\/2016\/04\/Navarra.jpg?resize=220%2C142&amp;ssl=1 220w\" sizes=\"auto, (max-width: 356px) 100vw, 356px\" \/>CENTENARI\u00bb-30\u00aa JORNADA-\u00daLTIMA.<\/strong><\/p>\n<p style=\"text-align: justify\"><em><strong>\u00abLos aficionados verdiblancos acudieron con una docena de pancartas y que esperaron al autocar del\u00a0 Real Betis Balompi\u00e9 a las puertas del campo de f\u00fatbol, para darles la bienvenida. Pancartas de saludo para la afici\u00f3n catalana, para los b\u00e9ticos y para sus directivos\u00bb.<\/strong><\/em><\/p>\n<p style=\"text-align: justify\">\u00abEl colegiado, se\u00f1or Olavarr\u00eda, cort\u00f3 por lo sano con decisi\u00f3n desde el primer momento cualquier dureza y supo imponer su autoridad de forma magn\u00edfica por todos conceptos, imponi\u00e9ndose la caballerosidad que hubo entre unos y otros sobre el terreno de juego del Centenari\u00bb.<\/p>\n<p style=\"text-align: center\"><img data-recalc-dims=\"1\" loading=\"lazy\" decoding=\"async\" class=\"aligncenter size-full wp-image-49105\" src=\"https:\/\/i0.wp.com\/www.manquepierda.com\/historiarealbetis\/files\/2016\/04\/JLOG.jpg?resize=145%2C211&#038;ssl=1\" alt=\"JLOG\" width=\"145\" height=\"211\" \/><\/p>\n<p style=\"text-align: justify\">Arbitr\u00f3 el colegiado Jos\u00e9 Lu\u00eds OLAVARR\u00cdA GONZ\u00c1LEZ (35 a\u00f1os+1 mes+8 d\u00edas)-Natural de Santander (Cantabria), martes 15 de Marzo de 1932.<\/p>\n<figure id=\"attachment_49106\" aria-describedby=\"caption-attachment-49106\" style=\"width: 659px\" class=\"wp-caption aligncenter\"><img data-recalc-dims=\"1\" loading=\"lazy\" decoding=\"async\" class=\"size-full wp-image-49106\" src=\"https:\/\/i0.wp.com\/www.manquepierda.com\/historiarealbetis\/files\/2016\/04\/19670423CFB-0RBB-3.jpg?resize=659%2C447&#038;ssl=1\" alt=\"mmmm\" width=\"659\" height=\"447\" srcset=\"https:\/\/i0.wp.com\/www.manquepierda.com\/historiarealbetis\/files\/2016\/04\/19670423CFB-0RBB-3.jpg?w=659&amp;ssl=1 659w, https:\/\/i0.wp.com\/www.manquepierda.com\/historiarealbetis\/files\/2016\/04\/19670423CFB-0RBB-3.jpg?resize=220%2C149&amp;ssl=1 220w, https:\/\/i0.wp.com\/www.manquepierda.com\/historiarealbetis\/files\/2016\/04\/19670423CFB-0RBB-3.jpg?resize=75%2C52&amp;ssl=1 75w\" sizes=\"auto, (max-width: 659px) 100vw, 659px\" \/><figcaption id=\"caption-attachment-49106\" class=\"wp-caption-text\"><em>\u00abEN BADALONA, EL BETIS GAN\u00d3 LA POSIBILIDAD DE ASCENSO A TRAV\u00c9S DE LA PROMOCI\u00d3N, CON UN BUEN TRIUNFO. UN ATAQUE DE LOS B\u00c9TICOS, CON SUPERIORIDAD DE DEFENSORES DEL EQUIPO COSTE\u00d1O\u00bb<\/em>.-Foto CIFRA-\u00abHoja del Lunes\u00bb-Barcelona 24-04-1967.<\/figcaption><\/figure>\n<p>D\u00c9CIMO CLASIFICADO CON 27 PUNTOS Y MENOS 3 NEGATIVOS.-LOCAL (9g+4e+2p) VISITANTE (2g+1e+12p) 32-40 TANTOS FAVOR-CONTRA.<\/p>\n<p style=\"text-align: center\"><img data-recalc-dims=\"1\" loading=\"lazy\" decoding=\"async\" class=\"aligncenter size-thumbnail wp-image-49107\" src=\"https:\/\/i0.wp.com\/www.manquepierda.com\/historiarealbetis\/files\/2016\/04\/argiles18.jpg?resize=201%2C220&#038;ssl=1\" alt=\"argiles18\" width=\"201\" height=\"220\" srcset=\"https:\/\/i0.wp.com\/www.manquepierda.com\/historiarealbetis\/files\/2016\/04\/argiles18.jpg?resize=201%2C220&amp;ssl=1 201w, https:\/\/i0.wp.com\/www.manquepierda.com\/historiarealbetis\/files\/2016\/04\/argiles18.jpg?w=348&amp;ssl=1 348w\" sizes=\"auto, (max-width: 201px) 100vw, 201px\" \/><\/p>\n<p style=\"text-align: justify\">Entrenador 1966-1967.-Antonio ARGIL\u00c9S Ant\u00f3n (35 a\u00f1os+4 meses+10 d\u00edas)-Natural de Terrassa (Barcelona), domingo 13 de Diciembre de 1931.<\/p>\n<p style=\"text-align: center\"><em>\u00abHablamos despu\u00e9s con Argil\u00e9s, que estaba no disgustado, pero s\u00ed contrariado por el 0-3:<\/em><\/p>\n<p style=\"text-align: justify\"><em><strong>&#8211;Desde luego, si hubiera sido una victoria m\u00ednima hubiera quedado m\u00e1s complacido. Pero hemos de reconocer que el Real Betis Balompi\u00e9 es un gran conjunto, y hoy d\u00eda tal vez sean pocos los equipos que se le puedan presentar en partidos de estas circunstancias con posibilidades de \u00e9xito.<\/strong><\/em><\/p>\n<p style=\"text-align: justify\"><em>&#8211;\u00bfQu\u00e9 te ha gustado m\u00e1s del Betis?<\/em><\/p>\n<p style=\"text-align: justify\"><em><strong>&#8211;Todo el conjunto. Su fuerza y decisi\u00f3n en el disparo. Han sabido jugar y han frenado a los m\u00edos de forma magn\u00edfica. Que nadie dude que ha sido de poder a poder y que hemos hecho cuanto hemos podido\u00bb.<\/strong><\/em><\/p>\n<p style=\"text-align: justify\">Y aqu\u00ed termina nuestra informaci\u00f3n desde Badalona, que, como han podido ver, ha sido bastante pr\u00f3diga.-\u00abCr\u00f3nica telef\u00f3nica especial para \u00abHoja del Lunes\u00bb-Sevilla, 24 de Abril de 1967; por nuestro corresponsal SUVIR\u00c1N.<\/p>\n<p style=\"text-align: center\"><img data-recalc-dims=\"1\" loading=\"lazy\" decoding=\"async\" class=\"aligncenter size-thumbnail wp-image-49108\" src=\"https:\/\/i0.wp.com\/www.manquepierda.com\/historiarealbetis\/files\/2016\/04\/escudo-c.f.-badalona-.jpg?resize=173%2C220&#038;ssl=1\" alt=\"escudo-c.f. badalona\" width=\"173\" height=\"220\" srcset=\"https:\/\/i0.wp.com\/www.manquepierda.com\/historiarealbetis\/files\/2016\/04\/escudo-c.f.-badalona-.jpg?resize=173%2C220&amp;ssl=1 173w, https:\/\/i0.wp.com\/www.manquepierda.com\/historiarealbetis\/files\/2016\/04\/escudo-c.f.-badalona-.jpg?w=303&amp;ssl=1 303w\" sizes=\"auto, (max-width: 173px) 100vw, 173px\" \/><\/p>\n<p style=\"text-align: center\"><strong>CLUB F\u00daTBOL BADALONA-0 TANTOS.<\/strong><\/p>\n<p style=\"text-align: justify\">1-Roberto CASA\u00d1 Chilet <strong>(3 goles encajados); <\/strong>2-Josep FRANCH Xargay.-5-Ignacio MADIR Mota.-3-Jos\u00e9 Guti\u00e9rrez Guirau (a) \u00abPEDR\u00cdN\u00bb; 4-Francisco TORRES Jarque.-6-Jorge GASULL Gen\u00e9; 7-JUAN LU\u00cdS Jim\u00e9nez.-8-Jos\u00e9 Mar\u00eda TAULATS Ju\u00e1rez.-9-Jos\u00e9 VARGAS Delgado.-10-Francisco ROMEA Hernando.-11-Salvador MART\u00cd Llavina.<\/p>\n<p style=\"text-align: center\"><strong>VS.<\/strong><\/p>\n<p style=\"text-align: justify\"><em><strong>SEGUNDO CLASIFICADO CON 40 PUNTOS Y M\u00c1S 10 POSITIVOS (\u00abVILLAMAR\u00cdN\u00bb: 12-GANADOS+1-EMPATADO+2-PERDIDOS; VISITANTE (6-GANADOS+3-EMPATADOS+6-PERDIDOS) 47-GOLES A FAVOR Y 26-TANTOS EN CONTRA.<\/strong><\/em><\/p>\n<p style=\"text-align: justify\"><em><strong>Don Julio Antonio DE LA PUERTA CASTRO-Presidente desde el viernes 27 de Enero de 1967.-Industrial-<img data-recalc-dims=\"1\" loading=\"lazy\" decoding=\"async\" class=\"alignright size-thumbnail wp-image-49109\" src=\"https:\/\/i0.wp.com\/www.manquepierda.com\/historiarealbetis\/files\/2016\/04\/Julio-De-la-Puerta-Castro.jpg?resize=220%2C166&#038;ssl=1\" alt=\"Julio De la Puerta Castro\" width=\"220\" height=\"166\" srcset=\"https:\/\/i0.wp.com\/www.manquepierda.com\/historiarealbetis\/files\/2016\/04\/Julio-De-la-Puerta-Castro.jpg?resize=220%2C166&amp;ssl=1 220w, https:\/\/i0.wp.com\/www.manquepierda.com\/historiarealbetis\/files\/2016\/04\/Julio-De-la-Puerta-Castro.jpg?resize=680%2C512&amp;ssl=1 680w, https:\/\/i0.wp.com\/www.manquepierda.com\/historiarealbetis\/files\/2016\/04\/Julio-De-la-Puerta-Castro.jpg?resize=768%2C578&amp;ssl=1 768w, https:\/\/i0.wp.com\/www.manquepierda.com\/historiarealbetis\/files\/2016\/04\/Julio-De-la-Puerta-Castro.jpg?w=861&amp;ssl=1 861w\" sizes=\"auto, (max-width: 220px) 100vw, 220px\" \/>Ganadero (45 a\u00f1os+9 meses+6 d\u00edas)-Natural de Osuna (Sevilla), domingo 17 de Julio de 1921.-Obituario en Sevilla, viernes 15 de Noviembre de 2002 (81 A\u00f1os+4 meses menos 2 d\u00edas) D. E. P.<\/strong><\/em><\/p>\n<p style=\"text-align: justify\">ENTREVISTADO POR SUVIR\u00c1N CORRESPONSAL \u00abHOJA DEL LUNES\u00bb EN BARCELONA: <em><strong>\u00abPAREC\u00cdA QUE JUG\u00c1BAMOS EN CASA\u00bb.<\/strong><\/em><\/p>\n<p style=\"text-align: justify\">\u00abEl presidente del Betis, don Julio Antonio De la Puerta, cuando lo dejaron libre, pues no cesaba de recibir felicitaciones, recibi\u00f3 la nuestra, y nos dijo en tono de broma:<\/p>\n<p style=\"text-align: justify\"><strong>&#8211;Ya lo ves, hijo. Lo mismo que \u00abEl Cordob\u00e9s\u00bb en la \u00abMaestranza\u00bb, por la puerta grande.<\/strong><\/p>\n<p style=\"text-align: justify\">&#8211;Pero usted ten\u00eda sus temores \u00bfno?<\/p>\n<p style=\"text-align: justify\"><strong>&#8211;La verdad, no mucho. Desde los primeros minutos, cuando se impuso el Betis y dej\u00f3 los nervios, la cosa no ten\u00eda duda, y ha ganado con todos los honores y no se puede discutir en forma alguna su victoria.<\/strong><\/p>\n<p style=\"text-align: justify\">&#8211;Y ahora \u00bfqu\u00e9?<\/p>\n<p style=\"text-align: justify\"><strong>&#8211;Ahora la Promoci\u00f3n. Con el Granada o con el Sevilla. Mi gusto ser\u00eda con el Granada, porque no quisiera jugarla con un equipo de Sevilla, pues soy sevillano y ser\u00eda un trance muy amargo para nosotros. Pero no hay m\u00e1s remedio que aceptar lo que salga en el sorteo.<\/strong><\/p>\n<p style=\"text-align: justify\">&#8211;\u00bfQu\u00e9 impresi\u00f3n ha tenido del p\u00fablico catal\u00e1n?<\/p>\n<p style=\"text-align: justify\"><strong>&#8211;Estoy emocionado, porque desde que llegamos hasta que nos han despedido todo han sido agasajos, obsequios, abrazos. Mientras hemos estado jugando parec\u00edamos que lo hac\u00edamos en nuestra propia casa. No ha habido incidentes y todo ha sido caballerosidad y cortes\u00eda. En fin, que ser\u00e1 muy dif\u00edcil olvidemos esta visita a Barcelona.<\/strong><\/p>\n<p style=\"text-align: justify\">&#8211;As\u00ed, pues, \u00bfqu\u00e9 se le puede decir, se\u00f1or De la Puerta?<\/p>\n<p style=\"text-align: justify\"><strong>&#8211;Pues que nos gustar\u00eda jugar con el Granada Cf, ya que con el Sevilla Cf, la verdad, no es deseable para nosotros\u00bb.<\/strong><\/p>\n<p style=\"text-align: justify\"><img data-recalc-dims=\"1\" loading=\"lazy\" decoding=\"async\" class=\"alignleft size-thumbnail wp-image-49110\" src=\"https:\/\/i0.wp.com\/www.manquepierda.com\/historiarealbetis\/files\/2016\/04\/Entrevista-Guillermo-G%C3%B3mez-1955-NMP-AGA.jpg?resize=175%2C220&#038;ssl=1\" alt=\"Entrevista-Guillermo-G\u00f3mez-1955-NMP-AGA\" width=\"175\" height=\"220\" srcset=\"https:\/\/i0.wp.com\/www.manquepierda.com\/historiarealbetis\/files\/2016\/04\/Entrevista-Guillermo-G%C3%B3mez-1955-NMP-AGA.jpg?resize=175%2C220&amp;ssl=1 175w, https:\/\/i0.wp.com\/www.manquepierda.com\/historiarealbetis\/files\/2016\/04\/Entrevista-Guillermo-G%C3%B3mez-1955-NMP-AGA.jpg?w=335&amp;ssl=1 335w\" sizes=\"auto, (max-width: 175px) 100vw, 175px\" \/>\u00abCuando nos dejaron entrar en las casetas, ya que no hab\u00eda medio, por el bullicio que se form\u00f3 en la cancha, <strong>pudimos hablar con el delegado del Real Betis-Junta Directiva presidente De la Puerta-Tesorero, don Guillermo G\u00d3MEZ ZARRANZ.<\/strong><\/p>\n<p style=\"text-align: justify\">Al felicitarle por el \u00e9xito del equipo nos lo agradeci\u00f3 emocionado. Nos dijo:<\/p>\n<p style=\"text-align: justify\"><em><strong>\u00abQue no hab\u00eda tenido duda de que su equipo, jugando como lo hab\u00eda hecho, lograr\u00eda el triunfo, si bien en los primeros momentos temi\u00f3, pues el Badalona Cf era un enemigo dif\u00edcil. Pero a \u00faltima hora se impuso el Real Betis Balompi\u00e9 y gan\u00f3 por lo menos que debi\u00f3 ganar: 3-0\u00bb. <\/strong><\/em>Termin\u00f3 diciendo: <em><strong>\u00abQue ten\u00eda grandes esperanzas para m\u00e1s adelante. De momento, ahora lo que interesaba al Betis Balompi\u00e9 era clasificarse, y lo ha conseguido con todos los honores\u00bb.<\/strong><\/em><\/p>\n<p style=\"text-align: center\"><img data-recalc-dims=\"1\" loading=\"lazy\" decoding=\"async\" class=\"aligncenter size-thumbnail wp-image-49113\" src=\"https:\/\/i0.wp.com\/www.manquepierda.com\/historiarealbetis\/files\/2016\/04\/Antonio-Barrios-Seoane.jpg?resize=214%2C220&#038;ssl=1\" alt=\"Antonio Barrios Seoane\" width=\"214\" height=\"220\" srcset=\"https:\/\/i0.wp.com\/www.manquepierda.com\/historiarealbetis\/files\/2016\/04\/Antonio-Barrios-Seoane.jpg?resize=214%2C220&amp;ssl=1 214w, https:\/\/i0.wp.com\/www.manquepierda.com\/historiarealbetis\/files\/2016\/04\/Antonio-Barrios-Seoane.jpg?resize=585%2C600&amp;ssl=1 585w, https:\/\/i0.wp.com\/www.manquepierda.com\/historiarealbetis\/files\/2016\/04\/Antonio-Barrios-Seoane.jpg?w=608&amp;ssl=1 608w\" sizes=\"auto, (max-width: 214px) 100vw, 214px\" \/><\/p>\n<p style=\"text-align: justify\"><strong>3\/3 Entrenador-Temporada 1966-1967; 18\u00aa-30\u00aa jornadas-ambas inclusive: Antonio BARRIOS SEOANE (56 a\u00f1os+11 meses+2 d\u00edas)-Natural de Getxo (Vizcaya), s\u00e1bado 21 de Mayo de 1910.-Obituario en San Sebasti\u00e1n (Guip\u00fazcoa), lunes 19 de Agosto de 2002 (92 A\u00f1os+3 meses menos 2 d\u00edas) D. E. P.<\/strong><\/p>\n<p style=\"text-align: center\"><em>\u00abNos fuimos a ver a Barrios, que estaba en un rinc\u00f3n modestamente sentado:<\/em><\/p>\n<p style=\"text-align: justify\"><em>&#8211;\u00bfC\u00f3mo ha sido el partido?<\/em><\/p>\n<p style=\"text-align: justify\"><em><strong>&#8211;Muy tranquilo. Los m\u00edos han jugado y cuando cogen el mando no hay quien los pare. A ra\u00edz del segundo tanto hicimos fosfatina al Badalona, que ha hecho cuanto ha podido y no se le puede pedir m\u00e1s. Ya veremos si tenemos la misma suerte en la promoci\u00f3n\u00bb.<\/strong><\/em><\/p>\n<figure id=\"attachment_49118\" aria-describedby=\"caption-attachment-49118\" style=\"width: 220px\" class=\"wp-caption aligncenter\"><img data-recalc-dims=\"1\" loading=\"lazy\" decoding=\"async\" class=\"size-thumbnail wp-image-49118\" src=\"https:\/\/i0.wp.com\/www.manquepierda.com\/historiarealbetis\/files\/2016\/04\/Escudo-RealBetisBalompi%C3%A91960-1.jpg?resize=220%2C172&#038;ssl=1\" alt=\"mmmm\" width=\"220\" height=\"172\" srcset=\"https:\/\/i0.wp.com\/www.manquepierda.com\/historiarealbetis\/files\/2016\/04\/Escudo-RealBetisBalompi%C3%A91960-1.jpg?resize=220%2C172&amp;ssl=1 220w, https:\/\/i0.wp.com\/www.manquepierda.com\/historiarealbetis\/files\/2016\/04\/Escudo-RealBetisBalompi%C3%A91960-1.jpg?w=600&amp;ssl=1 600w\" sizes=\"auto, (max-width: 220px) 100vw, 220px\" \/><figcaption id=\"caption-attachment-49118\" class=\"wp-caption-text\"><em><strong>REAL BETIS BALOMPI\u00c9-3 GOLES.<\/strong><\/em><\/figcaption><\/figure>\n<p style=\"text-align: justify\"><em>\u00abEn una palabra, que el Betis Balompi\u00e9 dio sensaci\u00f3n de conjunto, de juego y de saber ordanado sus ataques en forma magn\u00edfica\u00bb.<\/em><\/p>\n<p style=\"text-align: center\"><strong>Guardameta:<\/strong><\/p>\n<p style=\"text-align: center\"><img data-recalc-dims=\"1\" loading=\"lazy\" decoding=\"async\" class=\"aligncenter size-thumbnail wp-image-49114\" src=\"https:\/\/i0.wp.com\/www.manquepierda.com\/historiarealbetis\/files\/2016\/04\/Jos%C3%A9Garc%C3%ADaCAMPILLO.jpg?resize=162%2C220&#038;ssl=1\" alt=\"Jos\u00e9Garc\u00edaCAMPILLO\" width=\"162\" height=\"220\" srcset=\"https:\/\/i0.wp.com\/www.manquepierda.com\/historiarealbetis\/files\/2016\/04\/Jos%C3%A9Garc%C3%ADaCAMPILLO.jpg?resize=162%2C220&amp;ssl=1 162w, https:\/\/i0.wp.com\/www.manquepierda.com\/historiarealbetis\/files\/2016\/04\/Jos%C3%A9Garc%C3%ADaCAMPILLO.jpg?resize=441%2C600&amp;ssl=1 441w, https:\/\/i0.wp.com\/www.manquepierda.com\/historiarealbetis\/files\/2016\/04\/Jos%C3%A9Garc%C3%ADaCAMPILLO.jpg?resize=514%2C700&amp;ssl=1 514w, https:\/\/i0.wp.com\/www.manquepierda.com\/historiarealbetis\/files\/2016\/04\/Jos%C3%A9Garc%C3%ADaCAMPILLO.jpg?w=529&amp;ssl=1 529w\" sizes=\"auto, (max-width: 162px) 100vw, 162px\" \/><\/p>\n<p style=\"text-align: justify\"><strong>1-<em>\u00abTuvo poco que hacer y de escaso peligro. Cumpli\u00f3 sin complicaci\u00f3n alguna\u00bb<\/em>.-Jos\u00e9 Garc\u00eda CAMPILLO (34 a\u00f1os+1 mes+7 d\u00edas)-Natural de Guardamar del Segura (Alicante), jueves 16 de Marzo de 1933.-Obituario en Hospital de Torrevieja (Alicante), lunes 09 de Noviembre de 2015 (82 A\u00f1os+8 meses menos 7 d\u00edas) D. E. P.<\/strong><\/p>\n<p style=\"text-align: center\"><strong>Zagueros:<\/strong><\/p>\n<p style=\"text-align: center\"><strong><em>\u00abMuy bien todos, especialmente R\u00cdOS\u00bb.<\/em><\/strong><\/p>\n<p style=\"text-align: justify\"><strong>2-Lateral Diestro.-Francisco GRAU Pla.<\/strong><\/p>\n<p style=\"text-align: justify\"><strong>5-Central.-Eusebio R\u00cdOS Fern\u00e1ndez.<\/strong><\/p>\n<p style=\"text-align: justify\"><strong>3-Lateral Zurdo.-Antonio Manuel Mart\u00ednez Morales (a) \u00abANT\u00d3N\u00bb.<\/strong><\/p>\n<p style=\"text-align: center\"><strong>Medios:<\/strong><\/p>\n<p style=\"text-align: center\"><strong><em>\u00abGustaron enormemente\u00bb.<\/em><\/strong><\/p>\n<p style=\"text-align: justify\"><strong>4-Diestro.-Francisco Ort\u00edz V\u00e1zquez (a) \u00abFRASCO\u00bb.<\/strong><\/p>\n<p style=\"text-align: justify\"><strong>6-Zurdo.-Francisco APARICIO Rambal.<\/strong><\/p>\n<p style=\"text-align: center\"><strong>Delanteros:<\/strong><\/p>\n<p style=\"text-align: justify\"><strong><em>\u00abLos avances de Rogelio y Macario fueron siempre de gran peligro. Los interiores tambi\u00e9n estuvieron en todo momento a punto, y siempre con el gatillo levantado\u00bb.<\/em><\/strong><\/p>\n<p style=\"text-align: center\"><img data-recalc-dims=\"1\" loading=\"lazy\" decoding=\"async\" class=\"aligncenter size-thumbnail wp-image-49116\" src=\"https:\/\/i0.wp.com\/www.manquepierda.com\/historiarealbetis\/files\/2016\/04\/MACARIO-Manuel-P%C3%A9rez-Orihuela.jpg?resize=164%2C220&#038;ssl=1\" alt=\"MACARIO-Manuel P\u00e9rez Orihuela\" width=\"164\" height=\"220\" srcset=\"https:\/\/i0.wp.com\/www.manquepierda.com\/historiarealbetis\/files\/2016\/04\/MACARIO-Manuel-P%C3%A9rez-Orihuela.jpg?resize=164%2C220&amp;ssl=1 164w, https:\/\/i0.wp.com\/www.manquepierda.com\/historiarealbetis\/files\/2016\/04\/MACARIO-Manuel-P%C3%A9rez-Orihuela.jpg?w=395&amp;ssl=1 395w\" sizes=\"auto, (max-width: 164px) 100vw, 164px\" \/><\/p>\n<p style=\"text-align: justify\"><em><strong>*0-2.-47 1\/2 minutos.-\u00abRealmente sensacional, en avance por la derecha, con chut por alto imponente que se col\u00f3 por el mismo \u00e1ngulo superior de la escuadra. El pase lleg\u00f3 de Pepe Gonz\u00e1lez en corto y fue tambi\u00e9n muy preciso\u00bb.<\/strong><\/em><\/p>\n<p style=\"text-align: justify\"><strong>7-Extremo Diestro.-Manuel P\u00e9rez Orihuela (a) \u00abMACARIO\u00bb (23 a\u00f1os+3 meses+22 d\u00edas)-Natural de Rociana del Condado (Huelva), s\u00e1bado 1\u00ba de Enero de 1944.-Leyenda Viva Verdiblanca (72 A\u00f1os+3 meses+22 d\u00edas)*<\/strong><\/p>\n<p style=\"text-align: center\"><img data-recalc-dims=\"1\" loading=\"lazy\" decoding=\"async\" class=\"aligncenter size-thumbnail wp-image-49117\" src=\"https:\/\/i0.wp.com\/www.manquepierda.com\/historiarealbetis\/files\/2016\/04\/Jos%C3%A9GONZ%C3%81LEZgonz%C3%A1lez.jpg?resize=212%2C220&#038;ssl=1\" alt=\"Jos\u00e9GONZ\u00c1LEZgonz\u00e1lez\" width=\"212\" height=\"220\" srcset=\"https:\/\/i0.wp.com\/www.manquepierda.com\/historiarealbetis\/files\/2016\/04\/Jos%C3%A9GONZ%C3%81LEZgonz%C3%A1lez.jpg?resize=212%2C220&amp;ssl=1 212w, https:\/\/i0.wp.com\/www.manquepierda.com\/historiarealbetis\/files\/2016\/04\/Jos%C3%A9GONZ%C3%81LEZgonz%C3%A1lez.jpg?w=578&amp;ssl=1 578w\" sizes=\"auto, (max-width: 212px) 100vw, 212px\" \/><\/p>\n<p style=\"text-align: justify\"><em><strong>*0-3.-75 minutos.-\u00abCuando estaba pr\u00e1cticamente barrido el Cf Badalona, muy bonito tambi\u00e9n batiendo a Casa\u00f1 a pase de \u00abMacario\u00bb.<\/strong><\/em><\/p>\n<p style=\"text-align: justify\"><strong>8-Interior Diestro.-Jos\u00e9 GONZ\u00c1LEZ Gonz\u00e1lez (a) \u00abPepe Gonz\u00e1lez\u00bb (21 a\u00f1os+4 meses+17 d\u00edas)-Natural de Tocina (Sevilla), jueves 06 de Diciembre de 1945.-Leyenda Viva Verdiblanca (70 A\u00f1os+4 meses+17 d\u00edas)*<\/strong><\/p>\n<p style=\"text-align: justify\"><strong>9-Centro Delantero-Ariete.-DEMETRIO Oliver S\u00e1nchez.<\/strong><\/p>\n<p style=\"text-align: center\"><img data-recalc-dims=\"1\" loading=\"lazy\" decoding=\"async\" class=\"aligncenter size-thumbnail wp-image-49115\" src=\"https:\/\/i0.wp.com\/www.manquepierda.com\/historiarealbetis\/files\/2016\/04\/Antonio-PALLAR%C3%89S-Huertas.jpg?resize=148%2C220&#038;ssl=1\" alt=\"Antonio PALLAR\u00c9S Huertas\" width=\"148\" height=\"220\" srcset=\"https:\/\/i0.wp.com\/www.manquepierda.com\/historiarealbetis\/files\/2016\/04\/Antonio-PALLAR%C3%89S-Huertas.jpg?resize=148%2C220&amp;ssl=1 148w, https:\/\/i0.wp.com\/www.manquepierda.com\/historiarealbetis\/files\/2016\/04\/Antonio-PALLAR%C3%89S-Huertas.jpg?w=200&amp;ssl=1 200w\" sizes=\"auto, (max-width: 148px) 100vw, 148px\" \/><\/p>\n<p style=\"text-align: justify\"><em><strong>*0-1.-37 minutos.-\u00abEn un avance por la derecha, chut archisuperior dur\u00edsimo fusilando a Roberto Casa\u00f1, tras pase de Rogelio; no se puede discutir en forma alguna, ya que su nitidez fue magn\u00edfica y de gran belleza\u00bb.<\/strong><\/em><\/p>\n<p style=\"text-align: justify\"><strong>10-Interior Zurdo.-Antonio PALLAR\u00c9S Huertas (26 a\u00f1os+4 meses menos 18 d\u00edas)-Natural de Alicante, jueves 05 de Diciembre de 1940.-Leyenda Viva Verdiblanca (75 A\u00f1os+4 meses menos 18 d\u00edas)*<\/strong><\/p>\n<p style=\"text-align: justify\"><strong>11-Extremo Zurdo.-ROGELIO Sosa Ram\u00edrez.<\/strong><\/p>\n<p style=\"text-align: justify\">\n","protected":false},"excerpt":{"rendered":"<p>XXXVI EDICI\u00d3N-CAMPEONATO NACIONAL SEGUNDA DIVISI\u00d3N-GRUPO II-TEMPORADA 1966-1967 DESDE DOMINGO 11 DE SEPTIEMBRE DE 1966 HASTA DOMINGO 25 DE JUNIO DE 1967-AMBAS FECHAS INCLUSIVE. 1967-ABRIL 23-DOMINGO EN LA \u00abAVENIDA DE NAVARRA\u00bb DE BADALONA-\u00abCAMPO DEL CENTENARI\u00bb-30\u00aa JORNADA-\u00daLTIMA. \u00abLos aficionados verdiblancos acudieron con una docena de pancartas y que esperaron al autocar del\u00a0 Real Betis Balompi\u00e9 a las&#8230;<\/p>\n","protected":false},"author":48,"featured_media":49106,"comment_status":"open","ping_status":"open","sticky":false,"template":"","format":"standard","meta":{"_kad_post_transparent":"","_kad_post_title":"","_kad_post_layout":"","_kad_post_sidebar_id":"","_kad_post_content_style":"","_kad_post_vertical_padding":"","_kad_post_feature":"","_kad_post_feature_position":"","_kad_post_header":false,"_kad_post_footer":false,"_kad_post_classname":"","_jetpack_memberships_contains_paid_content":false,"footnotes":"","jetpack_publicize_message":"","jetpack_publicize_feature_enabled":true,"jetpack_social_post_already_shared":true,"jetpack_social_options":{"image_generator_settings":{"template":"highway","default_image_id":0,"font":"","enabled":false},"version":2}},"categories":[902,1],"tags":[2224,1247,9559,17874],"class_list":["post-49101","post","type-post","status-publish","format-standard","has-post-thumbnail","hentry","category-1960-1969","category-portada","tag-1966-67","tag-1247","tag-badalona-fc","tag-liga-segunda-1966-67"],"jetpack_publicize_connections":[],"jetpack_featured_media_url":"https:\/\/i0.wp.com\/www.manquepierda.com\/historiarealbetis\/files\/2016\/04\/19670423CFB-0RBB-3.jpg?fit=659%2C447&ssl=1","jetpack_sharing_enabled":true,"jetpack_shortlink":"https:\/\/wp.me\/p1ij08-cLX","jetpack-related-posts":[],"_links":{"self":[{"href":"https:\/\/www.manquepierda.com\/historiarealbetis\/wp-json\/wp\/v2\/posts\/49101","targetHints":{"allow":["GET"]}}],"collection":[{"href":"https:\/\/www.manquepierda.com\/historiarealbetis\/wp-json\/wp\/v2\/posts"}],"about":[{"href":"https:\/\/www.manquepierda.com\/historiarealbetis\/wp-json\/wp\/v2\/types\/post"}],"author":[{"embeddable":true,"href":"https:\/\/www.manquepierda.com\/historiarealbetis\/wp-json\/wp\/v2\/users\/48"}],"replies":[{"embeddable":true,"href":"https:\/\/www.manquepierda.com\/historiarealbetis\/wp-json\/wp\/v2\/comments?post=49101"}],"version-history":[{"count":1,"href":"https:\/\/www.manquepierda.com\/historiarealbetis\/wp-json\/wp\/v2\/posts\/49101\/revisions"}],"predecessor-version":[{"id":98214,"href":"https:\/\/www.manquepierda.com\/historiarealbetis\/wp-json\/wp\/v2\/posts\/49101\/revisions\/98214"}],"wp:featuredmedia":[{"embeddable":true,"href":"https:\/\/www.manquepierda.com\/historiarealbetis\/wp-json\/wp\/v2\/media\/49106"}],"wp:attachment":[{"href":"https:\/\/www.manquepierda.com\/historiarealbetis\/wp-json\/wp\/v2\/media?parent=49101"}],"wp:term":[{"taxonomy":"category","embeddable":true,"href":"https:\/\/www.manquepierda.com\/historiarealbetis\/wp-json\/wp\/v2\/categories?post=49101"},{"taxonomy":"post_tag","embeddable":true,"href":"https:\/\/www.manquepierda.com\/historiarealbetis\/wp-json\/wp\/v2\/tags?post=49101"}],"curies":[{"name":"wp","href":"https:\/\/api.w.org\/{rel}","templated":true}]}}